{"id":18913,"date":"2021-06-04T07:29:15","date_gmt":"2021-06-04T05:29:15","guid":{"rendered":"https:\/\/www.ades-grenoble.org\/wordpress\/?p=18913"},"modified":"2021-06-04T08:08:48","modified_gmt":"2021-06-04T06:08:48","slug":"garantir-le-financement-des-missions-de-service-public-de-la-poste","status":"publish","type":"post","link":"https:\/\/www.ades-grenoble.org\/wordpress\/2021\/06\/04\/garantir-le-financement-des-missions-de-service-public-de-la-poste\/","title":{"rendered":"Garantir le financement des missions de service public de la Poste"},"content":{"rendered":"\n<div class=\"wp-block-image is-style-default\"><figure class=\"alignleft size-large\"><img loading=\"lazy\" decoding=\"async\" width=\"260\" height=\"198\" src=\"https:\/\/www.ades-grenoble.org\/wordpress\/wp-content\/uploads\/2015\/10\/la-poste.jpg\" alt=\"\" class=\"wp-image-10804\" srcset=\"https:\/\/www.ades-grenoble.org\/wordpress\/wp-content\/uploads\/2015\/10\/la-poste.jpg 260w, https:\/\/www.ades-grenoble.org\/wordpress\/wp-content\/uploads\/2015\/10\/la-poste-150x114.jpg 150w\" sizes=\"auto, (max-width: 260px) 100vw, 260px\" \/><\/figure><\/div>\n\n\n\n<p>Suite au d\u00e9p\u00f4t du <a href=\"https:\/\/www.economie.gouv.fr\/files\/files\/2021\/Rapport_final_Jean_Launay_27052021.pdf\" target=\"_blank\" rel=\"noreferrer noopener\">rapport Launay sur l&rsquo;avenir du service postal universel <\/a>remis au gouvernement le 28 mai, l&rsquo;Association des maires de France demande \u00e0 l&rsquo;\u00c9tat de respecter ses engagements financiers. Au-del\u00e0 de la distribution du courrier, il y a la question de la mission d&rsquo;am\u00e9nagement du territoire de La Poste\u00a0(maintien du maillage territorial)\u00a0dont le financement est durement affect\u00e9 par la r\u00e9forme des imp\u00f4ts de production.<\/p>\n\n\n\n<p>Ces constats rejoignent ce qui se passe \u00e0 Grenoble et dans l\u2019agglom\u00e9ration avec les fermetures programm\u00e9es des bureaux de poste et la perte du service de proximit\u00e9 pourtant indispensable pour de nombreuses activit\u00e9s de la vie quotidienne. Le collectif <em>j\u2019aime ma Poste, <\/em>dont l\u2019ADES fait partie<em>, <\/em>poursuit ses mobilisations avec les habitants les syndicats et les \u00e9lu-es pour emp\u00eacher la direction de la Poste de poursuivre ses fermetures.<\/p>\n\n\n\n<!--more-->\n\n\n\n<p><em>\u00ab&nbsp;La distribution du courrier et des colis, partout et \u00e0 un prix abordable pour tous, est l\u2019une des missions essentielles de service public confi\u00e9e \u00e0 La Poste et \u00e0 laquelle les Fran\u00e7ais sont tr\u00e8s attach\u00e9s. L\u2019\u00e9volution de son mod\u00e8le \u00e9conomique doit imp\u00e9rativement pr\u00e9server son ancrage territorial unique qui fait de La Poste la plus dense implantation du service public derri\u00e8re celle des mairies.<\/em><\/p>\n\n\n\n<p><em>Face \u00e0 une baisse historique du volume de courriers dans un environnement num\u00e9rique qui s\u2019acc\u00e9l\u00e8re, l\u2019AMF partage la recommandation du rapporteur de rechercher, sans plus attendre, les moyens financiers pour permettre \u00e0 La Poste d\u2019assurer pleinement cette mission dont le d\u00e9ficit se creuse un peu plus chaque ann\u00e9e pour atteindre plus d\u2019un milliard d\u2019euros en 2020, qui n\u2019a pas encore \u00e9t\u00e9 compens\u00e9.&nbsp;<\/em><\/p>\n\n\n\n<p><em>L\u2019AMF attend \u00e9galement de l\u2019Etat qu\u2019il s\u2019engage, dans la prochaine loi de finances rectificative pour 2021, \u00e0 garantir les ressources du fonds postal national de p\u00e9r\u00e9quation territorial \u00e0 hauteur de 174 millions d\u2019euros pour compenser la baisse des imp\u00f4ts de production dont l\u2019impact direct est n\u00e9gatif sur le financement de la mission d\u2019am\u00e9nagement du territoire confi\u00e9e \u00e0 La Poste.<\/em><\/p>\n\n\n\n<p><em>Pour garantir le financement de cette mission, le recours \u00e9ventuel \u00e0 l\u2019augmentation du montant de l\u2019abattement sur les bases d\u2019imposition de la taxe fonci\u00e8re sur les immeubles de La Poste est \u00e0 juste titre \u00e9cart\u00e9 par le rapport, car cela reviendrait \u00e0 faire porter aux collectivit\u00e9s le co\u00fbt de la compensation \u00e0 la charge de l\u2019Etat.<\/em><\/p>\n\n\n\n<p><em>Enfin, la crise sanitaire a d\u00e9montr\u00e9 que les attentes des Fran\u00e7ais envers La Poste restaient fortes \u00e0 travers notamment le versement des prestations sociales et la distribution des journaux quotidiens. Le rapporteur insiste sur le \u00ab&nbsp;besoin ardent&nbsp;\u00bb exprim\u00e9 par les \u00e9lus pour que l\u2019Etat donne les moyens \u00e0 La Poste de continuer d\u2019assurer ces services.<\/em><\/p>\n\n\n\n<p><em>Les missions de service public de La Poste ont un avenir.&nbsp; L\u2019Etat doit respecter son engagement \u00e0 les soutenir et les garantir au plus vite.&nbsp;\u00bb<\/em><\/p>\n\n\n\n<p>Pour lire la position de l\u2019association des maires de France\u00a0voir <a rel=\"noreferrer noopener\" href=\"https:\/\/www.amf.asso.fr\/documents-garantir-financement-missions-service-public-la-poste\/40771\" target=\"_blank\">ici<\/a>.<\/p>\n","protected":false},"excerpt":{"rendered":"<p>Suite au d\u00e9p\u00f4t du rapport Launay sur l&rsquo;avenir du service postal universel remis au gouvernement le 28 mai, l&rsquo;Association des maires de France demande \u00e0 l&rsquo;\u00c9tat de respecter ses engagements financiers. Au-del\u00e0 de la distribution du courrier, il y a la question de la mission d&rsquo;am\u00e9nagement du territoire de La Poste\u00a0(maintien du maillage territorial)\u00a0dont le [&hellip;]<\/p>\n","protected":false},"author":1,"featured_media":0,"comment_status":"closed","ping_status":"open","sticky":false,"template":"","format":"standard","meta":{"twitterCardType":"","cardImageID":0,"cardImage":"","cardTitle":"","cardDesc":"","cardImageAlt":"","cardPlayer":"","cardPlayerWidth":0,"cardPlayerHeight":0,"cardPlayerStream":"","cardPlayerCodec":"","footnotes":""},"categories":[62,11],"tags":[138,252,44],"class_list":["post-18913","post","type-post","status-publish","format-standard","hentry","category-le-rouge-le-vert-hebdo","category-politique-locale","tag-finances","tag-maire","tag-services-publics"],"_links":{"self":[{"href":"https:\/\/www.ades-grenoble.org\/wordpress\/wp-json\/wp\/v2\/posts\/18913","targetHints":{"allow":["GET"]}}],"collection":[{"href":"https:\/\/www.ades-grenoble.org\/wordpress\/wp-json\/wp\/v2\/posts"}],"about":[{"href":"https:\/\/www.ades-grenoble.org\/wordpress\/wp-json\/wp\/v2\/types\/post"}],"author":[{"embeddable":true,"href":"https:\/\/www.ades-grenoble.org\/wordpress\/wp-json\/wp\/v2\/users\/1"}],"replies":[{"embeddable":true,"href":"https:\/\/www.ades-grenoble.org\/wordpress\/wp-json\/wp\/v2\/comments?post=18913"}],"version-history":[{"count":1,"href":"https:\/\/www.ades-grenoble.org\/wordpress\/wp-json\/wp\/v2\/posts\/18913\/revisions"}],"predecessor-version":[{"id":18914,"href":"https:\/\/www.ades-grenoble.org\/wordpress\/wp-json\/wp\/v2\/posts\/18913\/revisions\/18914"}],"wp:attachment":[{"href":"https:\/\/www.ades-grenoble.org\/wordpress\/wp-json\/wp\/v2\/media?parent=18913"}],"wp:term":[{"taxonomy":"category","embeddable":true,"href":"https:\/\/www.ades-grenoble.org\/wordpress\/wp-json\/wp\/v2\/categories?post=18913"},{"taxonomy":"post_tag","embeddable":true,"href":"https:\/\/www.ades-grenoble.org\/wordpress\/wp-json\/wp\/v2\/tags?post=18913"}],"curies":[{"name":"wp","href":"https:\/\/api.w.org\/{rel}","templated":true}]}}