{"id":18938,"date":"2021-06-11T08:48:03","date_gmt":"2021-06-11T06:48:03","guid":{"rendered":"https:\/\/www.ades-grenoble.org\/wordpress\/?p=18938"},"modified":"2021-06-11T09:38:38","modified_gmt":"2021-06-11T07:38:38","slug":"diverses-actualites-37","status":"publish","type":"post","link":"https:\/\/www.ades-grenoble.org\/wordpress\/2021\/06\/11\/diverses-actualites-37\/","title":{"rendered":"Diverses actualit\u00e9s"},"content":{"rendered":"\n<div class=\"wp-block-image is-style-rounded\"><figure class=\"alignleft size-large\"><img loading=\"lazy\" decoding=\"async\" width=\"400\" height=\"222\" src=\"https:\/\/www.ades-grenoble.org\/wordpress\/wp-content\/uploads\/2020\/11\/crieur.jpg\" alt=\"\" class=\"wp-image-18106\" srcset=\"https:\/\/www.ades-grenoble.org\/wordpress\/wp-content\/uploads\/2020\/11\/crieur.jpg 400w, https:\/\/www.ades-grenoble.org\/wordpress\/wp-content\/uploads\/2020\/11\/crieur-150x83.jpg 150w, https:\/\/www.ades-grenoble.org\/wordpress\/wp-content\/uploads\/2020\/11\/crieur-300x167.jpg 300w\" sizes=\"auto, (max-width: 400px) 100vw, 400px\" \/><\/figure><\/div>\n\n\n\n<p><strong><a href=\"https:\/\/www.legifrance.gouv.fr\/jorf\/id\/JORFTEXT000043618403\" target=\"_blank\" rel=\"noreferrer noopener\">D\u00e9cret pr\u00e9cisant les nouvelles mesures de gestion de la crise sanitaire<\/a>. <\/strong>A partir du 9 juin, couvre-feu repouss\u00e9 \u00e0 23h, possibilit\u00e9s \u00e9largies d&rsquo;accueil dans les \u00e9tablissements recevant du public\u2026 et instauration du <strong>pass sanitaire<\/strong> pour les \u00e9v\u00e9nements de plus de 1.000 personnes.<\/p>\n\n\n\n<hr class=\"wp-block-separator\"\/>\n\n\n\n<p><strong>R\u00e9vision du projet r\u00e9gional de sant\u00e9. <\/strong><a rel=\"noreferrer noopener\" href=\"https:\/\/www.legifrance.gouv.fr\/jorf\/id\/JORFTEXT000043596780?r=5hf46kM7tR\" target=\"_blank\">Un\u00a0d\u00e9cret du 3 juin 2021<\/a> simplifie les conditions de r\u00e9vision des documents constituant le projet r\u00e9gional de sant\u00e9 (PRS) \u2013 cadre d&rsquo;orientation strat\u00e9gique (COS), sch\u00e9ma r\u00e9gional de sant\u00e9 (SRS) et programme r\u00e9gional relatif \u00e0 l&rsquo;acc\u00e8s \u00e0 la pr\u00e9vention et aux soins des personnes les plus d\u00e9munies (Praps) \u2013 et en am\u00e9liore la lisibilit\u00e9.<\/p>\n\n\n\n<hr class=\"wp-block-separator\"\/>\n\n\n\n<p><strong><a rel=\"noreferrer noopener\" href=\"https:\/\/www.legifrance.gouv.fr\/download\/file\/pdf\/cir_45179\/CIRC\" target=\"_blank\">Instruction gouvernementale<\/a> relative \u00e0 la mise en \u0153uvre des exp\u00e9rimentations engag\u00e9es sur le fondement du quatri\u00e8me alin\u00e9a de l\u2019article 72 de la Constitution.<\/strong> La loi organique du 19 avril 2021 a assoupli le cadre des exp\u00e9rimentations locales. De quoi encourager les collectivit\u00e9s \u00e0 se lancer dans des innovations juridiques. Des guichets, qui seront prochainement install\u00e9s dans les pr\u00e9fectures, vont recueillir leurs propositions.<\/p>\n\n\n\n<hr class=\"wp-block-separator\"\/>\n\n\n\n<p><strong><a rel=\"noreferrer noopener\" href=\"https:\/\/www.cnil.fr\/fr\/publication-du-referentiel-relatif-la-gestion-locative\" target=\"_blank\">R\u00e9f\u00e9rentiel sur la gestion locative de la CNIL<\/a>\u00a0: <em>relatif aux traitements de donn\u00e9es \u00e0 caract\u00e8re personnel mis en \u0153uvre dans le cadre de la gestion locative<\/em>. <\/strong>Il s&rsquo;adresse aux\u00a0personnes physiques ou morales mettant en location, \u00e0 titre professionnel, un local \u00e0 usage d&rsquo;habitation ou \u00e0 usage mixte et qui couvre l&rsquo;ensemble des traitements mis en \u0153uvre pendant toute la dur\u00e9e d&rsquo;un contrat de bail.<\/p>\n","protected":false},"excerpt":{"rendered":"<p>D\u00e9cret pr\u00e9cisant les nouvelles mesures de gestion de la crise sanitaire. A partir du 9 juin, couvre-feu repouss\u00e9 \u00e0 23h, possibilit\u00e9s \u00e9largies d&rsquo;accueil dans les \u00e9tablissements recevant du public\u2026 et instauration du pass sanitaire pour les \u00e9v\u00e9nements de plus de 1.000 personnes. R\u00e9vision du projet r\u00e9gional de sant\u00e9. Un\u00a0d\u00e9cret du 3 juin 2021 simplifie les [&hellip;]<\/p>\n","protected":false},"author":1,"featured_media":0,"comment_status":"closed","ping_status":"open","sticky":false,"template":"","format":"standard","meta":{"twitterCardType":"","cardImageID":0,"cardImage":"","cardTitle":"","cardDesc":"","cardImageAlt":"","cardPlayer":"","cardPlayerWidth":0,"cardPlayerHeight":0,"cardPlayerStream":"","cardPlayerCodec":"","footnotes":""},"categories":[62,11],"tags":[259,311,66,99],"class_list":["post-18938","post","type-post","status-publish","format-standard","hentry","category-le-rouge-le-vert-hebdo","category-politique-locale","tag-constitution","tag-donnees","tag-logement","tag-sante"],"_links":{"self":[{"href":"https:\/\/www.ades-grenoble.org\/wordpress\/wp-json\/wp\/v2\/posts\/18938","targetHints":{"allow":["GET"]}}],"collection":[{"href":"https:\/\/www.ades-grenoble.org\/wordpress\/wp-json\/wp\/v2\/posts"}],"about":[{"href":"https:\/\/www.ades-grenoble.org\/wordpress\/wp-json\/wp\/v2\/types\/post"}],"author":[{"embeddable":true,"href":"https:\/\/www.ades-grenoble.org\/wordpress\/wp-json\/wp\/v2\/users\/1"}],"replies":[{"embeddable":true,"href":"https:\/\/www.ades-grenoble.org\/wordpress\/wp-json\/wp\/v2\/comments?post=18938"}],"version-history":[{"count":3,"href":"https:\/\/www.ades-grenoble.org\/wordpress\/wp-json\/wp\/v2\/posts\/18938\/revisions"}],"predecessor-version":[{"id":18941,"href":"https:\/\/www.ades-grenoble.org\/wordpress\/wp-json\/wp\/v2\/posts\/18938\/revisions\/18941"}],"wp:attachment":[{"href":"https:\/\/www.ades-grenoble.org\/wordpress\/wp-json\/wp\/v2\/media?parent=18938"}],"wp:term":[{"taxonomy":"category","embeddable":true,"href":"https:\/\/www.ades-grenoble.org\/wordpress\/wp-json\/wp\/v2\/categories?post=18938"},{"taxonomy":"post_tag","embeddable":true,"href":"https:\/\/www.ades-grenoble.org\/wordpress\/wp-json\/wp\/v2\/tags?post=18938"}],"curies":[{"name":"wp","href":"https:\/\/api.w.org\/{rel}","templated":true}]}}