{"id":18947,"date":"2021-06-11T09:08:50","date_gmt":"2021-06-11T07:08:50","guid":{"rendered":"https:\/\/www.ades-grenoble.org\/wordpress\/?p=18947"},"modified":"2021-06-11T09:39:00","modified_gmt":"2021-06-11T07:39:00","slug":"le-lagopede-alpin-naurait-pas-du-etre-chasse-le-tribunal-administratif-donne-raison-a-la-lpo","status":"publish","type":"post","link":"https:\/\/www.ades-grenoble.org\/wordpress\/2021\/06\/11\/le-lagopede-alpin-naurait-pas-du-etre-chasse-le-tribunal-administratif-donne-raison-a-la-lpo\/","title":{"rendered":"Le lagop\u00e8de alpin n&rsquo;aurait pas d\u00fb \u00eatre chass\u00e9, le tribunal administratif donne raison \u00e0 la LPO"},"content":{"rendered":"\n<div class=\"wp-block-image is-style-default\"><figure class=\"alignleft size-large\"><img loading=\"lazy\" decoding=\"async\" width=\"380\" height=\"259\" src=\"https:\/\/www.ades-grenoble.org\/wordpress\/wp-content\/uploads\/2021\/06\/lagopede.jpg\" alt=\"\" class=\"wp-image-18948\" srcset=\"https:\/\/www.ades-grenoble.org\/wordpress\/wp-content\/uploads\/2021\/06\/lagopede.jpg 380w, https:\/\/www.ades-grenoble.org\/wordpress\/wp-content\/uploads\/2021\/06\/lagopede-300x204.jpg 300w, https:\/\/www.ades-grenoble.org\/wordpress\/wp-content\/uploads\/2021\/06\/lagopede-150x102.jpg 150w\" sizes=\"auto, (max-width: 380px) 100vw, 380px\" \/><\/figure><\/div>\n\n\n\n<p><a href=\"https:\/\/auvergne-rhone-alpes.lpo.fr\/Lagopede-alpin-nouvelle-victoire-de-la-LPO-contre-la-chasse-des-oiseaux-en\" target=\"_blank\" rel=\"noreferrer noopener\">La Ligue pour la Protection des Oiseaux (LPO Auvergne-Rh\u00f4ne-Alpes)<\/a> a obtenu du tribunal administratif de Grenoble, deux jugements annulant des arr\u00eat\u00e9s pr\u00e9fectoraux qui ont autoris\u00e9 la chasse du lagop\u00e8de alpin en 2020 dans les d\u00e9partements de la Haute-Savoie et de l&rsquo;Is\u00e8re.<br>Le communiqu\u00e9 du 3 juin 20 de la LPO\u00a0:<\/p>\n\n\n\n<p><em>\u00ab\u00a0Le tribunal administratif de Grenoble a rendu deux jugements, en date du 29 avril 2021, en faveur de la protection du lagop\u00e8de alpin.<\/em><\/p>\n\n\n\n<p><em>Ces jugements sont conformes aux deux r\u00e9f\u00e9r\u00e9s suspension du 16 novembre 2020.<\/em><\/p>\n\n\n\n<p><em>En Haute-Savoie, le tribunal administratif rappelle que le lagop\u00e8de alpin se trouve dans un \u00e9tat de conservation d\u00e9favorable et que le pr\u00e9fet a commis une erreur manifeste d\u2019appr\u00e9ciation en autorisant sa chasse sur le territoire \u00ab\u00a0Pr\u00e9alpes du Nord\u00a0\u00bb, alors que l\u2019indice de reproduction est inf\u00e9rieur \u00e0 0,4.<\/em><\/p>\n\n\n\n<p><em>Pour l&rsquo;Is\u00e8re, l&rsquo;annulation est partielle. En effet, le tribunal n&rsquo;a pas suivi les conclusions du rapporteur public qui soutenaient l&rsquo;annulation totale de l&rsquo;arr\u00eat\u00e9.<\/em><\/p>\n\n\n\n<!--more-->\n\n\n\n<p><em>La LPO Auvergne-Rh\u00f4ne-Alpes avait demand\u00e9 pour le territoire \u00ab\u00a0Massif des Alpes du Nord Orientales\u00a0\u00bb la communication des donn\u00e9es brutes des comptages effectu\u00e9s par les chasseurs, estimant qu&rsquo;elles \u00e9taient sujettes \u00e0 critique. Ces donn\u00e9es ne lui ont pas \u00e9t\u00e9 communiqu\u00e9es par l&rsquo;administration.<\/em><\/p>\n\n\n\n<p><em>Pour Marie-Paule de Thiersant, Pr\u00e9sidente de la LPO AuRA : \u00ab\u00a0Ces deux jugements, en r\u00e9f\u00e9r\u00e9 et sur le fond, sont maintenant sur les bureaux de MM les pr\u00e9fets des trois d\u00e9partements de la Savoie, de la Haute-Savoie et de l&rsquo;Is\u00e8re pour arr\u00eater d\u00e9finitivement la chasse du lagop\u00e8de alpin dans les Alpes du Nord.<\/em><\/p>\n\n\n\n<p><em>La LPO AuRA continuera son combat si la chasse devait \u00eatre \u00e0 nouveau autoris\u00e9e en 2021. Elle demandera la communication de toutes les donn\u00e9es brutes des comptages effectu\u00e9s par les chasseurs et fera faire des analyses statistiques par des scientifiques ind\u00e9pendants.\u00a0\u00bb<\/em><\/p>\n\n\n\n<p>Jugement pour la Haute-Savoie <a href=\"https:\/\/418tl.r.a.d.sendibm1.com\/mk\/cl\/f\/ClE7dG2eeWRYC-SUXSJfTNwlZZMQ3Baz44zZDiLcEaciMp9xP5UxDFs5t6xnqCnvvM-V2A4Drx_LV9YUcL2mst-uTEslJPWC08FCdpRSvWlLD50SVmDeHNjTFND5A6iChVS8jqjhuGUXyLFRNsyvJg6DdF7-scvqSlLNgIPwUXC5Tzvy5ffY6msSyPFeYEQme1uzTvjsKVnvhrFWPRJhEFt0VEQ4Ib9rSV6vzA4iGhb-m8pZQsZTEGSbzsQm6TodmCvghbSMZnYIFAs7LvPRFvm4FvAwJJkEp6FL7d8Zj5zs9VsP7ksDmsBwqrI1XxmYnN3bDOex\" target=\"_blank\" rel=\"noreferrer noopener\">ici<\/a>.<\/p>\n\n\n\n<p>Jugement pour l&rsquo;Is\u00e8re <a rel=\"noreferrer noopener\" href=\"https:\/\/418tl.r.a.d.sendibm1.com\/mk\/cl\/f\/yYgvJWXRTMkFdDolAH3YO8WN8ddjU4GJDoDs14BliUNgy8azVTEpY69Kzw1mBZIgtw3kZQJLskvKKQqsRnVPqyt7MQIgA_wjNrtN080_cC_JMyiWm9OnQTCx5prwFe5cVMvzHUsPGVTG8vbgzcwuqOMwadgoQqxYe_U0LIARAdu6kS8yY_UFffYXVCOV_GWcREaLRwW5Sn0w6Ti3JX3gZ98M02L1P2I8vIaDZyutFZl07syfhwyWFwiBWSkmgLAb_apjuAWCmOeWDP2bqfktBgGzuUHxevhAW_uqe8IrfDbL3KqWszYh9pxMGnM_btos5oEJGWHJ\" target=\"_blank\">l\u00e0<\/a>.<\/p>\n\n\n\n<p>Enqu\u00eate participative&nbsp;; sauvons les \u00e9cureuils et les h\u00e9rissons de la m\u00e9tropole grenobloise\u202f!<\/p>\n\n\n\n<figure class=\"wp-block-table\"><table><tbody><tr><td>Dans le cadre du Contrat vert et bleu de Grenoble-Alpes M\u00e9tropole, la LPO de l\u2019Is\u00e8re vous invite \u00e0 recenser vos observations d\u2019\u00e9cureuils et de h\u00e9rissons sur le territoire de la M\u00e9tropole de Grenoble gr\u00e2ce \u00e0 <a rel=\"noreferrer noopener\" href=\"https:\/\/gncitizen.lpo-aura.org\/fr\/programs\/3\/observations\" target=\"_blank\">un site d\u00e9di\u00e9<\/a>. Ces donn\u00e9es permettront d\u2019approfondir la connaissance sur la pr\u00e9sence de ces esp\u00e8ces et de cibler efficacement des actions de protection. \u00a0<\/td><\/tr><\/tbody><\/table><\/figure>\n","protected":false},"excerpt":{"rendered":"<p>La Ligue pour la Protection des Oiseaux (LPO Auvergne-Rh\u00f4ne-Alpes) a obtenu du tribunal administratif de Grenoble, deux jugements annulant des arr\u00eat\u00e9s pr\u00e9fectoraux qui ont autoris\u00e9 la chasse du lagop\u00e8de alpin en 2020 dans les d\u00e9partements de la Haute-Savoie et de l&rsquo;Is\u00e8re.Le communiqu\u00e9 du 3 juin 20 de la LPO\u00a0: \u00ab\u00a0Le tribunal administratif de Grenoble a [&hellip;]<\/p>\n","protected":false},"author":1,"featured_media":0,"comment_status":"closed","ping_status":"open","sticky":false,"template":"","format":"standard","meta":{"twitterCardType":"","cardImageID":0,"cardImage":"","cardTitle":"","cardDesc":"","cardImageAlt":"","cardPlayer":"","cardPlayerWidth":0,"cardPlayerHeight":0,"cardPlayerStream":"","cardPlayerCodec":"","footnotes":""},"categories":[62,11],"tags":[145,153,52,144],"class_list":["post-18947","post","type-post","status-publish","format-standard","hentry","category-le-rouge-le-vert-hebdo","category-politique-locale","tag-biodiversite","tag-ecologie","tag-justice-administrative","tag-nature"],"_links":{"self":[{"href":"https:\/\/www.ades-grenoble.org\/wordpress\/wp-json\/wp\/v2\/posts\/18947","targetHints":{"allow":["GET"]}}],"collection":[{"href":"https:\/\/www.ades-grenoble.org\/wordpress\/wp-json\/wp\/v2\/posts"}],"about":[{"href":"https:\/\/www.ades-grenoble.org\/wordpress\/wp-json\/wp\/v2\/types\/post"}],"author":[{"embeddable":true,"href":"https:\/\/www.ades-grenoble.org\/wordpress\/wp-json\/wp\/v2\/users\/1"}],"replies":[{"embeddable":true,"href":"https:\/\/www.ades-grenoble.org\/wordpress\/wp-json\/wp\/v2\/comments?post=18947"}],"version-history":[{"count":1,"href":"https:\/\/www.ades-grenoble.org\/wordpress\/wp-json\/wp\/v2\/posts\/18947\/revisions"}],"predecessor-version":[{"id":18949,"href":"https:\/\/www.ades-grenoble.org\/wordpress\/wp-json\/wp\/v2\/posts\/18947\/revisions\/18949"}],"wp:attachment":[{"href":"https:\/\/www.ades-grenoble.org\/wordpress\/wp-json\/wp\/v2\/media?parent=18947"}],"wp:term":[{"taxonomy":"category","embeddable":true,"href":"https:\/\/www.ades-grenoble.org\/wordpress\/wp-json\/wp\/v2\/categories?post=18947"},{"taxonomy":"post_tag","embeddable":true,"href":"https:\/\/www.ades-grenoble.org\/wordpress\/wp-json\/wp\/v2\/tags?post=18947"}],"curies":[{"name":"wp","href":"https:\/\/api.w.org\/{rel}","templated":true}]}}