{"id":19009,"date":"2021-06-25T13:35:18","date_gmt":"2021-06-25T11:35:18","guid":{"rendered":"https:\/\/www.ades-grenoble.org\/wordpress\/?p=19009"},"modified":"2021-06-25T14:37:56","modified_gmt":"2021-06-25T12:37:56","slug":"diverses-actualites-39","status":"publish","type":"post","link":"https:\/\/www.ades-grenoble.org\/wordpress\/2021\/06\/25\/diverses-actualites-39\/","title":{"rendered":"Diverses actualit\u00e9s"},"content":{"rendered":"\n<div class=\"wp-block-image is-style-rounded\"><figure class=\"alignleft size-large\"><img loading=\"lazy\" decoding=\"async\" width=\"400\" height=\"222\" src=\"https:\/\/www.ades-grenoble.org\/wordpress\/wp-content\/uploads\/2020\/11\/crieur.jpg\" alt=\"\" class=\"wp-image-18106\" srcset=\"https:\/\/www.ades-grenoble.org\/wordpress\/wp-content\/uploads\/2020\/11\/crieur.jpg 400w, https:\/\/www.ades-grenoble.org\/wordpress\/wp-content\/uploads\/2020\/11\/crieur-150x83.jpg 150w, https:\/\/www.ades-grenoble.org\/wordpress\/wp-content\/uploads\/2020\/11\/crieur-300x167.jpg 300w\" sizes=\"auto, (max-width: 400px) 100vw, 400px\" \/><\/figure><\/div>\n\n\n\n<p><strong>Rapport de la cour des Comptes <a href=\"https:\/\/www.ccomptes.fr\/fr\/publications\/une-strategie-de-finances-publiques-pour-la-sortie-de-crise\" target=\"_blank\" rel=\"noreferrer noopener\">\u00ab\u00a0Une strat\u00e9gie de finances publiques pour la sortie de crise\u00a0\u00bb<\/a>. <\/strong>Remis le 15 juin au gouvernement, il trace des perspectives de r\u00e9tablissement des finances publiques au sortir de la crise.<\/p>\n\n\n\n<hr class=\"wp-block-separator\"\/>\n\n\n\n<p><strong>Pour les langues r\u00e9gionales, le Conseil constitutionnel rouvre la porte \u00e0 l&rsquo;enseignement immersif<\/strong>. Dans <a href=\"https:\/\/www.conseil-constitutionnel.fr\/sites\/default\/files\/as\/root\/bank_mm\/decisions\/2021818dc\/2021818dc_ccc.pdf\" target=\"_blank\" rel=\"noreferrer noopener\">un commentaire \u00e0 sa d\u00e9cision de censure de l&rsquo;enseignement immersif en langues r\u00e9gionales<\/a>, le Conseil constitutionnel pr\u00e9cise que seules les \u00e9coles publiques sont vis\u00e9es.<\/p>\n\n\n\n<hr class=\"wp-block-separator\"\/>\n\n\n\n<p><strong><a rel=\"noreferrer noopener\" href=\"https:\/\/solidarites-sante.gouv.fr\/IMG\/pdf\/2021.10.sante.pdf#page=7\" target=\"_blank\">L&rsquo;instruction Canicule<\/a> s\u2019accompagne d\u2019un \u00ab\u00a0<a rel=\"noreferrer noopener\" href=\"https:\/\/solidarites-sante.gouv.fr\/IMG\/pdf\/guide_orsec_vagues_de_chaleur_-_accessible.pdf\" target=\"_blank\">Guide d&rsquo;aide \u00e0 l&rsquo;\u00e9laboration de la disposition sp\u00e9cifique Orsec gestion sanitaire<\/a>\u00ab\u00a0. <\/strong>Des mesures que chaque pr\u00e9fet de d\u00e9partement devra \u00e9laborer dans son territoire, \u00ab\u00a0en association \u00e9troite avec l\u2019ensemble des acteurs concern\u00e9s, dont les collectivit\u00e9s territoriales\u00a0\u00bb.<\/p>\n","protected":false},"excerpt":{"rendered":"<p>Rapport de la cour des Comptes \u00ab\u00a0Une strat\u00e9gie de finances publiques pour la sortie de crise\u00a0\u00bb. Remis le 15 juin au gouvernement, il trace des perspectives de r\u00e9tablissement des finances publiques au sortir de la crise. Pour les langues r\u00e9gionales, le Conseil constitutionnel rouvre la porte \u00e0 l&rsquo;enseignement immersif. Dans un commentaire \u00e0 sa d\u00e9cision [&hellip;]<\/p>\n","protected":false},"author":1,"featured_media":0,"comment_status":"closed","ping_status":"open","sticky":false,"template":"","format":"standard","meta":{"twitterCardType":"","cardImageID":0,"cardImage":"","cardTitle":"","cardDesc":"","cardImageAlt":"","cardPlayer":"","cardPlayerWidth":0,"cardPlayerHeight":0,"cardPlayerStream":"","cardPlayerCodec":"","footnotes":""},"categories":[62,11],"tags":[259,138,99],"class_list":["post-19009","post","type-post","status-publish","format-standard","hentry","category-le-rouge-le-vert-hebdo","category-politique-locale","tag-constitution","tag-finances","tag-sante"],"_links":{"self":[{"href":"https:\/\/www.ades-grenoble.org\/wordpress\/wp-json\/wp\/v2\/posts\/19009","targetHints":{"allow":["GET"]}}],"collection":[{"href":"https:\/\/www.ades-grenoble.org\/wordpress\/wp-json\/wp\/v2\/posts"}],"about":[{"href":"https:\/\/www.ades-grenoble.org\/wordpress\/wp-json\/wp\/v2\/types\/post"}],"author":[{"embeddable":true,"href":"https:\/\/www.ades-grenoble.org\/wordpress\/wp-json\/wp\/v2\/users\/1"}],"replies":[{"embeddable":true,"href":"https:\/\/www.ades-grenoble.org\/wordpress\/wp-json\/wp\/v2\/comments?post=19009"}],"version-history":[{"count":1,"href":"https:\/\/www.ades-grenoble.org\/wordpress\/wp-json\/wp\/v2\/posts\/19009\/revisions"}],"predecessor-version":[{"id":19010,"href":"https:\/\/www.ades-grenoble.org\/wordpress\/wp-json\/wp\/v2\/posts\/19009\/revisions\/19010"}],"wp:attachment":[{"href":"https:\/\/www.ades-grenoble.org\/wordpress\/wp-json\/wp\/v2\/media?parent=19009"}],"wp:term":[{"taxonomy":"category","embeddable":true,"href":"https:\/\/www.ades-grenoble.org\/wordpress\/wp-json\/wp\/v2\/categories?post=19009"},{"taxonomy":"post_tag","embeddable":true,"href":"https:\/\/www.ades-grenoble.org\/wordpress\/wp-json\/wp\/v2\/tags?post=19009"}],"curies":[{"name":"wp","href":"https:\/\/api.w.org\/{rel}","templated":true}]}}