{"id":19068,"date":"2021-07-02T15:01:49","date_gmt":"2021-07-02T13:01:49","guid":{"rendered":"https:\/\/www.ades-grenoble.org\/wordpress\/?p=19068"},"modified":"2021-07-02T15:11:03","modified_gmt":"2021-07-02T13:11:03","slug":"agenda-169","status":"publish","type":"post","link":"https:\/\/www.ades-grenoble.org\/wordpress\/2021\/07\/02\/agenda-169\/","title":{"rendered":"Agenda"},"content":{"rendered":"\n<div class=\"wp-block-image is-style-rounded\"><figure class=\"alignleft size-large\"><img loading=\"lazy\" decoding=\"async\" width=\"243\" height=\"244\" src=\"https:\/\/www.ades-grenoble.org\/wordpress\/wp-content\/uploads\/2015\/09\/budget-participatif.jpg\" alt=\"\" class=\"wp-image-10623\" srcset=\"https:\/\/www.ades-grenoble.org\/wordpress\/wp-content\/uploads\/2015\/09\/budget-participatif.jpg 243w, https:\/\/www.ades-grenoble.org\/wordpress\/wp-content\/uploads\/2015\/09\/budget-participatif-150x150.jpg 150w, https:\/\/www.ades-grenoble.org\/wordpress\/wp-content\/uploads\/2015\/09\/budget-participatif-144x144.jpg 144w\" sizes=\"auto, (max-width: 243px) 100vw, 243px\" \/><\/figure><\/div>\n\n\n\n<p><strong>7<sup>\u00e8me<\/sup> \u00e9dition du budget participatif. <\/strong>Les id\u00e9es doivent \u00eatre d\u00e9pos\u00e9es avant le 20 juillet 2021 dernier d\u00e9lai. Tout savoir sur les budgets participatifs&nbsp;: <a href=\"https:\/\/www.grenoble.fr\/552-budget-participatif.htm\">Budget participatif &#8211; Grenoble.fr<\/a> ou dans les Maisons des Habitants. Il y a d\u00e9j\u00e0 des id\u00e9es de d\u00e9pos\u00e9es.<\/p>\n","protected":false},"excerpt":{"rendered":"<p>7\u00e8me \u00e9dition du budget participatif. Les id\u00e9es doivent \u00eatre d\u00e9pos\u00e9es avant le 20 juillet 2021 dernier d\u00e9lai. Tout savoir sur les budgets participatifs&nbsp;: Budget participatif &#8211; Grenoble.fr ou dans les Maisons des Habitants. Il y a d\u00e9j\u00e0 des id\u00e9es de d\u00e9pos\u00e9es.<\/p>\n","protected":false},"author":1,"featured_media":0,"comment_status":"closed","ping_status":"open","sticky":false,"template":"","format":"standard","meta":{"twitterCardType":"","cardImageID":0,"cardImage":"","cardTitle":"","cardDesc":"","cardImageAlt":"","cardPlayer":"","cardPlayerWidth":0,"cardPlayerHeight":0,"cardPlayerStream":"","cardPlayerCodec":"","footnotes":""},"categories":[62,11],"tags":[125,47],"class_list":["post-19068","post","type-post","status-publish","format-standard","hentry","category-le-rouge-le-vert-hebdo","category-politique-locale","tag-agenda","tag-budget-alternatif"],"_links":{"self":[{"href":"https:\/\/www.ades-grenoble.org\/wordpress\/wp-json\/wp\/v2\/posts\/19068","targetHints":{"allow":["GET"]}}],"collection":[{"href":"https:\/\/www.ades-grenoble.org\/wordpress\/wp-json\/wp\/v2\/posts"}],"about":[{"href":"https:\/\/www.ades-grenoble.org\/wordpress\/wp-json\/wp\/v2\/types\/post"}],"author":[{"embeddable":true,"href":"https:\/\/www.ades-grenoble.org\/wordpress\/wp-json\/wp\/v2\/users\/1"}],"replies":[{"embeddable":true,"href":"https:\/\/www.ades-grenoble.org\/wordpress\/wp-json\/wp\/v2\/comments?post=19068"}],"version-history":[{"count":2,"href":"https:\/\/www.ades-grenoble.org\/wordpress\/wp-json\/wp\/v2\/posts\/19068\/revisions"}],"predecessor-version":[{"id":19071,"href":"https:\/\/www.ades-grenoble.org\/wordpress\/wp-json\/wp\/v2\/posts\/19068\/revisions\/19071"}],"wp:attachment":[{"href":"https:\/\/www.ades-grenoble.org\/wordpress\/wp-json\/wp\/v2\/media?parent=19068"}],"wp:term":[{"taxonomy":"category","embeddable":true,"href":"https:\/\/www.ades-grenoble.org\/wordpress\/wp-json\/wp\/v2\/categories?post=19068"},{"taxonomy":"post_tag","embeddable":true,"href":"https:\/\/www.ades-grenoble.org\/wordpress\/wp-json\/wp\/v2\/tags?post=19068"}],"curies":[{"name":"wp","href":"https:\/\/api.w.org\/{rel}","templated":true}]}}