{"id":19073,"date":"2021-07-09T13:36:48","date_gmt":"2021-07-09T11:36:48","guid":{"rendered":"https:\/\/www.ades-grenoble.org\/wordpress\/?p=19073"},"modified":"2021-07-09T14:42:07","modified_gmt":"2021-07-09T12:42:07","slug":"diverses-actualites-41","status":"publish","type":"post","link":"https:\/\/www.ades-grenoble.org\/wordpress\/2021\/07\/09\/diverses-actualites-41\/","title":{"rendered":"Diverses actualit\u00e9s"},"content":{"rendered":"\n<div class=\"wp-block-image is-style-rounded\"><figure class=\"alignleft size-large\"><img loading=\"lazy\" decoding=\"async\" width=\"400\" height=\"222\" src=\"https:\/\/www.ades-grenoble.org\/wordpress\/wp-content\/uploads\/2020\/11\/crieur.jpg\" alt=\"\" class=\"wp-image-18106\" srcset=\"https:\/\/www.ades-grenoble.org\/wordpress\/wp-content\/uploads\/2020\/11\/crieur.jpg 400w, https:\/\/www.ades-grenoble.org\/wordpress\/wp-content\/uploads\/2020\/11\/crieur-150x83.jpg 150w, https:\/\/www.ades-grenoble.org\/wordpress\/wp-content\/uploads\/2020\/11\/crieur-300x167.jpg 300w\" sizes=\"auto, (max-width: 400px) 100vw, 400px\" \/><\/figure><\/div>\n\n\n\n<p><strong><a href=\"https:\/\/418tl.r.a.d.sendibm1.com\/mk\/mr\/HxAZY1HcwhgFOstv1jKvbNrgKQ-5rXULvKj9zfh8jUy3qgKIF95L-EYbIfCOuvdTeeAWJ6ou1FRwbxJKyFV-QjZtmbmrJC7dcI9XvyGQ_rtS7cBRRg\" target=\"_blank\" rel=\"noreferrer noopener\">Un circuit p\u00e9dagogique pour d\u00e9couvrir les corridors \u00e9cologiques de la M\u00e9tropole de Grenoble<\/a>. <\/strong>La LPO de l\u2019Is\u00e8re, accompagn\u00e9e de FNE Is\u00e8re, porte un projet de cr\u00e9ation de sentiers p\u00e9dagogiques afin de faire d\u00e9couvrir au public les corridors \u00e9cologiques, c\u2019est-\u00e0-dire les zones fonctionnelles de passage pour la faune (et la flore) entre plusieurs espaces naturels (for\u00eat, cours d&rsquo;eau, prairies, zone rocheuse&#8230;).<\/p>\n\n\n\n<hr class=\"wp-block-separator\"\/>\n\n\n\n<p><strong>L&rsquo;Association des maires de France r\u00e9alise <a rel=\"noreferrer noopener\" href=\"https:\/\/www.amf.asso.fr\/documents-des-clips-pedagogiques-pour-expliquer-role-communesbr-leurs-intercommunalites\/39083\" target=\"_blank\">des clips p\u00e9dagogiques<\/a>. <\/strong>Ils pr\u00e9sentent pour le grand public, l\u2019organisation, les comp\u00e9tences et le fonctionnement de la commune et de l\u2019intercommunalit\u00e9. Ces clips permettent de r\u00e9pondre aux questions principales : qu\u2019est-ce que la commune ou l\u2019intercommunalit\u00e9 ? Comment fonctionnent-elles ? Quelles sont les responsabilit\u00e9s d\u2019un maire et celles d\u2019un pr\u00e9sident d\u2019intercommunalit\u00e9\u00a0? Comment la commune ou l\u2019intercommunalit\u00e9 agissent-elles au quotidien au service des habitants ? Quelle est la compl\u00e9mentarit\u00e9 de leurs actions\u00a0?<\/p>\n\n\n\n<hr class=\"wp-block-separator\"\/>\n\n\n\n<p><strong>Un <a rel=\"noreferrer noopener\" href=\"https:\/\/www.legifrance.gouv.fr\/jorf\/id\/JORFTEXT000043714267\" target=\"_blank\">nouveau d\u00e9cret concernant l\u2019\u00e9valuation environnementale.<\/a><\/strong> Il porte diverses r\u00e9formes en mati\u00e8re d&rsquo;\u00e9valuation environnementale et de participation du public vient de para\u00eetre pour r\u00e9pondre en partie aux observations de la Commission europ\u00e9enne.<\/p>\n\n\n\n<hr class=\"wp-block-separator\"\/>\n\n\n\n<p><strong>Deux lois visent \u00e0 faciliter la vie des associations, sur le terrain de la responsabilit\u00e9 juridique des dirigeants b\u00e9n\u00e9voles et en mati\u00e8re de tr\u00e9sorerie.<\/strong>\u00a0Notamment, <a rel=\"noreferrer noopener\" href=\"https:\/\/www.legifrance.gouv.fr\/jorf\/id\/JORFTEXT000043741537\" target=\"_blank\">l\u2019all\u00e8gement des risques juridiques pesant sur les pr\u00e9sidents b\u00e9n\u00e9voles<\/a> et l<a rel=\"noreferrer noopener\" href=\"https:\/\/www.legifrance.gouv.fr\/jorf\/id\/JORFTEXT000043741543\" target=\"_blank\">a possibilit\u00e9 de conserver des exc\u00e9dents de subvention<\/a>.\u00a0<\/p>\n\n\n\n<!--more-->\n\n\n\n<hr class=\"wp-block-separator\"\/>\n\n\n\n<p><strong>L\u2019INSEE donne <a href=\"https:\/\/www.insee.fr\/fr\/information\/5395946\" target=\"_blank\" rel=\"noreferrer noopener\">les r\u00e9sultats du recensement 2018 concernant les r\u00e9sidences principales<\/a><\/strong>. Des logements plus grands et moins peupl\u00e9s, 29\u00a0millions de r\u00e9sidences principales en France. En 50\u00a0ans, le nombre de r\u00e9sidences principales a progress\u00e9 de 1,2\u00a0% par an, soit 2,5\u00a0fois plus vite que la population (+\u00a00,5\u00a0%).<\/p>\n\n\n\n<hr class=\"wp-block-separator\"\/>\n\n\n\n<p><strong>Nature en ville : am\u00e9nager aujourd\u2019hui les communes de demain. <\/strong>C\u2019est le titre d\u2019<a href=\"https:\/\/www.mission-economie-biodiversite.com\/wp-content\/uploads\/dlm_uploads\/2021\/06\/N17-COMPRENDRE-FR-MD-WEB-2.pdf\" target=\"_blank\" rel=\"noreferrer noopener\">un guide \u00e9dit\u00e9 par CDC Biodiversit\u00e9<\/a> pour aider les collectivit\u00e9s \u00e0 redonner ses droits \u00e0 la nature en ville. L&rsquo;\u00e9tude insiste notamment sur la n\u00e9cessit\u00e9 d&rsquo;inscrire ces projets dans une strat\u00e9gie territoriale de long terme. <a href=\"https:\/\/www.mission-economie-biodiversite.com\/wp-content\/uploads\/dlm_uploads\/2021\/06\/N17-COMPRENDRE-FR-MD-WEB-2.pdf\">N17-COMPRENDRE-FR-MD-WEB-2.pdf (mission-economie-biodiversite.com)<\/a><\/p>\n\n\n\n<hr class=\"wp-block-separator\"\/>\n\n\n\n<p><strong>Qualit\u00e9 de vie au travail et sant\u00e9 des agents dans les collectivit\u00e9s territoriales<\/strong>. C\u2019est le titre du <a rel=\"noreferrer noopener\" href=\"https:\/\/www.sofaxis.com\/nous-connaitre\/actualites#actu-1390\" target=\"_blank\">panorama annuel de Sofaxis concernant l\u2019absent\u00e9isme dans les collectivit\u00e9s<\/a>. Il est organis\u00e9 en quatre parties\u00a0: les statistiques d&rsquo;absences au travail pour raison de sant\u00e9 en 2020, l&rsquo;impact de la pand\u00e9mie de Covid sur ces absences, la mutation confirm\u00e9e du \u00ab\u00a0risque long\u00a0\u00bb en maladie et les enjeux de la r\u00e9forme sur la protection sociale compl\u00e9mentaire.<\/p>\n\n\n\n<hr class=\"wp-block-separator\"\/>\n\n\n\n<p><strong><a rel=\"noreferrer noopener\" href=\"https:\/\/economie.eaufrance.fr\/\" target=\"_blank\">Un site d\u00e9di\u00e9 \u00e0 l&rsquo;\u00e9conomie de l&rsquo;eau<\/a>.<\/strong> Il propose cinq entr\u00e9es th\u00e9matiques\u00a0:la tarification de l&rsquo;eau, les d\u00e9penses li\u00e9es \u00e0 l&rsquo;eau, les valeurs li\u00e9es \u00e0 l&rsquo;environnement, l&rsquo;analyse \u00e9conomique dans la politique de l&rsquo;eau et l&rsquo;aide \u00e0 la d\u00e9cision, les usages de l&rsquo;eau.<\/p>\n","protected":false},"excerpt":{"rendered":"<p>Un circuit p\u00e9dagogique pour d\u00e9couvrir les corridors \u00e9cologiques de la M\u00e9tropole de Grenoble. La LPO de l\u2019Is\u00e8re, accompagn\u00e9e de FNE Is\u00e8re, porte un projet de cr\u00e9ation de sentiers p\u00e9dagogiques afin de faire d\u00e9couvrir au public les corridors \u00e9cologiques, c\u2019est-\u00e0-dire les zones fonctionnelles de passage pour la faune (et la flore) entre plusieurs espaces naturels (for\u00eat, [&hellip;]<\/p>\n","protected":false},"author":1,"featured_media":0,"comment_status":"closed","ping_status":"open","sticky":false,"template":"","format":"standard","meta":{"twitterCardType":"","cardImageID":0,"cardImage":"","cardTitle":"","cardDesc":"","cardImageAlt":"","cardPlayer":"","cardPlayerWidth":0,"cardPlayerHeight":0,"cardPlayerStream":"","cardPlayerCodec":"","footnotes":""},"categories":[62,11],"tags":[37,153,175,280],"class_list":["post-19073","post","type-post","status-publish","format-standard","hentry","category-le-rouge-le-vert-hebdo","category-politique-locale","tag-associations","tag-ecologie","tag-environnement","tag-metropole"],"_links":{"self":[{"href":"https:\/\/www.ades-grenoble.org\/wordpress\/wp-json\/wp\/v2\/posts\/19073","targetHints":{"allow":["GET"]}}],"collection":[{"href":"https:\/\/www.ades-grenoble.org\/wordpress\/wp-json\/wp\/v2\/posts"}],"about":[{"href":"https:\/\/www.ades-grenoble.org\/wordpress\/wp-json\/wp\/v2\/types\/post"}],"author":[{"embeddable":true,"href":"https:\/\/www.ades-grenoble.org\/wordpress\/wp-json\/wp\/v2\/users\/1"}],"replies":[{"embeddable":true,"href":"https:\/\/www.ades-grenoble.org\/wordpress\/wp-json\/wp\/v2\/comments?post=19073"}],"version-history":[{"count":1,"href":"https:\/\/www.ades-grenoble.org\/wordpress\/wp-json\/wp\/v2\/posts\/19073\/revisions"}],"predecessor-version":[{"id":19074,"href":"https:\/\/www.ades-grenoble.org\/wordpress\/wp-json\/wp\/v2\/posts\/19073\/revisions\/19074"}],"wp:attachment":[{"href":"https:\/\/www.ades-grenoble.org\/wordpress\/wp-json\/wp\/v2\/media?parent=19073"}],"wp:term":[{"taxonomy":"category","embeddable":true,"href":"https:\/\/www.ades-grenoble.org\/wordpress\/wp-json\/wp\/v2\/categories?post=19073"},{"taxonomy":"post_tag","embeddable":true,"href":"https:\/\/www.ades-grenoble.org\/wordpress\/wp-json\/wp\/v2\/tags?post=19073"}],"curies":[{"name":"wp","href":"https:\/\/api.w.org\/{rel}","templated":true}]}}