{"id":19075,"date":"2021-07-09T13:42:21","date_gmt":"2021-07-09T11:42:21","guid":{"rendered":"https:\/\/www.ades-grenoble.org\/wordpress\/?p=19075"},"modified":"2021-07-09T14:42:14","modified_gmt":"2021-07-09T12:42:14","slug":"la-defenseure-critique-severement-le-projet-de-loi-sur-la-protection-de-lenfance","status":"publish","type":"post","link":"https:\/\/www.ades-grenoble.org\/wordpress\/2021\/07\/09\/la-defenseure-critique-severement-le-projet-de-loi-sur-la-protection-de-lenfance\/","title":{"rendered":"La D\u00e9fenseure critique s\u00e9v\u00e8rement le projet de loi sur la protection de l&rsquo;enfance"},"content":{"rendered":"\n<div class=\"wp-block-image is-style-rounded\"><figure class=\"alignleft size-large\"><img loading=\"lazy\" decoding=\"async\" width=\"360\" height=\"81\" src=\"https:\/\/www.ades-grenoble.org\/wordpress\/wp-content\/uploads\/2017\/09\/DefenseurDroits.jpg\" alt=\"\" class=\"wp-image-13370\" srcset=\"https:\/\/www.ades-grenoble.org\/wordpress\/wp-content\/uploads\/2017\/09\/DefenseurDroits.jpg 360w, https:\/\/www.ades-grenoble.org\/wordpress\/wp-content\/uploads\/2017\/09\/DefenseurDroits-150x34.jpg 150w, https:\/\/www.ades-grenoble.org\/wordpress\/wp-content\/uploads\/2017\/09\/DefenseurDroits-300x68.jpg 300w\" sizes=\"auto, (max-width: 360px) 100vw, 360px\" \/><\/figure><\/div>\n\n\n\n<p>La D\u00e9fenseure des droits a transmis, le 25 juin, aux d\u00e9put\u00e9s <a href=\"https:\/\/juridique.defenseurdesdroits.fr\/doc_num.php?explnum_id=20821\" target=\"_blank\" rel=\"noreferrer noopener\">un avis sur le texte du projet de loi relatif \u00e0 la protection des enfants<\/a> dont l\u2019examen commence \u00e0 l\u2019Assembl\u00e9e Nationale. Elle note plusieurs points positifs, notamment sur la PMI et le renforcement du statut des assistantes familiales, mais elle pointe de nombreuses r\u00e9serves sur la gouvernance, les dispositions relatives au placement sous forme d&rsquo;un accueil familial ou par un tiers digne de confiance, sur l&rsquo;autorit\u00e9 parentale ou encore les mesures concernant les\u00a0mineurs non accompagn\u00e9s. Elle note aussi plusieurs oublis majeurs.<\/p>\n\n\n\n<p>L&rsquo;avis estime que <em>\u00ab\u00a0le projet de loi ne peut que laisser perplexe quant \u00e0 la simplification de l&rsquo;architecture propos\u00e9e et \u00e0 son op\u00e9rationnalit\u00e9 sur les territoires<\/em>\u00ab\u00a0.<br>La D\u00e9fenseure des droits alerte notamment la commission des affaires sociales de l\u2019Assembl\u00e9e Nationale sur <em>\u00ab\u00a0le d\u00e9faut d&rsquo;encadrement de ces dispositions qui pourraient avoir comme cons\u00e9quence de maintenir l&rsquo;enfant dans sa famille en attendant l&rsquo;\u00e9valuation des services comp\u00e9tents, sans que ces derniers ne soient clairement identifi\u00e9s\u00a0\u00bb<\/em>. M\u00eame r\u00e9serves sur l&rsquo;autorit\u00e9 parentale ou, plus pr\u00e9cis\u00e9ment, sur les dispositions permettant au juge des enfants de d\u00e9livrer une autorisation au service gardien (en l&rsquo;occurrence l&rsquo;aide sociale \u00e0 l&rsquo;enfance) pour r\u00e9aliser un ou plusieurs actes d\u00e9termin\u00e9s qui n\u00e9cessitent normalement l&rsquo;accord des titulaires de l&rsquo;autorit\u00e9 parentale. La D\u00e9fenseure des droits souhaite cependant mettre en garde sur le risque pour les services d&rsquo;\u00eatre tent\u00e9s d&rsquo;avoir recours \u00e0 ce type de demande, faute de travail suffisant avec les parents.<\/p>\n\n\n\n<!--more-->\n\n\n\n<p>\u00c0 propos des MNA (mineurs non accompagn\u00e9s), la D\u00e9fenseure des droits s&rsquo;inqui\u00e8te de la distinction op\u00e9r\u00e9e entre les \u00e9tablissements et services qui accueillent les MNA en urgence et ceux qui mettent en \u0153uvre des mesures d&rsquo;\u00e9valuation de leur situation, qui risque de permettre plus facilement un glissement de l&rsquo;\u00e9valuation des MNA en dehors du dispositif de la protection de l&rsquo;enfance au profit d&rsquo;un m\u00e9canisme d&rsquo;\u00e9valuation recentralis\u00e9.<\/p>\n\n\n\n<p>L&rsquo;avis s&rsquo;inqui\u00e8te de possibles discriminations entre les diff\u00e9rents publics de l&rsquo;ASE (entre les MNA et les autres enfants pris en charge). La remarque vise notamment les dispositions de l&rsquo;article 15 du projet de loi, <em>\u00ab\u00a0qui tendent davantage \u00e0 traiter du contr\u00f4le migratoire qu&rsquo;\u00e0 une r\u00e9elle am\u00e9lioration de la protection des mineurs non accompagn\u00e9s\u00a0\u00bb.<\/em><\/p>\n\n\n\n<p>Conclusion sur les MNA : <em>\u00ab\u00a0l&rsquo;inqui\u00e9tude [&#8230;] exprim\u00e9e depuis plusieurs ann\u00e9es se confirme dans la mesure o\u00f9 ces dispositions attestent d\u00e9sormais l&rsquo;existence d&rsquo;un droit sp\u00e9cifique des MNA, de plus en plus \u00e9loign\u00e9 de la protection de l&rsquo;enfance\u00a0\u00bb.<\/em><\/p>\n","protected":false},"excerpt":{"rendered":"<p>La D\u00e9fenseure des droits a transmis, le 25 juin, aux d\u00e9put\u00e9s un avis sur le texte du projet de loi relatif \u00e0 la protection des enfants dont l\u2019examen commence \u00e0 l\u2019Assembl\u00e9e Nationale. Elle note plusieurs points positifs, notamment sur la PMI et le renforcement du statut des assistantes familiales, mais elle pointe de nombreuses r\u00e9serves [&hellip;]<\/p>\n","protected":false},"author":1,"featured_media":0,"comment_status":"closed","ping_status":"open","sticky":false,"template":"","format":"standard","meta":{"twitterCardType":"","cardImageID":0,"cardImage":"","cardTitle":"","cardDesc":"","cardImageAlt":"","cardPlayer":"","cardPlayerWidth":0,"cardPlayerHeight":0,"cardPlayerStream":"","cardPlayerCodec":"","footnotes":""},"categories":[62,11],"tags":[295,53,361,247,182],"class_list":["post-19075","post","type-post","status-publish","format-standard","hentry","category-le-rouge-le-vert-hebdo","category-politique-locale","tag-droits","tag-droits-des-etrangers","tag-enfance","tag-parlement","tag-solidarite"],"_links":{"self":[{"href":"https:\/\/www.ades-grenoble.org\/wordpress\/wp-json\/wp\/v2\/posts\/19075","targetHints":{"allow":["GET"]}}],"collection":[{"href":"https:\/\/www.ades-grenoble.org\/wordpress\/wp-json\/wp\/v2\/posts"}],"about":[{"href":"https:\/\/www.ades-grenoble.org\/wordpress\/wp-json\/wp\/v2\/types\/post"}],"author":[{"embeddable":true,"href":"https:\/\/www.ades-grenoble.org\/wordpress\/wp-json\/wp\/v2\/users\/1"}],"replies":[{"embeddable":true,"href":"https:\/\/www.ades-grenoble.org\/wordpress\/wp-json\/wp\/v2\/comments?post=19075"}],"version-history":[{"count":1,"href":"https:\/\/www.ades-grenoble.org\/wordpress\/wp-json\/wp\/v2\/posts\/19075\/revisions"}],"predecessor-version":[{"id":19076,"href":"https:\/\/www.ades-grenoble.org\/wordpress\/wp-json\/wp\/v2\/posts\/19075\/revisions\/19076"}],"wp:attachment":[{"href":"https:\/\/www.ades-grenoble.org\/wordpress\/wp-json\/wp\/v2\/media?parent=19075"}],"wp:term":[{"taxonomy":"category","embeddable":true,"href":"https:\/\/www.ades-grenoble.org\/wordpress\/wp-json\/wp\/v2\/categories?post=19075"},{"taxonomy":"post_tag","embeddable":true,"href":"https:\/\/www.ades-grenoble.org\/wordpress\/wp-json\/wp\/v2\/tags?post=19075"}],"curies":[{"name":"wp","href":"https:\/\/api.w.org\/{rel}","templated":true}]}}