{"id":19083,"date":"2021-07-09T14:08:23","date_gmt":"2021-07-09T12:08:23","guid":{"rendered":"https:\/\/www.ades-grenoble.org\/wordpress\/?p=19083"},"modified":"2021-07-09T14:42:35","modified_gmt":"2021-07-09T12:42:35","slug":"lautorisation-des-glyphosates-par-leurope-basee-sur-des-etudes-non-fiables","status":"publish","type":"post","link":"https:\/\/www.ades-grenoble.org\/wordpress\/2021\/07\/09\/lautorisation-des-glyphosates-par-leurope-basee-sur-des-etudes-non-fiables\/","title":{"rendered":"L\u2019autorisation des glyphosates par l\u2019Europe bas\u00e9e sur des \u00e9tudes non fiables"},"content":{"rendered":"\n<div class=\"wp-block-image is-style-rounded\"><figure class=\"alignleft size-large\"><img loading=\"lazy\" decoding=\"async\" width=\"315\" height=\"299\" src=\"https:\/\/www.ades-grenoble.org\/wordpress\/wp-content\/uploads\/2018\/10\/Coquelicots.jpg\" alt=\"\" class=\"wp-image-14941\" srcset=\"https:\/\/www.ades-grenoble.org\/wordpress\/wp-content\/uploads\/2018\/10\/Coquelicots.jpg 315w, https:\/\/www.ades-grenoble.org\/wordpress\/wp-content\/uploads\/2018\/10\/Coquelicots-150x142.jpg 150w, https:\/\/www.ades-grenoble.org\/wordpress\/wp-content\/uploads\/2018\/10\/Coquelicots-300x285.jpg 300w\" sizes=\"auto, (max-width: 315px) 100vw, 315px\" \/><\/figure><\/div>\n\n\n\n<p>Apr\u00e8s le travail de compilation des chercheurs de l\u2019INSERM, voil\u00e0 une nouvelle expertise qui remet en cause les \u00e9tudes sur lesquelles les autorit\u00e9s sanitaires europ\u00e9ennes ont fond\u00e9 leur avis pour autoriser le glyphosate. Suite \u00e0 l\u2019avis positif de ces autorit\u00e9s sanitaires, en 2017 la Commission europ\u00e9enne avait accord\u00e9 une autorisation de cinq ans pour le glyphosate.&nbsp;Les \u00e9tudes sont jug\u00e9es d\u00e9sastreuses par des toxicologues autrichiens qui ont eu acc\u00e8s \u00e0 des dossiers jusque-l\u00e0 confidentiels. &nbsp;<\/p>\n\n\n\n<p>Ces \u00e9tudes arrivent au moment o\u00f9 les autorit\u00e9s europ\u00e9ennes r\u00e9examinent l\u2019autorisation d\u2019utilisation du glyphosate.<\/p>\n\n\n\n<p>Selon <a href=\"https:\/\/s3.amazonaws.com\/s3.sumofus.org\/images\/Evaluation_scientific_quality_studies_genotoxic_glyphosate.pdf\" target=\"_blank\" rel=\"noreferrer noopener\">cette \u00e9tude ind\u00e9pendante <\/a>la grande majorit\u00e9 des 53 \u00e9tudes r\u00e8glementaires sur la g\u00e9notoxicit\u00e9 du glyphosate ne remplissent pas les crit\u00e8res de qualit\u00e9 requis\u00a0!<\/p>\n\n\n\n<!--more-->\n\n\n\n<p>Gr\u00e2ce \u00e0 un arr\u00eat de la Cour de justice de l\u2019Union europ\u00e9enne de 2019, l\u2019ONG SumOfUs a en effet pu&nbsp;se procurer les \u00e9tudes confidentielles des industriels&nbsp;ayant servis de base au dossier du glyphosate \u00e9valu\u00e9 par l\u2019EFSA (autorit\u00e9 europ\u00e9enne de s\u00e9curit\u00e9 des aliments). L\u2019ONG a ensuite fait analyser ces \u00e9tudes par deux chercheurs autrichiens de haut niveau de l\u2019Institut de recherche sur le cancer du Centre hospitalo-universitaire de Vienne.<\/p>\n\n\n\n<p>Le verdict des deux experts est sans appel&nbsp;: seules 2 des 53 \u00e9tudes suivent les crit\u00e8res de qualit\u00e9 de l\u2019OCDE les plus r\u00e9cents, 17 sont seulement partiellement fiables et toutes les autres (soit environ les 2\/3) sont selon ces experts, non fiables&nbsp;! Et de plus les \u00e9tudes paraissent majoritairement anciennes. Ainsi la majorit\u00e9 des \u00e9tudes ont plus de 20 ans alors que 2 seulement ont moins de 10 ans&nbsp;!<\/p>\n\n\n\n<p>Et cette situation scandaleuse semble perdurer aujourd\u2019hui puisque selon le Monde 38 de ces 53 \u00e9tudes sont encore dans le nouveau dossier d\u2019homologation du glyphosate (actuellement examin\u00e9 par l\u2019EFSA).<\/p>\n\n\n\n<p>L\u2019\u00e9tude des chercheurs autrichiens (en anglais)\u00a0\u00e0 t\u00e9l\u00e9charger <a rel=\"noreferrer noopener\" href=\"https:\/\/www.lemonde.fr\/planete\/article\/2021\/07\/02\/glyphosate-la-qualite-des-etudes-reglementaires-mise-en-cause_6086733_3244.html\" target=\"_blank\">ici<\/a>. <\/p>\n\n\n\n<p>Lire l\u2019article du Monde <a href=\"https:\/\/www.lemonde.fr\/planete\/article\/2021\/07\/02\/glyphosate-la-qualite-des-etudes-reglementaires-mise-en-cause_6086733_3244.html\" target=\"_blank\" rel=\"noreferrer noopener\">l\u00e0<\/a>.<\/p>\n\n\n\n<p>Et l\u2019\u00e9tude de l\u2019Inserm\u00a0<a href=\"https:\/\/www.inserm.fr\/sites\/default\/files\/2021-06\/Inserm_ExpertiseCollective_Pesticides2021_Synthese.pdf\" target=\"_blank\" rel=\"noreferrer noopener\">ici<\/a>.<\/p>\n\n\n\n<hr class=\"wp-block-separator\"\/>\n\n\n\n<p>A noter que la Cour Administrative d\u2019appel de Lyon, suite \u00e0 la requ\u00eate de l\u2019association Comit\u00e9 de recherche et d\u2019information ind\u00e9pendantes sur le g\u00e9nie g\u00e9n\u00e9tique (CRIIGEN), vient de\u00a0confirmer, le 29 juin, l&rsquo;annulation de la d\u00e9cision de l&rsquo;ANSES du 6 mars 2017 de mise sur le march\u00e9 du produit phytopharmaceutique Roundup Pro 360 pour m\u00e9connaissance du principe de pr\u00e9caution\u00a0:\u00a0 <em>\u00ab Un produit phytopharmaceutique qui m\u00e9conna\u00eet les exigences du principe de pr\u00e9caution ne peut b\u00e9n\u00e9ficier d\u2019une autorisation de mise sur le march\u00e9\u00a0\u00bb<\/em> Elle rajoute qu\u2019il faut prendre en plus en compte \u00ab\u00a0l&rsquo;effet cocktail\u00a0\u00bb c\u2019est-\u00e0-dire les effets cumul\u00e9s des composants des produits phytopharmaceutiques par le m\u00e9lange avec d\u2019autres substances. L\u2019<a href=\"https:\/\/alyoda.eu\/images\/CAALyonJurisprudences\/19LY01017-19LY01031arret29juin2021.pdf\" target=\"_blank\" rel=\"noreferrer noopener\">arr\u00eat<\/a> refuse que l&rsquo;administration ne se fonde que sur des \u00e9tudes anciennes.<\/p>\n","protected":false},"excerpt":{"rendered":"<p>Apr\u00e8s le travail de compilation des chercheurs de l\u2019INSERM, voil\u00e0 une nouvelle expertise qui remet en cause les \u00e9tudes sur lesquelles les autorit\u00e9s sanitaires europ\u00e9ennes ont fond\u00e9 leur avis pour autoriser le glyphosate. Suite \u00e0 l\u2019avis positif de ces autorit\u00e9s sanitaires, en 2017 la Commission europ\u00e9enne avait accord\u00e9 une autorisation de cinq ans pour le [&hellip;]<\/p>\n","protected":false},"author":1,"featured_media":0,"comment_status":"closed","ping_status":"open","sticky":false,"template":"","format":"standard","meta":{"twitterCardType":"","cardImageID":0,"cardImage":"","cardTitle":"","cardDesc":"","cardImageAlt":"","cardPlayer":"","cardPlayerWidth":0,"cardPlayerHeight":0,"cardPlayerStream":"","cardPlayerCodec":"","footnotes":""},"categories":[62,11],"tags":[145,141,99],"class_list":["post-19083","post","type-post","status-publish","format-standard","hentry","category-le-rouge-le-vert-hebdo","category-politique-locale","tag-biodiversite","tag-europe","tag-sante"],"_links":{"self":[{"href":"https:\/\/www.ades-grenoble.org\/wordpress\/wp-json\/wp\/v2\/posts\/19083","targetHints":{"allow":["GET"]}}],"collection":[{"href":"https:\/\/www.ades-grenoble.org\/wordpress\/wp-json\/wp\/v2\/posts"}],"about":[{"href":"https:\/\/www.ades-grenoble.org\/wordpress\/wp-json\/wp\/v2\/types\/post"}],"author":[{"embeddable":true,"href":"https:\/\/www.ades-grenoble.org\/wordpress\/wp-json\/wp\/v2\/users\/1"}],"replies":[{"embeddable":true,"href":"https:\/\/www.ades-grenoble.org\/wordpress\/wp-json\/wp\/v2\/comments?post=19083"}],"version-history":[{"count":1,"href":"https:\/\/www.ades-grenoble.org\/wordpress\/wp-json\/wp\/v2\/posts\/19083\/revisions"}],"predecessor-version":[{"id":19084,"href":"https:\/\/www.ades-grenoble.org\/wordpress\/wp-json\/wp\/v2\/posts\/19083\/revisions\/19084"}],"wp:attachment":[{"href":"https:\/\/www.ades-grenoble.org\/wordpress\/wp-json\/wp\/v2\/media?parent=19083"}],"wp:term":[{"taxonomy":"category","embeddable":true,"href":"https:\/\/www.ades-grenoble.org\/wordpress\/wp-json\/wp\/v2\/categories?post=19083"},{"taxonomy":"post_tag","embeddable":true,"href":"https:\/\/www.ades-grenoble.org\/wordpress\/wp-json\/wp\/v2\/tags?post=19083"}],"curies":[{"name":"wp","href":"https:\/\/api.w.org\/{rel}","templated":true}]}}