{"id":19128,"date":"2021-08-28T14:27:20","date_gmt":"2021-08-28T12:27:20","guid":{"rendered":"https:\/\/www.ades-grenoble.org\/wordpress\/?p=19128"},"modified":"2021-08-28T15:36:40","modified_gmt":"2021-08-28T13:36:40","slug":"diverses-actualites-43","status":"publish","type":"post","link":"https:\/\/www.ades-grenoble.org\/wordpress\/2021\/08\/28\/diverses-actualites-43\/","title":{"rendered":"Diverses actualit\u00e9s"},"content":{"rendered":"\n<div class=\"wp-block-image is-style-default\"><figure class=\"alignleft size-large\"><img loading=\"lazy\" decoding=\"async\" width=\"400\" height=\"222\" src=\"https:\/\/www.ades-grenoble.org\/wordpress\/wp-content\/uploads\/2020\/11\/crieur.jpg\" alt=\"\" class=\"wp-image-18106\" srcset=\"https:\/\/www.ades-grenoble.org\/wordpress\/wp-content\/uploads\/2020\/11\/crieur.jpg 400w, https:\/\/www.ades-grenoble.org\/wordpress\/wp-content\/uploads\/2020\/11\/crieur-150x83.jpg 150w, https:\/\/www.ades-grenoble.org\/wordpress\/wp-content\/uploads\/2020\/11\/crieur-300x167.jpg 300w\" sizes=\"auto, (max-width: 400px) 100vw, 400px\" \/><\/figure><\/div>\n\n\n\n<p><strong><a rel=\"noreferrer noopener\" href=\"https:\/\/www.cada.fr\/sites\/default\/files\/guide_pratique.pdf\" target=\"_blank\">Un guide pratique<\/a> concernant la publication en ligne des donn\u00e9es publiques. <\/strong>La CADA (Commission d\u2019acc\u00e8s aux documents administratifs) et la CNIL (Commission nationale informatique et libert\u00e9s), viennent d\u2019\u00e9diter un <em>\u00ab&nbsp;GUIDE PRATIQUE DE LA PUBLICATION EN LIGNE ET DE LA R\u00c9UTILISATION DES DONN\u00c9ES PUBLIQUES (\u00ab OPEN DATA \u00bb)&nbsp;\u00bb<\/em><\/p>\n\n\n\n<hr class=\"wp-block-separator\"\/>\n\n\n\n<p><strong>Co\u00fbt social du bruit en France.<\/strong> <a rel=\"noreferrer noopener\" href=\"https:\/\/librairie.ademe.fr\/air-et-bruit\/4815-cout-social-du-bruit-en-france.html\" target=\"_blank\">Une \u00e9tude de l\u2019ADEME<\/a> estime le co\u00fbt social du bruit en France et analyse de mesures d\u2019\u00e9vitement simultan\u00e9 du co\u00fbt social du bruit et de la pollution de l\u2019air. Le co\u00fbt social du bruit en France est estim\u00e9 \u00e0 155,7 milliards d\u2019euros par an. La majorit\u00e9 (68%) de ce co\u00fbt est li\u00e9e aux transports : le bruit routier repr\u00e9sente 52% des co\u00fbts, le bruit a\u00e9rien 9% et le bruit ferroviaire 7%.<\/p>\n\n\n\n<hr class=\"wp-block-separator\"\/>\n\n\n\n<p><strong>Le Haut Conseil de la sant\u00e9 publique rend <\/strong><a rel=\"noreferrer noopener\" href=\"https:\/\/www.hcsp.fr\/Explore.cgi\/AvisRapports\" target=\"_blank\"><strong>diff\u00e9rentes recommandations<\/strong>&nbsp;<\/a>sur&nbsp;la gestion des \u00e9pisodes de canicule extr\u00eame, sur la protection des populations par l\u2019iode stable en cas d\u2019accident nucl\u00e9aire, sur le d\u00e9pistage du Covid en milieu scolaire et sur les effets de l\u2019exposition des enfants et des jeunes aux \u00e9crans.<\/p>\n\n\n\n<hr class=\"wp-block-separator\"\/>\n\n\n\n<p><strong>Aux Etats-Unis, <a rel=\"noreferrer noopener\" href=\"https:\/\/www.lemonde.fr\/planete\/article\/2021\/08\/10\/aux-etats-unis-nouveau-revers-pour-bayer-la-justice-confirme-que-le-roundup-cause-des-cancers_6091084_3244.html\" target=\"_blank\">la justice confirme que le&nbsp;Roundup cause des cancers<\/a><\/strong>. C\u2019est un nouveau revers pour Bayer qui fait face \u00e0 des milliers de poursuites judiciaires aux Etats-Unis. Le g\u00e9ant allemand a perdu un appel en justice contre une d\u00e9cision statuant que son d\u00e9sherbant Roundup provoquait des cancers.<\/p>\n\n\n\n<!--more-->\n\n\n\n<hr class=\"wp-block-separator\"\/>\n\n\n\n<p><strong>Un nouveau cadre pour la r\u00e9forme du syst\u00e8me fiscal international. <\/strong><a rel=\"noreferrer noopener\" href=\"https:\/\/www.oecd.org\/fr\/presse\/130-pays-et-juridictions-adherent-a-un-nouveau-cadre-ambitieux-pour-la-reforme-du-systeme-fiscal-international.htm\" target=\"_blank\">130 pays repr\u00e9sentant 90 % du PIB mondial se sont mis d\u2019accord <\/a>pour que l\u2019imp\u00f4t sur les soci\u00e9t\u00e9s soit d\u2019au moins 15 % partout, ce qui devrait limiter les paradis fiscaux.<\/p>\n\n\n\n<hr class=\"wp-block-separator\"\/>\n\n\n\n<p><strong>La Cour des comptes exhorte l&rsquo;\u00c9tat \u00e0 se doter d&rsquo;une strat\u00e9gie concernant les aides \u00e0 l\u2019investissement local. <\/strong>Dans <a rel=\"noreferrer noopener\" href=\"https:\/\/www.ccomptes.fr\/sites\/default\/files\/2021-07\/20210723-refere-S2021-1036-concours-financiers-Etat-investissements.pdf\" target=\"_blank\">un r\u00e9f\u00e9r\u00e9<\/a> elle juge s\u00e9v\u00e8rement que rien ne permet d\u2019affirmer que les concours de l\u2019Etat, repr\u00e9sentant quelque 9 milliards d&rsquo;euros, sont un facteur d\u00e9terminant de l\u2019investissement local. Elle appelle l&rsquo;\u00c9tat \u00e0 se doter d&rsquo;une v\u00e9ritable politique publique et d&rsquo;objectifs clairs qui font d\u00e9faut aujourd&rsquo;hui.<\/p>\n\n\n\n<hr class=\"wp-block-separator\"\/>\n\n\n\n<p><strong>Le Conseil de l&rsquo;\u00e2ge du Haut Conseil de la famille, de l&rsquo;enfance et de l&rsquo;\u00e2ge (HCFEA)&nbsp;publie <a rel=\"noreferrer noopener\" href=\"https:\/\/www.strategie.gouv.fr\/publications\/rapport-conseil-de-lage-politique-de-lautonomie-mobilites-residentielles-amenagements\" target=\"_blank\">un \u00e9tat des lieux des mobilit\u00e9s r\u00e9sidentielles des personnes \u00e2g\u00e9es<\/a>. <\/strong>Il propose aux collectivit\u00e9s locales des pistes pour mieux r\u00e9pondre aux enjeux du vieillissement.<\/p>\n\n\n\n<hr class=\"wp-block-separator\"\/>\n\n\n\n<p><strong>La pr\u00e9sence des chambres de commerce dans les CDAC jug\u00e9e incompatible avec le droit europ\u00e9en.<\/strong> Dans <a rel=\"noreferrer noopener\" href=\"https:\/\/curia.europa.eu\/juris\/document\/document.jsf?text=&amp;docid=244195&amp;pageIndex=0&amp;doclang=fr&amp;mode=req&amp;dir=&amp;occ=first&amp;part=1&amp;cid=528260\" target=\"_blank\">un arr\u00eat&nbsp;du 15 juillet 2021<\/a>, la Cour de justice de l&rsquo;Union europ\u00e9enne (CJUE) consid\u00e8re que la pr\u00e9sence des chambres de commerce et d&rsquo;industrie au sein des&nbsp;commissions d\u00e9partementales d&rsquo;am\u00e9nagement commercial (CDAC) n&rsquo;est pas compatible avec le droit europ\u00e9en, m\u00eame si les CCI n&rsquo;y ont pas droit de vote. Le juge europ\u00e9en estime que&nbsp;l&rsquo;influence des chambres peut contrevenir aux int\u00e9r\u00eats du demandeur.<\/p>\n\n\n\n<hr class=\"wp-block-separator\"\/>\n\n\n\n<p><strong>Principe de l\u2019\u00e9galit\u00e9 des r\u00e9mun\u00e9rations entre les femmes et les hommes<\/strong> consacr\u00e9 par <a rel=\"noreferrer noopener\" href=\"https:\/\/kiosque.bercy.gouv.fr\/alyas\/view\/gonote\/17459\/5\" target=\"_blank\">un arr\u00eat de la Cour de justice de l\u2019Union europ\u00e9enne du 3 juin 2021<\/a>, obtenu par un recours port\u00e9 par 6000 employ\u00e9-es et ex-employ\u00e9-es d\u2019une soci\u00e9t\u00e9 anglaise. CJUE, K e.a v. Tesco Stores, 3 juin 2021, C-624\/19<\/p>\n\n\n\n<hr class=\"wp-block-separator\"\/>\n\n\n\n<p><strong><a rel=\"noreferrer noopener\" href=\"https:\/\/www.ecologie.gouv.fr\/sites\/default\/files\/RAPPORT%20DURON.pdf\" target=\"_blank\">Rapport Duron<\/a> sur l&rsquo;\u00e9volution du mod\u00e8le \u00e9conomique des transports collectifs durement touch\u00e9s par la crise sanitaire. <\/strong>Qui signale que les autorit\u00e9s organisatrices de la mobilit\u00e9 (AOM) de province n\u2019ont pas \u00e9t\u00e9 trait\u00e9es comme celle de l\u2019Ile de France. Il demande \u00e0 ce que les propositions les plus importantes soient inclues dans la loi de finance 2022.<\/p>\n","protected":false},"excerpt":{"rendered":"<p>Un guide pratique concernant la publication en ligne des donn\u00e9es publiques. La CADA (Commission d\u2019acc\u00e8s aux documents administratifs) et la CNIL (Commission nationale informatique et libert\u00e9s), viennent d\u2019\u00e9diter un \u00ab&nbsp;GUIDE PRATIQUE DE LA PUBLICATION EN LIGNE ET DE LA R\u00c9UTILISATION DES DONN\u00c9ES PUBLIQUES (\u00ab OPEN DATA \u00bb)&nbsp;\u00bb Co\u00fbt social du bruit en France. Une \u00e9tude [&hellip;]<\/p>\n","protected":false},"author":1,"featured_media":0,"comment_status":"closed","ping_status":"open","sticky":false,"template":"","format":"standard","meta":{"twitterCardType":"","cardImageID":0,"cardImage":"","cardTitle":"","cardDesc":"","cardImageAlt":"","cardPlayer":"","cardPlayerWidth":0,"cardPlayerHeight":0,"cardPlayerStream":"","cardPlayerCodec":"","footnotes":""},"categories":[62,11],"tags":[317,356,152,99,33],"class_list":["post-19128","post","type-post","status-publish","format-standard","hentry","category-le-rouge-le-vert-hebdo","category-politique-locale","tag-bruit","tag-cnil","tag-pollution-2","tag-sante","tag-social"],"_links":{"self":[{"href":"https:\/\/www.ades-grenoble.org\/wordpress\/wp-json\/wp\/v2\/posts\/19128","targetHints":{"allow":["GET"]}}],"collection":[{"href":"https:\/\/www.ades-grenoble.org\/wordpress\/wp-json\/wp\/v2\/posts"}],"about":[{"href":"https:\/\/www.ades-grenoble.org\/wordpress\/wp-json\/wp\/v2\/types\/post"}],"author":[{"embeddable":true,"href":"https:\/\/www.ades-grenoble.org\/wordpress\/wp-json\/wp\/v2\/users\/1"}],"replies":[{"embeddable":true,"href":"https:\/\/www.ades-grenoble.org\/wordpress\/wp-json\/wp\/v2\/comments?post=19128"}],"version-history":[{"count":3,"href":"https:\/\/www.ades-grenoble.org\/wordpress\/wp-json\/wp\/v2\/posts\/19128\/revisions"}],"predecessor-version":[{"id":19131,"href":"https:\/\/www.ades-grenoble.org\/wordpress\/wp-json\/wp\/v2\/posts\/19128\/revisions\/19131"}],"wp:attachment":[{"href":"https:\/\/www.ades-grenoble.org\/wordpress\/wp-json\/wp\/v2\/media?parent=19128"}],"wp:term":[{"taxonomy":"category","embeddable":true,"href":"https:\/\/www.ades-grenoble.org\/wordpress\/wp-json\/wp\/v2\/categories?post=19128"},{"taxonomy":"post_tag","embeddable":true,"href":"https:\/\/www.ades-grenoble.org\/wordpress\/wp-json\/wp\/v2\/tags?post=19128"}],"curies":[{"name":"wp","href":"https:\/\/api.w.org\/{rel}","templated":true}]}}