{"id":19214,"date":"2021-09-11T19:12:59","date_gmt":"2021-09-11T17:12:59","guid":{"rendered":"https:\/\/www.ades-grenoble.org\/wordpress\/?p=19214"},"modified":"2021-09-11T19:41:54","modified_gmt":"2021-09-11T17:41:54","slug":"greve-au-service-metrovelo","status":"publish","type":"post","link":"https:\/\/www.ades-grenoble.org\/wordpress\/2021\/09\/11\/greve-au-service-metrovelo\/","title":{"rendered":"Gr\u00e8ve au service M\u00e9trov\u00e9lo"},"content":{"rendered":"\n<div class=\"wp-block-image is-style-default\"><figure class=\"alignleft size-large\"><img loading=\"lazy\" decoding=\"async\" width=\"300\" height=\"300\" src=\"https:\/\/www.ades-grenoble.org\/wordpress\/wp-content\/uploads\/2021\/09\/metrovelo.jpg\" alt=\"\" class=\"wp-image-19215\" srcset=\"https:\/\/www.ades-grenoble.org\/wordpress\/wp-content\/uploads\/2021\/09\/metrovelo.jpg 300w, https:\/\/www.ades-grenoble.org\/wordpress\/wp-content\/uploads\/2021\/09\/metrovelo-150x150.jpg 150w, https:\/\/www.ades-grenoble.org\/wordpress\/wp-content\/uploads\/2021\/09\/metrovelo-144x144.jpg 144w\" sizes=\"auto, (max-width: 300px) 100vw, 300px\" \/><\/figure><\/div>\n\n\n\n<p>Les salari\u00e9s de la soci\u00e9t\u00e9 Cykl\u00e9o qui g\u00e8re l\u2019exploitation du service M\u00e9trov\u00e9lo pour le compte du SMMAG sont en gr\u00e8ve depuis le 7 septembre.<\/p>\n\n\n\n<p>Cykl\u00e9o g\u00e8re ce service dans le cadre du march\u00e9 public n\u00b02019-673 \u00ab <em>Exploitation du service de location v\u00e9lo et de consignes METROVELO<\/em> \u00bb, conclu pour une dur\u00e9e de 4 ans, du 1er janvier 2020 au 31 d\u00e9cembre 2023, suivant une d\u00e9lib\u00e9ration de la M\u00e9tropole du 27 septembre 2019. Puis ce march\u00e9 a \u00e9t\u00e9 transf\u00e9r\u00e9 au SMMAG en tant qu\u2019autorit\u00e9 organisatrice de la mobilit\u00e9 en 2020.<\/p>\n\n\n\n<p>L\u2019explosion de l\u2019utilisation du v\u00e9lo (presque 10&nbsp;000 M\u00e9trov\u00e9los) n\u2019a pas \u00e9t\u00e9 anticip\u00e9e par Cykl\u00e9o, ni par le pr\u00e9sident du SMMAG. Les personnels (38 salari\u00e9s) se plaignent de la d\u00e9gradation constante des conditions de travail, d&rsquo;un manque de moyens humains et mat\u00e9riels, d\u2019un dialogue social d\u00e9ficient, de nouveaux logiciels d\u00e9faillants et mettant en danger la continuit\u00e9 du service public et la satisfaction des usagers. Il n\u2019y a pas assez de m\u00e9canicien pour r\u00e9parer les 1400 v\u00e9los en attente. Le logiciel de location n\u2019est pas adapt\u00e9 \u00e0 la quantit\u00e9 de demandes\u2026<\/p>\n\n\n\n<!--more-->\n\n\n\n<p>Les gr\u00e9vistes ne demandent pas une augmentation de salaire mais des moyens pour remplir leur mission de service public, en cela ils se font les d\u00e9fenseurs du service public.<\/p>\n\n\n\n<p>Pour les soutenir signer leur p\u00e9tition <a href=\"https:\/\/email2.mail2.leslignesbougent.org\/c\/eJwVj81qxSAUhJ8m2Sk5auLNIotuuij0GcrxeuIVvBr8Sdq3r4EZGJjhg7Gb1BrRjn6DaZEzCCE5iAUWCVKrWU9CC_6FJ36jD7yY359WKMM0w6AmWFYuZsXh0S3l-NpQqFWtdtqBtBXrbDp9eeyghDarsmIM26vWowzyYxCfXdd18UAleBepmNQcxcpTdr06qPrqUyw9v6nmdFJI7JlizcQCsje2E30h5qjcO2aJxXSXmG8MO5oJ_smkgrUjxrz9YYz8naJD03LrB1ymmEwgvud_XgZURw\" target=\"_blank\" rel=\"noreferrer noopener\">ici<\/a>.<\/p>\n\n\n\n<p>Les \u00e9lus du groupe Une M\u00e9tropole d&rsquo;Avance (UMA) ont rencontr\u00e9 les gr\u00e9vistes et demand\u00e9 au pr\u00e9sident du SMMAG de les recevoir pour entendre leurs revendications, r\u00e9pondre \u00e0 leurs justes demandes de moyens compl\u00e9mentaires et permettre l&rsquo;ouverture d&rsquo;un dialogue social manifestement d\u00e9faillant dans l&rsquo;entreprise. Le prochain comit\u00e9 syndical du SMMAG pr\u00e9voit un avenant au contrat avec Cykl\u00e9o, cet avenant doit pouvoir comprendre les moyens afin de garantir la continuit\u00e9 et la qualit\u00e9 du service public dans un contexte de tr\u00e8s forte croissance des usagers et des demandes.<\/p>\n","protected":false},"excerpt":{"rendered":"<p>Les salari\u00e9s de la soci\u00e9t\u00e9 Cykl\u00e9o qui g\u00e8re l\u2019exploitation du service M\u00e9trov\u00e9lo pour le compte du SMMAG sont en gr\u00e8ve depuis le 7 septembre. Cykl\u00e9o g\u00e8re ce service dans le cadre du march\u00e9 public n\u00b02019-673 \u00ab Exploitation du service de location v\u00e9lo et de consignes METROVELO \u00bb, conclu pour une dur\u00e9e de 4 ans, du [&hellip;]<\/p>\n","protected":false},"author":1,"featured_media":0,"comment_status":"closed","ping_status":"open","sticky":false,"template":"","format":"standard","meta":{"twitterCardType":"","cardImageID":0,"cardImage":"","cardTitle":"","cardDesc":"","cardImageAlt":"","cardPlayer":"","cardPlayerWidth":0,"cardPlayerHeight":0,"cardPlayerStream":"","cardPlayerCodec":"","footnotes":""},"categories":[62,11],"tags":[5,280,12,211,33],"class_list":["post-19214","post","type-post","status-publish","format-standard","hentry","category-le-rouge-le-vert-hebdo","category-politique-locale","tag-deplacements","tag-metropole","tag-mobilisations","tag-modes-actifs","tag-social"],"_links":{"self":[{"href":"https:\/\/www.ades-grenoble.org\/wordpress\/wp-json\/wp\/v2\/posts\/19214","targetHints":{"allow":["GET"]}}],"collection":[{"href":"https:\/\/www.ades-grenoble.org\/wordpress\/wp-json\/wp\/v2\/posts"}],"about":[{"href":"https:\/\/www.ades-grenoble.org\/wordpress\/wp-json\/wp\/v2\/types\/post"}],"author":[{"embeddable":true,"href":"https:\/\/www.ades-grenoble.org\/wordpress\/wp-json\/wp\/v2\/users\/1"}],"replies":[{"embeddable":true,"href":"https:\/\/www.ades-grenoble.org\/wordpress\/wp-json\/wp\/v2\/comments?post=19214"}],"version-history":[{"count":2,"href":"https:\/\/www.ades-grenoble.org\/wordpress\/wp-json\/wp\/v2\/posts\/19214\/revisions"}],"predecessor-version":[{"id":19223,"href":"https:\/\/www.ades-grenoble.org\/wordpress\/wp-json\/wp\/v2\/posts\/19214\/revisions\/19223"}],"wp:attachment":[{"href":"https:\/\/www.ades-grenoble.org\/wordpress\/wp-json\/wp\/v2\/media?parent=19214"}],"wp:term":[{"taxonomy":"category","embeddable":true,"href":"https:\/\/www.ades-grenoble.org\/wordpress\/wp-json\/wp\/v2\/categories?post=19214"},{"taxonomy":"post_tag","embeddable":true,"href":"https:\/\/www.ades-grenoble.org\/wordpress\/wp-json\/wp\/v2\/tags?post=19214"}],"curies":[{"name":"wp","href":"https:\/\/api.w.org\/{rel}","templated":true}]}}