{"id":19254,"date":"2021-09-24T14:22:19","date_gmt":"2021-09-24T12:22:19","guid":{"rendered":"https:\/\/www.ades-grenoble.org\/wordpress\/?p=19254"},"modified":"2021-09-24T15:43:47","modified_gmt":"2021-09-24T13:43:47","slug":"stupefiants-les-deux-tiers-des-amendes-forfaitaires-ne-sont-pas-recouvrees","status":"publish","type":"post","link":"https:\/\/www.ades-grenoble.org\/wordpress\/2021\/09\/24\/stupefiants-les-deux-tiers-des-amendes-forfaitaires-ne-sont-pas-recouvrees\/","title":{"rendered":"Stup\u00e9fiants : les deux-tiers des amendes forfaitaires ne sont pas recouvr\u00e9es"},"content":{"rendered":"\n<div class=\"wp-block-image is-style-default\"><figure class=\"alignleft size-large\"><img loading=\"lazy\" decoding=\"async\" width=\"400\" height=\"267\" src=\"https:\/\/www.ades-grenoble.org\/wordpress\/wp-content\/uploads\/2014\/08\/Elysee.jpg\" alt=\"\" class=\"wp-image-8972\" srcset=\"https:\/\/www.ades-grenoble.org\/wordpress\/wp-content\/uploads\/2014\/08\/Elysee.jpg 400w, https:\/\/www.ades-grenoble.org\/wordpress\/wp-content\/uploads\/2014\/08\/Elysee-150x100.jpg 150w, https:\/\/www.ades-grenoble.org\/wordpress\/wp-content\/uploads\/2014\/08\/Elysee-300x200.jpg 300w\" sizes=\"auto, (max-width: 400px) 100vw, 400px\" \/><\/figure><\/div>\n\n\n\n<p>La politique gouvernementale concernant la lutte contre l\u2019\u00e9conomie parall\u00e8le domin\u00e9e par la vente de stup\u00e9fiants est totalement \u00e0 la ramasse. Il avait \u00e9t\u00e9 d\u00e9cid\u00e9 d\u2019exp\u00e9rimenter la mise en place des amendes forfaitaires d\u00e9lictuelle (AFD) pour \u00e9viter que les consommateurs ou dealers pris la main dans le sac, passent au tribunal et ainsi acc\u00e9l\u00e9rer la r\u00e9pression et esp\u00e9rer faire diminuer le trafic. Mais l\u00e0 aussi c\u2019est un \u00e9chec patent, la plupart des amendes ne sont pas recouvr\u00e9es.<\/p>\n\n\n\n<p>La loi n\u00b0 2019-222 du 23 mars 2019 de programmation 2018-2022 et de r\u00e9forme pour la justice a \u00e9tendu la possibilit\u00e9 de recourir \u00e0 l\u2019amende forfaitaire d\u00e9lictuelle (AFD) pour r\u00e9primer l\u2019usage de stup\u00e9fiants. Sa mise en \u0153uvre a d\u00e9but\u00e9 le 16 juin 2020 par une exp\u00e9rimentation sur les ressorts des tribunaux judiciaires de Cr\u00e9teil, Reims, Rennes, Lille et Marseille. Elle a \u00e9t\u00e9 g\u00e9n\u00e9ralis\u00e9e \u00e0 l\u2019ensemble du territoire d\u00e8s le 1er septembre 2021<\/p>\n\n\n\n<p>Les chiffres officiels donn\u00e9s par le gouvernement justifient la l\u00e9galisation du cannabis, vu l\u2019incapacit\u00e9 de la r\u00e9pression \u00e0 contenir ce ph\u00e9nom\u00e8ne et seul moyen pour casser l\u2019\u00e9conomie parall\u00e8le qui gangr\u00e8ne de nombreux territoires, l\u00e9galisation accompagn\u00e9e par une politique de pr\u00e9vention dynamique.<\/p>\n\n\n\n<!--more-->\n\n\n\n<p>Le recours \u00e0 cette nouvelle voie proc\u00e9durale permet aux forces de l\u2019ordre de sanctionner le d\u00e9lit d\u2019usage illicite de stup\u00e9fiants par proc\u00e8s-verbal \u00e9lectronique (PVe) via leurs terminaux mobiles, par une amende forfaitaire d\u00e9lictuelle de 200 euros qui peut \u00eatre minor\u00e9e \u00e0 150 euros (si le paiement intervient dans les 15 jours) ou major\u00e9e \u00e0 450 euros (pour un paiement au-del\u00e0 de 45 jours).<\/p>\n\n\n\n<p>Lors du<a href=\"https:\/\/www.gouvernement.fr\/conseil-des-ministres\/2021-09-15\" target=\"_blank\" rel=\"noreferrer noopener\"> conseil des ministres du 15 septembre <\/a>une communication sur ces questions a pr\u00e9cis\u00e9 des chiffres \u00e9loquents\u00a0: Entre le 1er septembre 2020 et le 9 septembre 2021, pr\u00e8s de 100.000 amendes ont \u00e9t\u00e9 trait\u00e9es par l\u2019Agence nationale de traitement automatis\u00e9 des infractions (ANTAI), soit une moyenne quotidienne de 267 AFD. Sur une zone g\u00e9ographique de plusieurs millions d\u2019habitant. Ce qui est assez ridicule face au nombre de transactions quotidienne sur l\u2019ensemble de ces territoires (Cr\u00e9teil, Reims, Rennes, Lille et Marseille).<\/p>\n\n\n\n<p>Un chiffre int\u00e9ressant&nbsp;: l\u2019essentiel des verbalisations concerne le cannabis (97,8 % des verbalisations).<\/p>\n\n\n\n<p>Et en plus 66% des amendes ne sont pas recouvr\u00e9es&nbsp;!<\/p>\n\n\n\n<p>Un d\u00e9cret du 18 aout 2021 vise \u00e0 remplacer les lettres en recommand\u00e9 par des lettres simples, le gouvernement esp\u00e8re que les lettres seront mieux re\u00e7ues (39% des lettres recommand\u00e9es ne sont pas re\u00e7ues). Mais est ce que le contrevenant payera mieux&nbsp;?<\/p>\n\n\n\n<p>Le ministre de l&rsquo;Int\u00e9rieur confirme que l\u2019exp\u00e9rimentation de l\u2019AFD pour les occupations illicites de terrains et de halls d\u2019immeubles sera men\u00e9e \u00e0 partir de fin octobre 2021 dans 6 ressorts de tribunaux judiciaires (Rennes, Reims, Foix, Lille, Marseille, Cr\u00e9teil), la g\u00e9n\u00e9ralisation sur l\u2019ensemble du territoire national \u00e9tant pr\u00e9vue au premier trimestre 2022.<\/p>\n","protected":false},"excerpt":{"rendered":"<p>La politique gouvernementale concernant la lutte contre l\u2019\u00e9conomie parall\u00e8le domin\u00e9e par la vente de stup\u00e9fiants est totalement \u00e0 la ramasse. Il avait \u00e9t\u00e9 d\u00e9cid\u00e9 d\u2019exp\u00e9rimenter la mise en place des amendes forfaitaires d\u00e9lictuelle (AFD) pour \u00e9viter que les consommateurs ou dealers pris la main dans le sac, passent au tribunal et ainsi acc\u00e9l\u00e9rer la r\u00e9pression [&hellip;]<\/p>\n","protected":false},"author":1,"featured_media":0,"comment_status":"closed","ping_status":"open","sticky":false,"template":"","format":"standard","meta":{"twitterCardType":"","cardImageID":0,"cardImage":"","cardTitle":"","cardDesc":"","cardImageAlt":"","cardPlayer":"","cardPlayerWidth":0,"cardPlayerHeight":0,"cardPlayerStream":"","cardPlayerCodec":"","footnotes":""},"categories":[62,11],"tags":[296,196,240,99],"class_list":["post-19254","post","type-post","status-publish","format-standard","hentry","category-le-rouge-le-vert-hebdo","category-politique-locale","tag-drogues","tag-etat","tag-repression","tag-sante"],"_links":{"self":[{"href":"https:\/\/www.ades-grenoble.org\/wordpress\/wp-json\/wp\/v2\/posts\/19254","targetHints":{"allow":["GET"]}}],"collection":[{"href":"https:\/\/www.ades-grenoble.org\/wordpress\/wp-json\/wp\/v2\/posts"}],"about":[{"href":"https:\/\/www.ades-grenoble.org\/wordpress\/wp-json\/wp\/v2\/types\/post"}],"author":[{"embeddable":true,"href":"https:\/\/www.ades-grenoble.org\/wordpress\/wp-json\/wp\/v2\/users\/1"}],"replies":[{"embeddable":true,"href":"https:\/\/www.ades-grenoble.org\/wordpress\/wp-json\/wp\/v2\/comments?post=19254"}],"version-history":[{"count":1,"href":"https:\/\/www.ades-grenoble.org\/wordpress\/wp-json\/wp\/v2\/posts\/19254\/revisions"}],"predecessor-version":[{"id":19255,"href":"https:\/\/www.ades-grenoble.org\/wordpress\/wp-json\/wp\/v2\/posts\/19254\/revisions\/19255"}],"wp:attachment":[{"href":"https:\/\/www.ades-grenoble.org\/wordpress\/wp-json\/wp\/v2\/media?parent=19254"}],"wp:term":[{"taxonomy":"category","embeddable":true,"href":"https:\/\/www.ades-grenoble.org\/wordpress\/wp-json\/wp\/v2\/categories?post=19254"},{"taxonomy":"post_tag","embeddable":true,"href":"https:\/\/www.ades-grenoble.org\/wordpress\/wp-json\/wp\/v2\/tags?post=19254"}],"curies":[{"name":"wp","href":"https:\/\/api.w.org\/{rel}","templated":true}]}}