{"id":19256,"date":"2021-09-24T14:26:06","date_gmt":"2021-09-24T12:26:06","guid":{"rendered":"https:\/\/www.ades-grenoble.org\/wordpress\/?p=19256"},"modified":"2021-09-24T15:43:51","modified_gmt":"2021-09-24T13:43:51","slug":"lonu-reproche-a-la-france-sa-politique-du-handicap","status":"publish","type":"post","link":"https:\/\/www.ades-grenoble.org\/wordpress\/2021\/09\/24\/lonu-reproche-a-la-france-sa-politique-du-handicap\/","title":{"rendered":"L\u2019ONU reproche \u00e0 la France sa politique du handicap"},"content":{"rendered":"\n<div class=\"wp-block-image is-style-rounded\"><figure class=\"alignleft size-large\"><img loading=\"lazy\" decoding=\"async\" width=\"393\" height=\"330\" src=\"https:\/\/www.ades-grenoble.org\/wordpress\/wp-content\/uploads\/2017\/11\/onu.jpg\" alt=\"\" class=\"wp-image-13528\" srcset=\"https:\/\/www.ades-grenoble.org\/wordpress\/wp-content\/uploads\/2017\/11\/onu.jpg 393w, https:\/\/www.ades-grenoble.org\/wordpress\/wp-content\/uploads\/2017\/11\/onu-150x126.jpg 150w, https:\/\/www.ades-grenoble.org\/wordpress\/wp-content\/uploads\/2017\/11\/onu-300x252.jpg 300w\" sizes=\"auto, (max-width: 393px) 100vw, 393px\" \/><\/figure><\/div>\n\n\n\n<p><a href=\"https:\/\/www.ohchr.org\/FR\/NewsEvents\/Pages\/DisplayNews.aspx?NewsID=27399&amp;LangID=F\" target=\"_blank\" rel=\"noreferrer noopener\">Le Comit\u00e9 des droits des personnes handicap\u00e9es des Nations unies (CDPH) reproche \u00e0 la France son manque d&rsquo;approche fond\u00e9e sur les droits de l&rsquo;homme,<\/a> malgr\u00e9 certains progr\u00e8s, par exemple en mati\u00e8re d&#8217;emploi.\u00a0<\/p>\n\n\n\n<p>Le <a href=\"https:\/\/www.ohchr.org\/fr\/hrbodies\/crpd\/pages\/crpdindex.aspx\" target=\"_blank\" rel=\"noreferrer noopener\">CDPH<\/a> estime que la France n\u2019applique la convention des Nations unies relative aux droits des personnes handicap\u00e9es (CIDPH), que la France avait ratifi\u00e9 ratifi\u00e9e en mars 2010. C\u2019est la r\u00e9p\u00e9tition de ce qui s\u2019\u00e9tait pass\u00e9 lors de la pr\u00e9c\u00e9dente audition il y a 4 ans.<\/p>\n\n\n\n<p>La session a eu lieu du 18 au 23 ao\u00fbt en visioconf\u00e9rence. La France avait rendu son rapport initial en mai 2016 et a r\u00e9pondu \u00e0 un questionnaire compl\u00e9mentaire en septembre 2020. L&rsquo;audition de 2021 a donc \u00e9t\u00e9 la derni\u00e8re avant la publication du rapport le 14 septembre.<br>Le communiqu\u00e9 du 23 ao\u00fbt de la commission est intitul\u00e9\u00a0: \u00ab\u00a0La France n\u2019a pas encore int\u00e9gr\u00e9 l\u2019approche du handicap fond\u00e9e sur les droits de l\u2019homme, regrette le Comit\u00e9 des droits des personnes handicap\u00e9es\u00a0\u00bb<br>En voici un extrait\u00a0:<\/p>\n\n\n\n<!--more-->\n\n\n\n<p><em>\u00ab&nbsp;Les mesures prises par la France ne traduisent pas le mod\u00e8le du handicap bas\u00e9 sur les droits de l\u2019homme qui est d\u00e9fendu par la&nbsp;<a href=\"https:\/\/www.ohchr.org\/FR\/ProfessionalInterest\/Pages\/ConventionRightsPersonsWithDisabilities.aspx\">Convention relative aux droits des personnes handicap\u00e9es<\/a>. D\u2019autres strat\u00e9gies fran\u00e7aises li\u00e9es au handicap, telle que la feuille de route de 2018 pour la sant\u00e9 mentale et la psychiatrie, se r\u00e9f\u00e8rent encore au mod\u00e8le m\u00e9dical du handicap, alors qu\u2019il est reconnu comme \u00e9tant discriminatoire, a regrett\u00e9 un membre du&nbsp;<a href=\"https:\/\/www.ohchr.org\/FR\/HRBodies\/CRPD\/Pages\/CRPDIndex.aspx\">Comit\u00e9 des droits des personnes handicap\u00e9es<\/a>&nbsp;lors de l\u2019examen du rapport initial de la France, qui se tenait depuis la semaine derni\u00e8re et a pris fin cet apr\u00e8s-midi.<\/em><\/p>\n\n\n\n<p><em>Cet expert \u2013 M. Jonas Ruskus, qui faisait office de rapporteur du Comit\u00e9 pour l\u2019examen du rapport de la France \u2013 s\u2019est dit d\u00e9\u00e7u par les niveaux de discrimination structurelle \u00e0 l\u2019encontre des personnes en situation de handicap en France et a jug\u00e9 tr\u00e8s pr\u00e9occupant que la France n\u2019ait pas pour objectif de mettre fin \u00e0 l\u2019institutionnalisation de personnes handicap\u00e9es, y compris d\u2019enfants. \u00c9galement tr\u00e8s pr\u00e9occupants sont les dispositifs d\u2019hospitalisation et de traitement sous contrainte bas\u00e9s sur la pathologisation du comportement, a-t-il ajout\u00e9. Il a esp\u00e9r\u00e9 que la France passerait au mod\u00e8le du handicap bas\u00e9 sur les droits de l\u2019homme\u2026&nbsp;\u00bb<\/em><\/p>\n\n\n\n<p>Le tr\u00e8s long communiqu\u00e9 se termine par&nbsp;:<\/p>\n\n\n\n<p><em>\u00ab\u00a0M. RUSKUS a remerci\u00e9 la d\u00e9l\u00e9gation pour le dialogue tr\u00e8s constructif nou\u00e9 avec les membres du Comit\u00e9. Il s\u2019est dit d\u00e9\u00e7u par les niveaux de discrimination structurelle \u00e0 l\u2019encontre des personnes en situation de handicap en France et a jug\u00e9 tr\u00e8s pr\u00e9occupant que la France n\u2019ait pas pour objectif de mettre fin \u00e0 l\u2019institutionnalisation de personnes handicap\u00e9es, y compris d\u2019enfants. \u00c9galement tr\u00e8s pr\u00e9occupants sont les dispositifs d\u2019hospitalisation et de traitement sous contrainte bas\u00e9s sur la pathologisation du comportement. La protection ne doit pas se traduire par une privation des droits humains, mais par la protection et la promotion des droits de l\u2019homme des personnes en situation de handicap, comme pour toutes les autres personnes, a soulign\u00e9 M. Ruskus. Il a esp\u00e9r\u00e9 que la France passerait au mod\u00e8le du handicap bas\u00e9 sur les droits de l\u2019homme.\u00a0\u00bb<\/em><\/p>\n","protected":false},"excerpt":{"rendered":"<p>Le Comit\u00e9 des droits des personnes handicap\u00e9es des Nations unies (CDPH) reproche \u00e0 la France son manque d&rsquo;approche fond\u00e9e sur les droits de l&rsquo;homme, malgr\u00e9 certains progr\u00e8s, par exemple en mati\u00e8re d&#8217;emploi.\u00a0 Le CDPH estime que la France n\u2019applique la convention des Nations unies relative aux droits des personnes handicap\u00e9es (CIDPH), que la France avait [&hellip;]<\/p>\n","protected":false},"author":1,"featured_media":0,"comment_status":"closed","ping_status":"open","sticky":false,"template":"","format":"standard","meta":{"twitterCardType":"","cardImageID":0,"cardImage":"","cardTitle":"","cardDesc":"","cardImageAlt":"","cardPlayer":"","cardPlayerWidth":0,"cardPlayerHeight":0,"cardPlayerStream":"","cardPlayerCodec":"","footnotes":""},"categories":[62,11],"tags":[298,225,176],"class_list":["post-19256","post","type-post","status-publish","format-standard","hentry","category-le-rouge-le-vert-hebdo","category-politique-locale","tag-france","tag-handicap","tag-international"],"_links":{"self":[{"href":"https:\/\/www.ades-grenoble.org\/wordpress\/wp-json\/wp\/v2\/posts\/19256","targetHints":{"allow":["GET"]}}],"collection":[{"href":"https:\/\/www.ades-grenoble.org\/wordpress\/wp-json\/wp\/v2\/posts"}],"about":[{"href":"https:\/\/www.ades-grenoble.org\/wordpress\/wp-json\/wp\/v2\/types\/post"}],"author":[{"embeddable":true,"href":"https:\/\/www.ades-grenoble.org\/wordpress\/wp-json\/wp\/v2\/users\/1"}],"replies":[{"embeddable":true,"href":"https:\/\/www.ades-grenoble.org\/wordpress\/wp-json\/wp\/v2\/comments?post=19256"}],"version-history":[{"count":1,"href":"https:\/\/www.ades-grenoble.org\/wordpress\/wp-json\/wp\/v2\/posts\/19256\/revisions"}],"predecessor-version":[{"id":19257,"href":"https:\/\/www.ades-grenoble.org\/wordpress\/wp-json\/wp\/v2\/posts\/19256\/revisions\/19257"}],"wp:attachment":[{"href":"https:\/\/www.ades-grenoble.org\/wordpress\/wp-json\/wp\/v2\/media?parent=19256"}],"wp:term":[{"taxonomy":"category","embeddable":true,"href":"https:\/\/www.ades-grenoble.org\/wordpress\/wp-json\/wp\/v2\/categories?post=19256"},{"taxonomy":"post_tag","embeddable":true,"href":"https:\/\/www.ades-grenoble.org\/wordpress\/wp-json\/wp\/v2\/tags?post=19256"}],"curies":[{"name":"wp","href":"https:\/\/api.w.org\/{rel}","templated":true}]}}