{"id":19261,"date":"2021-09-24T14:37:21","date_gmt":"2021-09-24T12:37:21","guid":{"rendered":"https:\/\/www.ades-grenoble.org\/wordpress\/?p=19261"},"modified":"2021-09-24T15:44:00","modified_gmt":"2021-09-24T13:44:00","slug":"climat-vers-une-augmentation-de-27-c-a-la-fin-du-siecle","status":"publish","type":"post","link":"https:\/\/www.ades-grenoble.org\/wordpress\/2021\/09\/24\/climat-vers-une-augmentation-de-27-c-a-la-fin-du-siecle\/","title":{"rendered":"Climat vers une augmentation de 2,7 \u00b0C \u00e0 la fin du si\u00e8cle ?"},"content":{"rendered":"\n<div class=\"wp-block-image is-style-default\"><figure class=\"alignleft size-large\"><img loading=\"lazy\" decoding=\"async\" width=\"380\" height=\"217\" src=\"https:\/\/www.ades-grenoble.org\/wordpress\/wp-content\/uploads\/2020\/05\/HCC.jpg\" alt=\"\" class=\"wp-image-17213\" srcset=\"https:\/\/www.ades-grenoble.org\/wordpress\/wp-content\/uploads\/2020\/05\/HCC.jpg 380w, https:\/\/www.ades-grenoble.org\/wordpress\/wp-content\/uploads\/2020\/05\/HCC-150x86.jpg 150w, https:\/\/www.ades-grenoble.org\/wordpress\/wp-content\/uploads\/2020\/05\/HCC-300x171.jpg 300w\" sizes=\"auto, (max-width: 380px) 100vw, 380px\" \/><\/figure><\/div>\n\n\n\n<p>Le Haut conseil pour le climat a pr\u00e9sent\u00e9, le 16 septembre, la version grand public et plus accessible de son rapport annuel \u00ab <em><a rel=\"noreferrer noopener\" href=\"https:\/\/news.un.org\/fr\/story\/2021\/09\/1103972\" target=\"_blank\">Redresser le cap, relancer la <\/a><\/em><a rel=\"noreferrer noopener\" href=\"https:\/\/www.hautconseilclimat.fr\/wp-content\/uploads\/2021\/09\/HCC_Rapport_grand-public_2021.pdf\" target=\"_blank\"><em>transition<\/em> \u00bb,<\/a> publi\u00e9 en juin. Il rappelle que la France n\u2019est pas du tout sur la bonne trajectoire pour diminuer les \u00e9missions de gaz \u00e0 effet de serre.<\/p>\n\n\n\n<p>Apr\u00e8s le GIEC, l\u2019ONU en remet une couche.<\/p>\n\n\n\n<p>En l\u2019absence de mesures ambitieuses, l&rsquo;Accord de Paris sur le climat pourrait partir en fum\u00e9e, selon le secr\u00e9taire g\u00e9n\u00e9ral de l\u2019ONU le 17 septembre 2021&nbsp;:<strong> <\/strong><em>\u00ab&nbsp;\u00c0 moins que les pays riches ne s&rsquo;engagent \u00e0 lutter contre les \u00e9missions de gaz \u00e0 effet de serre maintenant, le monde est sur une \u00ab voie catastrophique \u00bb menant \u00e0 un r\u00e9chauffement de 2,7 degr\u00e9s Celsius d&rsquo;ici la fin du si\u00e8cle&nbsp;\u00bb. <\/em>Il faut r\u00e9agir de toute urgence pour emp\u00eacher une telle catastrophe.<\/p>\n\n\n\n<p>Des extraits du <a href=\"https:\/\/news.un.org\/fr\/story\/2021\/09\/1103972\" target=\"_blank\" rel=\"noreferrer noopener\">communiqu\u00e9 du Secr\u00e9taire g\u00e9n\u00e9ral de l\u2019ONU<\/a>\u00a0:<\/p>\n\n\n\n<!--more-->\n\n\n\n<p><em>\u00ab&nbsp;Le chef de l\u2019ONU a r\u00e9agi \u00e0 la publication par l&rsquo;agence des Nations Unies pour le climat (CCNUCC) d\u2019une mise \u00e0 jour sur les plans d&rsquo;action nationaux pour le climat (officiellement connus sous le nom de contributions d\u00e9termin\u00e9es au niveau national ou CDN) soumises par les 191 pays qui ont sign\u00e9 l&rsquo;accord.<\/em><\/p>\n\n\n\n<p><em>Le rapport indique que m\u00eame s&rsquo;il existe une tendance claire \u00e0 la r\u00e9duction des \u00e9missions de gaz \u00e0 effet de serre au fil du temps, les pays doivent de toute urgence redoubler d&rsquo;efforts s&rsquo;ils veulent emp\u00eacher un r\u00e9chauffement climatique d\u00e9sastreux \u00e0 l&rsquo;avenir.<\/em><\/p>\n\n\n\n<p><em>Le document comprend des mises \u00e0 jour des CDN de 113 pays qui repr\u00e9sentent environ 49% des \u00e9missions mondiales, y compris les pays de l&rsquo;Union europ\u00e9enne et les \u00c9tats-Unis.<\/em><\/p>\n\n\n\n<p><em>Ces pays s&rsquo;attendent globalement \u00e0 une diminution de 12% de leurs \u00e9missions de gaz \u00e0 effet de serre en 2030 par rapport \u00e0 2010. \u00ab C&rsquo;est une \u00e9tape importante \u00bb, souligne le rapport, mais insuffisante, comme l&rsquo;a soulign\u00e9 M. Guterres lors du Forum des grandes \u00e9conomies sur l&rsquo;\u00e9nergie et climat, anim\u00e9 par le Pr\u00e9sident des \u00c9tats-Unis, Joe Biden<\/em><\/p>\n\n\n\n<p><em>\u00ab Nous avons besoin de 45% de r\u00e9duction des \u00e9missions d&rsquo;ici 2030, pour atteindre la neutralit\u00e9 carbone d&rsquo;ici le milieu du si\u00e8cle\u2026 Il est clair que chacun doit assumer ses responsabilit\u00e9s \u00bb, a-t-il soulign\u00e9.<\/em><\/p>\n\n\n\n<p><em>70 pays ont indiqu\u00e9 leur adh\u00e9sion aux objectifs de neutralit\u00e9 carbone vers le milieu du si\u00e8cle. Si cela se mat\u00e9rialise, cela pourrait conduire \u00e0 des r\u00e9ductions d&rsquo;\u00e9missions encore plus importantes, d&rsquo;environ 26% d&rsquo;ici 2030, par rapport \u00e0 2010, explique le rapport.<\/em><\/p>\n\n\n\n<p><em>Alerte rouge<\/em><\/p>\n\n\n\n<p><em>Cependant, si les plans nationaux restent tels qu&rsquo;ils sont actuellement pour les 191 pays, les \u00e9missions mondiales moyennes en 2030 par rapport \u00e0 2010, au lieu de diminuer, augmenteront d&rsquo;environ 16%.<\/em><\/p>\n\n\n\n<p><em>Selon les derni\u00e8res conclusions du Groupe intergouvernemental d\u2019experts sur l\u2019\u00e9volution du climat (GIEC), cela signifierait qu&rsquo;\u00e0 moins que des mesures climatiques ne soient prises imm\u00e9diatement, cela pourrait entra\u00eener une augmentation de la temp\u00e9rature d&rsquo;environ 2,7 degr\u00e9s Celsius d&rsquo;ici la fin de ce si\u00e8cle.<\/em><\/p>\n\n\n\n<p><em>\u00ab Le r\u00e9cent rapport du GIEC \u00e9tait une alerte rouge pour l&rsquo;humanit\u00e9. Mais il a \u00e9galement clairement indiqu\u00e9 qu&rsquo;il n&rsquo;\u00e9tait pas trop tard pour atteindre l&rsquo;objectif de 1,5 degr\u00e9 de l&rsquo;Accord de Paris. Nous avons les outils pour atteindre cet objectif. Mais nous manquons rapidement de temps \u00bb, a soulign\u00e9 le chef de l&rsquo;ONU.<\/em><\/p>\n\n\n\n<p><em>Le Secr\u00e9taire g\u00e9n\u00e9ral a mis en exergue un d\u00e9fi particulier : l&rsquo;\u00e9nergie encore obtenue \u00e0 partir du charbon. \u00ab Si toutes les centrales \u00e0 charbon pr\u00e9vues deviennent op\u00e9rationnelles, nous ne serons pas seulement clairement au-dessus de 1,5 degr\u00e9, nous serons bien au-dessus de 2 degr\u00e9s. Les cibles adopt\u00e9es \u00e0 Paris partiraient en fum\u00e9e \u00bb<\/em><\/p>\n\n\n\n<p><em>Coalitions de solidarit\u00e9<\/em><\/p>\n\n\n\n<p><em>M. Guterres a appel\u00e9 \u00e0 la cr\u00e9ation de \u00ab coalitions de solidarit\u00e9 \u00bb entre les pays qui d\u00e9pendent encore fortement du charbon et les pays qui ont les ressources financi\u00e8res et techniques pour soutenir les transitions vers des sources d&rsquo;\u00e9nergie plus propres.<\/em><\/p>\n\n\n\n<p><em>Sans promesses et engagements financiers de la part des pays industrialis\u00e9s pour y parvenir, \u00ab il existe un risque \u00e9lev\u00e9 d&rsquo;\u00e9chec de la COP26 \u00bb, a poursuivi M. Guterres, faisant r\u00e9f\u00e9rence au sommet crucial de l&rsquo;ONU sur le climat \u00e0 Glasgow dans six semaines.<\/em><\/p>\n\n\n\n<p><em>\u00ab Les pays du G20 repr\u00e9sentent 80% des \u00e9missions mondiales. Leur leadership est plus que jamais n\u00e9cessaire. Les d\u00e9cisions qu&rsquo;ils prendront maintenant d\u00e9termineront si la promesse faite \u00e0 Paris est tenue ou rompue \u00bb, a-t-il pr\u00e9venu\u2026<\/em><\/p>\n\n\n\n<p><em>Un nombre important de plans climatiques nationaux des pays en d\u00e9veloppement, qui d\u00e9finissent des objectifs et des actions pour r\u00e9duire les \u00e9missions, contiennent des engagements conditionnels qui ne peuvent \u00eatre mis en \u0153uvre qu&rsquo;avec un acc\u00e8s \u00e0 des ressources financi\u00e8res am\u00e9lior\u00e9es et \u00e0 d&rsquo;autres formes de soutien.<\/em><\/p>\n\n\n\n<p><em>Pour M. Guterres, la lutte contre le changement climatique ne r\u00e9ussira que si tout le monde se mobilise pour promouvoir plus d&rsquo;ambition, plus de coop\u00e9ration et plus de cr\u00e9dibilit\u00e9. \u00ab Il ne faut plus ignorer la science. Ne plus ignorer les demandes des gens partout. Il est temps pour les dirigeants d\u2019agir, ou bien les populations de tous les pays paieront un prix tragique \u00bb.<\/em><\/p>\n","protected":false},"excerpt":{"rendered":"<p>Le Haut conseil pour le climat a pr\u00e9sent\u00e9, le 16 septembre, la version grand public et plus accessible de son rapport annuel \u00ab Redresser le cap, relancer la transition \u00bb, publi\u00e9 en juin. Il rappelle que la France n\u2019est pas du tout sur la bonne trajectoire pour diminuer les \u00e9missions de gaz \u00e0 effet de [&hellip;]<\/p>\n","protected":false},"author":1,"featured_media":0,"comment_status":"closed","ping_status":"open","sticky":false,"template":"","format":"standard","meta":{"twitterCardType":"","cardImageID":0,"cardImage":"","cardTitle":"","cardDesc":"","cardImageAlt":"","cardPlayer":"","cardPlayerWidth":0,"cardPlayerHeight":0,"cardPlayerStream":"","cardPlayerCodec":"","footnotes":""},"categories":[62,11],"tags":[223,366],"class_list":["post-19261","post","type-post","status-publish","format-standard","hentry","category-le-rouge-le-vert-hebdo","category-politique-locale","tag-climat","tag-onu"],"_links":{"self":[{"href":"https:\/\/www.ades-grenoble.org\/wordpress\/wp-json\/wp\/v2\/posts\/19261","targetHints":{"allow":["GET"]}}],"collection":[{"href":"https:\/\/www.ades-grenoble.org\/wordpress\/wp-json\/wp\/v2\/posts"}],"about":[{"href":"https:\/\/www.ades-grenoble.org\/wordpress\/wp-json\/wp\/v2\/types\/post"}],"author":[{"embeddable":true,"href":"https:\/\/www.ades-grenoble.org\/wordpress\/wp-json\/wp\/v2\/users\/1"}],"replies":[{"embeddable":true,"href":"https:\/\/www.ades-grenoble.org\/wordpress\/wp-json\/wp\/v2\/comments?post=19261"}],"version-history":[{"count":1,"href":"https:\/\/www.ades-grenoble.org\/wordpress\/wp-json\/wp\/v2\/posts\/19261\/revisions"}],"predecessor-version":[{"id":19262,"href":"https:\/\/www.ades-grenoble.org\/wordpress\/wp-json\/wp\/v2\/posts\/19261\/revisions\/19262"}],"wp:attachment":[{"href":"https:\/\/www.ades-grenoble.org\/wordpress\/wp-json\/wp\/v2\/media?parent=19261"}],"wp:term":[{"taxonomy":"category","embeddable":true,"href":"https:\/\/www.ades-grenoble.org\/wordpress\/wp-json\/wp\/v2\/categories?post=19261"},{"taxonomy":"post_tag","embeddable":true,"href":"https:\/\/www.ades-grenoble.org\/wordpress\/wp-json\/wp\/v2\/tags?post=19261"}],"curies":[{"name":"wp","href":"https:\/\/api.w.org\/{rel}","templated":true}]}}