{"id":19275,"date":"2021-09-24T15:33:11","date_gmt":"2021-09-24T13:33:11","guid":{"rendered":"https:\/\/www.ades-grenoble.org\/wordpress\/?p=19275"},"modified":"2021-09-24T15:44:22","modified_gmt":"2021-09-24T13:44:22","slug":"politique-politicienne-239","status":"publish","type":"post","link":"https:\/\/www.ades-grenoble.org\/wordpress\/2021\/09\/24\/politique-politicienne-239\/","title":{"rendered":"Politique politicienne"},"content":{"rendered":"\n<div class=\"wp-block-image is-style-default\"><figure class=\"alignleft size-large\"><img loading=\"lazy\" decoding=\"async\" width=\"200\" height=\"234\" src=\"https:\/\/www.ades-grenoble.org\/wordpress\/wp-content\/uploads\/2015\/01\/fou1.png\" alt=\"fou\" class=\"wp-image-9634\" srcset=\"https:\/\/www.ades-grenoble.org\/wordpress\/wp-content\/uploads\/2015\/01\/fou1.png 200w, https:\/\/www.ades-grenoble.org\/wordpress\/wp-content\/uploads\/2015\/01\/fou1-128x150.png 128w\" sizes=\"auto, (max-width: 200px) 100vw, 200px\" \/><\/figure><\/div>\n\n\n\n<p>Voil\u00e0 une confirmation qu&rsquo;O. Noblecourt ne pouvait pas supporter d\u2019\u00eatre dans l\u2019opposition. C\u2019est un \u00e9ternel d\u00e9missionnaire. En juin 2017 il avait d\u00e9j\u00e0 d\u00e9missionn\u00e9 du conseil municipal de Grenoble apr\u00e8s de longues absences. Il avait aussi quitt\u00e9 le PS pour travailler avec Macron en tant que d\u00e9l\u00e9gu\u00e9 interminist\u00e9riel. Apr\u00e8s une campagne \u00e9lectorale rat\u00e9e en 2020 (il a failli ne pas \u00eatre au 2\u00e8me&nbsp;tour alors qu\u2019il pensait pouvoir devenir maire), il s\u2019\u00e9tait install\u00e9 dans une opposition bruyante mais inefficace, se positionnant comme si la campagne \u00e9lectorale se poursuivait et se donnant l\u2019illusion d\u2019\u00eatre un recours en 2026. Maintenant il a d\u00e9cid\u00e9 de d\u00e9missionner de son mandat de conseiller municipal et par cons\u00e9quent de son mandat de conseiller communautaire, laissant les lambeaux de sa liste sur le bord du chemin.<\/p>\n\n\n\n<hr class=\"wp-block-separator\"\/>\n\n\n\n<p>Depuis le d\u00e9but de mandat, il y a eu de nombreuses modifications concernant les groupes politiques pr\u00e9sents \u00e0 la mairie de Grenoble. Actuellement il y a un groupe majoritaire de 45 \u00e9lu-es et 4 groupes d\u2019opposition repr\u00e9sentants 13 \u00e9lu-es et une \u00e9lue hors groupe. Dans la majorit\u00e9, un \u00e9lu a quitt\u00e9 le groupe \u00ab\u00a0Grenoble en commun\u00a0\u00bb, et vient d\u2019\u00eatre rejoint par le deuxi\u00e8me de la liste macroniste men\u00e9e par E. Chalas. Le groupe de Noblecourt a vu ses trois premiers de la liste disparaitre (avec le prochain d\u00e9part de la t\u00eate de liste) La liste de l\u2019ancien maire corrompu a vu de profondes transformations. A Carignon a oblig\u00e9 certains de ses colistiers et colisti\u00e8res \u00e0 d\u00e9missionner pour laisser la place \u00e0 des apparatchik bien \u00e0 droite qui lui sont d\u00e9vou\u00e9s et une \u00e9lue de sa liste a fait s\u00e9cession. Il n\u2019a plus que 6 personnes dans son groupe. Le groupe macroniste, perdant le second de liste n\u2019a plus que deux \u00e9lues. La d\u00e9put\u00e9e E. Chalas se trouve donc tr\u00e8s isol\u00e9e et aborde dans les plus mauvaises conditions politiques la campagne des l\u00e9gislatives pour sa r\u00e9\u00e9lection \u00bb.<\/p>\n","protected":false},"excerpt":{"rendered":"<p>Voil\u00e0 une confirmation qu&rsquo;O. Noblecourt ne pouvait pas supporter d\u2019\u00eatre dans l\u2019opposition. C\u2019est un \u00e9ternel d\u00e9missionnaire. En juin 2017 il avait d\u00e9j\u00e0 d\u00e9missionn\u00e9 du conseil municipal de Grenoble apr\u00e8s de longues absences. Il avait aussi quitt\u00e9 le PS pour travailler avec Macron en tant que d\u00e9l\u00e9gu\u00e9 interminist\u00e9riel. Apr\u00e8s une campagne \u00e9lectorale rat\u00e9e en 2020 (il [&hellip;]<\/p>\n","protected":false},"author":1,"featured_media":0,"comment_status":"closed","ping_status":"open","sticky":false,"template":"","format":"standard","meta":{"twitterCardType":"","cardImageID":0,"cardImage":"","cardTitle":"","cardDesc":"","cardImageAlt":"","cardPlayer":"","cardPlayerWidth":0,"cardPlayerHeight":0,"cardPlayerStream":"","cardPlayerCodec":"","footnotes":""},"categories":[62,11],"tags":[54],"class_list":["post-19275","post","type-post","status-publish","format-standard","hentry","category-le-rouge-le-vert-hebdo","category-politique-locale","tag-politique-droite-gauche"],"_links":{"self":[{"href":"https:\/\/www.ades-grenoble.org\/wordpress\/wp-json\/wp\/v2\/posts\/19275","targetHints":{"allow":["GET"]}}],"collection":[{"href":"https:\/\/www.ades-grenoble.org\/wordpress\/wp-json\/wp\/v2\/posts"}],"about":[{"href":"https:\/\/www.ades-grenoble.org\/wordpress\/wp-json\/wp\/v2\/types\/post"}],"author":[{"embeddable":true,"href":"https:\/\/www.ades-grenoble.org\/wordpress\/wp-json\/wp\/v2\/users\/1"}],"replies":[{"embeddable":true,"href":"https:\/\/www.ades-grenoble.org\/wordpress\/wp-json\/wp\/v2\/comments?post=19275"}],"version-history":[{"count":1,"href":"https:\/\/www.ades-grenoble.org\/wordpress\/wp-json\/wp\/v2\/posts\/19275\/revisions"}],"predecessor-version":[{"id":19276,"href":"https:\/\/www.ades-grenoble.org\/wordpress\/wp-json\/wp\/v2\/posts\/19275\/revisions\/19276"}],"wp:attachment":[{"href":"https:\/\/www.ades-grenoble.org\/wordpress\/wp-json\/wp\/v2\/media?parent=19275"}],"wp:term":[{"taxonomy":"category","embeddable":true,"href":"https:\/\/www.ades-grenoble.org\/wordpress\/wp-json\/wp\/v2\/categories?post=19275"},{"taxonomy":"post_tag","embeddable":true,"href":"https:\/\/www.ades-grenoble.org\/wordpress\/wp-json\/wp\/v2\/tags?post=19275"}],"curies":[{"name":"wp","href":"https:\/\/api.w.org\/{rel}","templated":true}]}}