{"id":1930,"date":"2010-06-16T22:21:14","date_gmt":"2010-06-16T20:21:14","guid":{"rendered":"http:\/\/www.ades-grenoble.org\/wordpress\/?p=1930"},"modified":"2010-07-09T18:31:42","modified_gmt":"2010-07-09T16:31:42","slug":"le-porte-flingue-du-maire","status":"publish","type":"post","link":"https:\/\/www.ades-grenoble.org\/wordpress\/2010\/06\/16\/le-porte-flingue-du-maire\/","title":{"rendered":"Le porte flingue du maire"},"content":{"rendered":"<p>Le premier adjoint J. Safar qui, avec sa morgue habituelle, avait ass\u00e9n\u00e9 \u00e0 un \u00e9lu au conseil municipal d&rsquo;avril dernier  \u00ab\u00a0comme je suis un homme cultiv\u00e9, je vais r\u00e9pondre un peu plus sur le fond\u00a0\u00bb,  s\u2019est permis cette fois, au conseil municipal du 14 juin, des attaques personnelles grossi\u00e8res contre un \u00e9lu \u00e9cologiste -Olivier Bertrand-  \u00e0 propos de la rocade nord. M. Safar est un coutumier du fait.<\/p>\n<p>Des \u00e9lus de la majorit\u00e9 nous avaient d\u00e9j\u00e0 indiqu\u00e9 que le 1<sup>er<\/sup> adjoint \u00e9tait un beau parleur mais qu\u2019il ne travaillait pas assez ses dossiers. Effectivement il peut se faire plaisir en jouant le porte flingue du maire, en attaquant celles et ceux qui critiquent la politique de la majorit\u00e9, mais il ne peut pas cacher que, par exemple, il n\u2019a pas travaill\u00e9 <a href=\"http:\/\/www.ades-grenoble.org\/wordpress\/tag\/videosurveillance\/\" target=\"_self\">le dossier de la vid\u00e9osurveillance<\/a>. Tout a \u00e9t\u00e9 fait en catimini et mal fait.<\/p>\n<p>Le dernier exemple tourne au gag : le fameux <a href=\"http:\/\/www.ades-grenoble.org\/wordpress\/2010\/05\/20\/videosurveillance-comite-d%e2%80%99ethique-comite-bidon\/\" target=\"_self\">coll\u00e8ge d\u2019\u00e9thique de la vid\u00e9osurveillance<\/a> mis en place le 17 mai, qui devrait veiller au respect du droit, est cr\u00e9\u00e9 suite \u00e0 une ill\u00e9galit\u00e9 flagrante\u00a0! Ce coll\u00e8ge d\u2019\u00e9thique  est cr\u00e9\u00e9 conform\u00e9ment \u00e0 l\u2019article L 2143-2 du Code G\u00e9n\u00e9ral  des Collectivit\u00e9s Territoriales en tant que comit\u00e9 consultatif municipal. La d\u00e9lib\u00e9ration port\u00e9e par le 1<sup>er<\/sup> adjoint pr\u00e9cisait que ce coll\u00e8ge devait agir de mani\u00e8re ind\u00e9pendante (sous-entendu de la mairie) et pr\u00e9sid\u00e9 par un ancien magistrat non membre du conseil municipal. Le 1<sup>er<\/sup> adjoint devrait pourtant savoir que, de part la loi, les conseils consultatifs municipaux sont obligatoirement pr\u00e9sid\u00e9s par un \u00e9lu d\u00e9sign\u00e9 par le maire, et donc que de ce point de vue leur ind\u00e9pendance vis-\u00e0-vis de la mairie est une illusion. Que vont penser les magistrats ou anciens magistrats enr\u00f4l\u00e9s dans cette mascarade, notamment l\u2019ancienne Pr\u00e9sidente du Tribunal Administratif de Grenoble\u00a0?<\/p>\n<p>Conclusion\u00a0: vendre des illusions ne dure que peu de temps, la fameuse ind\u00e9pendance de ce coll\u00e8ge d\u2019\u00e9thique, sa pr\u00e9sidence par un  non \u00e9lu, son existence m\u00eame n\u2019ont pas lieu d\u2019\u00eatre. L\u2019ADES a signal\u00e9 cette ill\u00e9galit\u00e9 au Pr\u00e9fet pour qu\u2019il exerce son contr\u00f4le sur cette d\u00e9lib\u00e9ration. Esp\u00e9rons que le rappel au droit calmera le porte flingue du maire, au moins pour un moment.<\/p>\n","protected":false},"excerpt":{"rendered":"<p>Le premier adjoint J. Safar qui, avec sa morgue habituelle, avait ass\u00e9n\u00e9 \u00e0 un \u00e9lu au conseil municipal d&rsquo;avril dernier \u00ab\u00a0comme je suis un homme cultiv\u00e9, je vais r\u00e9pondre un peu plus sur le fond\u00a0\u00bb, s\u2019est permis cette fois, au conseil municipal du 14 juin, des attaques personnelles grossi\u00e8res contre un \u00e9lu \u00e9cologiste -Olivier Bertrand- [&hellip;]<\/p>\n","protected":false},"author":1,"featured_media":0,"comment_status":"open","ping_status":"open","sticky":false,"template":"","format":"standard","meta":{"twitterCardType":"","cardImageID":0,"cardImage":"","cardTitle":"","cardDesc":"","cardImageAlt":"","cardPlayer":"","cardPlayerWidth":0,"cardPlayerHeight":0,"cardPlayerStream":"","cardPlayerCodec":"","footnotes":""},"categories":[62,11],"tags":[67,75],"class_list":["post-1930","post","type-post","status-publish","format-standard","hentry","category-le-rouge-le-vert-hebdo","category-politique-locale","tag-conseil-municipal","tag-videosurveillance"],"_links":{"self":[{"href":"https:\/\/www.ades-grenoble.org\/wordpress\/wp-json\/wp\/v2\/posts\/1930","targetHints":{"allow":["GET"]}}],"collection":[{"href":"https:\/\/www.ades-grenoble.org\/wordpress\/wp-json\/wp\/v2\/posts"}],"about":[{"href":"https:\/\/www.ades-grenoble.org\/wordpress\/wp-json\/wp\/v2\/types\/post"}],"author":[{"embeddable":true,"href":"https:\/\/www.ades-grenoble.org\/wordpress\/wp-json\/wp\/v2\/users\/1"}],"replies":[{"embeddable":true,"href":"https:\/\/www.ades-grenoble.org\/wordpress\/wp-json\/wp\/v2\/comments?post=1930"}],"version-history":[{"count":9,"href":"https:\/\/www.ades-grenoble.org\/wordpress\/wp-json\/wp\/v2\/posts\/1930\/revisions"}],"predecessor-version":[{"id":2062,"href":"https:\/\/www.ades-grenoble.org\/wordpress\/wp-json\/wp\/v2\/posts\/1930\/revisions\/2062"}],"wp:attachment":[{"href":"https:\/\/www.ades-grenoble.org\/wordpress\/wp-json\/wp\/v2\/media?parent=1930"}],"wp:term":[{"taxonomy":"category","embeddable":true,"href":"https:\/\/www.ades-grenoble.org\/wordpress\/wp-json\/wp\/v2\/categories?post=1930"},{"taxonomy":"post_tag","embeddable":true,"href":"https:\/\/www.ades-grenoble.org\/wordpress\/wp-json\/wp\/v2\/tags?post=1930"}],"curies":[{"name":"wp","href":"https:\/\/api.w.org\/{rel}","templated":true}]}}