{"id":19310,"date":"2021-10-01T15:54:10","date_gmt":"2021-10-01T13:54:10","guid":{"rendered":"https:\/\/www.ades-grenoble.org\/wordpress\/?p=19310"},"modified":"2021-10-01T16:20:05","modified_gmt":"2021-10-01T14:20:05","slug":"encore-une-derive-securitaire-adoptee-par-les-deputes","status":"publish","type":"post","link":"https:\/\/www.ades-grenoble.org\/wordpress\/2021\/10\/01\/encore-une-derive-securitaire-adoptee-par-les-deputes\/","title":{"rendered":"Encore une d\u00e9rive s\u00e9curitaire adopt\u00e9e par les d\u00e9put\u00e9s"},"content":{"rendered":"\n<div class=\"wp-block-image is-style-default\"><figure class=\"alignleft size-large\"><img loading=\"lazy\" decoding=\"async\" width=\"250\" height=\"188\" src=\"https:\/\/www.ades-grenoble.org\/wordpress\/wp-content\/uploads\/2015\/01\/assemblee-e1422651495365.jpg\" alt=\"\" class=\"wp-image-9677\"\/><\/figure><\/div>\n\n\n\n<p>En premi\u00e8re lecture, <a href=\"https:\/\/www.assemblee-nationale.fr\/dyn\/15\/dossiers\/reponsabilite_penale_securite_interieure\" target=\"_blank\" rel=\"noreferrer noopener\">l\u2019Assembl\u00e9e nationale vient d\u2019adopter un nouveau texte de loi\u00a0<\/a>intitul\u00e9 <em>\u00ab\u00a0Responsabilit\u00e9 p\u00e9nale et s\u00e9curit\u00e9 int\u00e9rieure\u00a0\u00bb<\/em> qui propose notamment de l\u00e9galiser l\u2019usage de drones de surveillance par la police.<\/p>\n\n\n\n<p><a href=\"https:\/\/www.laquadrature.net\/2021\/09\/23\/la-loi-drones-2-est-docilement-adoptee-par-lassemblee\/\" target=\"_blank\" rel=\"noreferrer noopener\">L\u2019association la Quadrature du net, s\u2019\u00e9l\u00e8ve contre ce projet de loi<\/a>, qui atteint les libert\u00e9s publiques et prouve \u00e0 quelques mois des \u00e9lections pr\u00e9sidentielle que Macron poursuit sa d\u00e9rive vers la droite dure. Il faut dire que l\u2019\u00e9miettement de la gauche favorise cette situation. Ce n\u2019est pas sur le S\u00e9nat que l\u2019on peut compter pour arr\u00eater cette d\u00e9rive s\u00e9curitaire. La Constitutionnalit\u00e9 de cette loi sera t\u2019elle retoqu\u00e9e\u00a0?<\/p>\n\n\n\n<p><strong><em>\u00ab&nbsp;Alors que le texte est quasiment identique \u00e0 celui censur\u00e9 par le Conseil constitutionnel en d\u00e9but d\u2019ann\u00e9e, les parlementaires n\u2019ont pas h\u00e9sit\u00e9 \u00e0 le voter une nouvelle fois. C\u2019est une \u00e9ni\u00e8me preuve qu\u2019il n\u2019y a rien \u00e0 attendre du Parlement pour nous prot\u00e9ger des d\u00e9rives s\u00e9curitaires du gouvernement. La lutte contre la Technopolice ne se fera pas sur les bancs de l\u2019Assembl\u00e9e.<\/em><\/strong><em><\/em><\/p>\n\n\n\n<!--more-->\n\n\n\n<p><em>Nous en parlions&nbsp;<a href=\"https:\/\/www.laquadrature.net\/2021\/09\/14\/les-drones-reviennent-nous-aussi\/\">ici<\/a>&nbsp;: apr\u00e8s s\u2019\u00eatre vu \u00e0 quatre reprises refuser le droit de surveiller la population avec des drones, le gouvernement est revenu une cinqui\u00e8me fois \u00e0 l\u2019attaque. Deux arr\u00eats du Conseil d\u2019\u00c9tat, une d\u00e9cision de la CNIL et une d\u00e9cision du Conseil constitutionnel n\u2019auront pas suffi&nbsp;: le gouvernement est pr\u00eat \u00e0 tout pour d\u00e9ployer des drones avec cam\u00e9ra dans l\u2019espace public.&nbsp;<strong>Les cam\u00e9ras fixes, les cam\u00e9ras \u00ab&nbsp;<a href=\"https:\/\/twitter.com\/technopolice_fr\/status\/1438152652005777409\">nomades<\/a>&nbsp;\u00bb, les cam\u00e9ras-pi\u00e9tons, tout cela ne lui suffit pas&nbsp;: il faut surveiller, toujours plus, et retransmettre les flux en temps-r\u00e9el \u00e0 des centres de supervision \u2013 et derri\u00e8re analyser et diss\u00e9quer les images, transformer nos rues et nos d\u00e9ambulations en donn\u00e9es exploitables par la police<\/strong>.<\/em><\/p>\n\n\n\n<p><em>Notons tout de suite que&nbsp;<strong>le texte ne parle plus seulement des drones mais de tout \u00ab&nbsp;a\u00e9ronef&nbsp;\u00bb utilis\u00e9 par la police<\/strong>&nbsp;(alin\u00e9a 2 de l\u2019article 8): c\u2019est-\u00e0-dire qu\u2019<strong>il l\u00e9galise non seulement la surveillance par drones, mais aussi celle faite par h\u00e9licopt\u00e8re ou par avion<\/strong>, une surveillance r\u00e9alis\u00e9e depuis longtemps par la police en toute ill\u00e9galit\u00e9 \u2013 sans qu\u2019aucune institution (en particulier pas la CNIL) ne soit venue la g\u00eaner &#8211; et sans qu\u2019aucun responsable ne soit condamn\u00e9.<\/em><\/p>\n\n\n\n<p><em>Le gouvernement (ou le rapporteur du texte, on ne sait plus tr\u00e8s bien faire la diff\u00e9rence) veut faire croire qu\u2019il r\u00e9pond aux&nbsp;<a href=\"https:\/\/www.conseil-constitutionnel.fr\/decision\/2021\/2021817DC.htm\">critiques<\/a>&nbsp;du Conseil constitutionnel. Il reprend donc le m\u00eame texte que l\u2019ann\u00e9e pr\u00e9c\u00e9dente et fait quelques modifications \u00e0 la marge, des modifications trompeuses qui, comme on va le voir, n\u2019enl\u00e8vent en rien le caract\u00e8re profond\u00e9ment liberticide du texte.<\/em><\/p>\n\n\n\n<p><em>Les&nbsp;<strong>finalit\u00e9s autoris\u00e9es pour d\u00e9ployer un drone restent toujours aussi larges<\/strong>, m\u00eame si le gouvernement t\u00e2che de faire en sorte que cette fois, le Conseil constitutionnel se montre plus accommodant&nbsp;: la police peut tout faire rentrer dans la notion de \u00ab&nbsp;pr\u00e9vention des atteintes \u00e0 la s\u00e9curit\u00e9 des personnes et biens dans lieux particuli\u00e8rement expos\u00e9s&nbsp;\u00bb, ou dans celle de \u00ab&nbsp;s\u00e9curit\u00e9 des rassemblements de personnes sur la voie publique&nbsp;\u00bb ou dans la \u00ab&nbsp;pr\u00e9vention d\u2019actes de terrorisme&nbsp;\u00bb.<\/em><\/p>\n\n\n\n<p><em>Quand bien m\u00eame ces finalit\u00e9s seraient limit\u00e9es, qui les contr\u00f4le en pratique, et qui autorise les drones&nbsp;? Le repr\u00e9sentant de l\u2019\u00c9tat et, \u00e0 Paris, le pr\u00e9fet de police.&nbsp;<strong>La police demande donc autorisation \u00e0 la police pour utiliser des drones<\/strong>. Il est vrai qu\u2019on n\u2019est jamais mieux servi que par soi-m\u00eame. Rappelons \u00e0 ce sujet que nos deux <\/em><em>contentieux de 2020 au sujet des drones \u00e9taient\u2026 contre le pr\u00e9fet de police. Et que c\u2019est lui qui se&nbsp;<a href=\"https:\/\/twitter.com\/afpfr\/status\/1241318385008418818?lang=fr\">gargarisait<\/a>&nbsp;devant l\u2019AFP de sa nouvelle arme technopolici\u00e8re\u2026<\/em><\/p>\n\n\n\n<p><em>Comme on l\u2019a dit, le texte ne couvre pas que les cam\u00e9ras volantes mais \u00e9voque aussi de nombreux autre sujets (sur l\u2019ensemble du texte, voir l\u2019<a href=\"https:\/\/www.syndicat-magistrature.fr\/notre-action\/justice-penale\/2472-observations-detaillees-sur-le-projet-de-loi-responsabilite-penale-et-securite-interieure.html\">analyse<\/a>&nbsp;du Syndicat de la magistrature).<\/em><\/p>\n\n\n\n<p><em>Sur le sujet de la captation vid\u00e9o, le texte l\u00e9galise de nouveau la&nbsp;<strong>vid\u00e9osurveillance en garde-\u00e0-vue<\/strong>. Toujours sans aucune g\u00eane, les&nbsp;<a href=\"https:\/\/www.assemblee-nationale.fr\/dyn\/15\/rapports\/cion_lois\/l15b4442_rapport-fond#_Toc256000013\">rapporteurs<\/a>&nbsp;avouent que cette vid\u00e9osurveillance est pratiqu\u00e9e depuis longtemps mais sans cadre l\u00e9gal (comprendre donc que c\u2019est totalement ill\u00e9gal, mais l\u00e0 encore, les responsables b\u00e9n\u00e9ficient d\u2019une impunit\u00e9 syst\u00e9mique). Pr\u00e9textant la protection de la personne plac\u00e9e en garde \u00e0 vue, le texte veut en r\u00e9alit\u00e9 permettre qu\u2019une cam\u00e9ra soit plac\u00e9e en cellule pour la filmer en permanence (pour 24h avec renouvellement possible)\u2026<\/em><\/p>\n\n\n\n<p><em>Autre changement majeur dans la l\u00e9gislation, l\u2019article 16 qui&nbsp;<strong>\u00e9largit les possibilit\u00e9s de prise de photos et d\u2019empreinte d\u2019une personne (notamment les mineurs) sous contrainte<\/strong>. Aujourd\u2019hui la police doit, dans la grande majorit\u00e9 des cas obtenir le consentement des personnes pour r\u00e9colter leur signal\u00e9tique (empreinte, ADN, et photographie) bien que le refus de s\u2019y soumettre soit p\u00e9nalement sanctionn\u00e9.<\/em><\/p>\n\n\n\n<p><em>Le texte pr\u00e9voit que celle-ci puisse donc relever sous contrainte les empreintes palmaires et digitales des personnes ainsi que la prise d\u2019une photographie, on imagine par la force (voir pour plus d\u2019informations, le volet 2, page 17 des observations du&nbsp;<a href=\"https:\/\/www.laquadrature.net\/2021\/09\/23\/la-loi-drones-2-est-docilement-adoptee-par-lassemblee\/%3Chttps:\/www.syndicat-magistrature.fr\/notre-action\/justice-penale\/2472-observations-detaillees-sur-le-projet-de-loi-responsabilite-penale-et-securite-interieure.html\">syndicat de la magistrature<\/a>).<\/em><\/p>\n\n\n\n<p><em>Impossible de voir une quelconque am\u00e9lioration entre le texte censur\u00e9 par le Conseil constitutionnel et le texte adopt\u00e9&nbsp;: comme pour les drones, c\u2019est le m\u00eame texte, avec quelques fausses rustines.<\/em><\/p>\n\n\n\n<p><em>Le texte a-t-il chang\u00e9 entre sa pr\u00e9sentation par le gouvernement en juillet dernier et son adoption par l\u2019Assembl\u00e9e nationale aujourd\u2019hui&nbsp;? \u00c0 peine, en tous cas sur les sujets de captation vid\u00e9o. Notons simplement que leur utilisation, ainsi que celles des cam\u00e9ras en garde-\u00e0-vue, a \u00e9t\u00e9 \u00e9tendue par les d\u00e9put\u00e9s \u00e0 la police douani\u00e8re\u2026<\/em><\/p>\n","protected":false},"excerpt":{"rendered":"<p>En premi\u00e8re lecture, l\u2019Assembl\u00e9e nationale vient d\u2019adopter un nouveau texte de loi\u00a0intitul\u00e9 \u00ab\u00a0Responsabilit\u00e9 p\u00e9nale et s\u00e9curit\u00e9 int\u00e9rieure\u00a0\u00bb qui propose notamment de l\u00e9galiser l\u2019usage de drones de surveillance par la police. L\u2019association la Quadrature du net, s\u2019\u00e9l\u00e8ve contre ce projet de loi, qui atteint les libert\u00e9s publiques et prouve \u00e0 quelques mois des \u00e9lections pr\u00e9sidentielle que [&hellip;]<\/p>\n","protected":false},"author":1,"featured_media":0,"comment_status":"closed","ping_status":"open","sticky":false,"template":"","format":"standard","meta":{"twitterCardType":"","cardImageID":0,"cardImage":"","cardTitle":"","cardDesc":"","cardImageAlt":"","cardPlayer":"","cardPlayerWidth":0,"cardPlayerHeight":0,"cardPlayerStream":"","cardPlayerCodec":"","footnotes":""},"categories":[62,11],"tags":[279,247,76,305],"class_list":["post-19310","post","type-post","status-publish","format-standard","hentry","category-le-rouge-le-vert-hebdo","category-politique-locale","tag-libertes","tag-parlement","tag-securite","tag-technos"],"_links":{"self":[{"href":"https:\/\/www.ades-grenoble.org\/wordpress\/wp-json\/wp\/v2\/posts\/19310","targetHints":{"allow":["GET"]}}],"collection":[{"href":"https:\/\/www.ades-grenoble.org\/wordpress\/wp-json\/wp\/v2\/posts"}],"about":[{"href":"https:\/\/www.ades-grenoble.org\/wordpress\/wp-json\/wp\/v2\/types\/post"}],"author":[{"embeddable":true,"href":"https:\/\/www.ades-grenoble.org\/wordpress\/wp-json\/wp\/v2\/users\/1"}],"replies":[{"embeddable":true,"href":"https:\/\/www.ades-grenoble.org\/wordpress\/wp-json\/wp\/v2\/comments?post=19310"}],"version-history":[{"count":1,"href":"https:\/\/www.ades-grenoble.org\/wordpress\/wp-json\/wp\/v2\/posts\/19310\/revisions"}],"predecessor-version":[{"id":19311,"href":"https:\/\/www.ades-grenoble.org\/wordpress\/wp-json\/wp\/v2\/posts\/19310\/revisions\/19311"}],"wp:attachment":[{"href":"https:\/\/www.ades-grenoble.org\/wordpress\/wp-json\/wp\/v2\/media?parent=19310"}],"wp:term":[{"taxonomy":"category","embeddable":true,"href":"https:\/\/www.ades-grenoble.org\/wordpress\/wp-json\/wp\/v2\/categories?post=19310"},{"taxonomy":"post_tag","embeddable":true,"href":"https:\/\/www.ades-grenoble.org\/wordpress\/wp-json\/wp\/v2\/tags?post=19310"}],"curies":[{"name":"wp","href":"https:\/\/api.w.org\/{rel}","templated":true}]}}