{"id":19312,"date":"2021-10-01T15:55:25","date_gmt":"2021-10-01T13:55:25","guid":{"rendered":"https:\/\/www.ades-grenoble.org\/wordpress\/?p=19312"},"modified":"2021-10-01T16:20:08","modified_gmt":"2021-10-01T14:20:08","slug":"politique-politicienne-240","status":"publish","type":"post","link":"https:\/\/www.ades-grenoble.org\/wordpress\/2021\/10\/01\/politique-politicienne-240\/","title":{"rendered":"Politique politicienne"},"content":{"rendered":"\n<div class=\"wp-block-image is-style-default\"><figure class=\"alignleft size-large\"><img loading=\"lazy\" decoding=\"async\" width=\"200\" height=\"234\" src=\"https:\/\/www.ades-grenoble.org\/wordpress\/wp-content\/uploads\/2015\/01\/fou1.png\" alt=\"fou\" class=\"wp-image-9634\" srcset=\"https:\/\/www.ades-grenoble.org\/wordpress\/wp-content\/uploads\/2015\/01\/fou1.png 200w, https:\/\/www.ades-grenoble.org\/wordpress\/wp-content\/uploads\/2015\/01\/fou1-128x150.png 128w\" sizes=\"auto, (max-width: 200px) 100vw, 200px\" \/><\/figure><\/div>\n\n\n\n<p>O. Noblecourt quitte le Conseil municipal par la petite porte. Il aura bien rat\u00e9 sa campagne \u00e9lectorale de 2020 mais il n\u2019a toujours pas compris pourquoi. Lui se pr\u00e9tendant de gauche, mais parti chez Macron n\u2019a pas su comprendre que l\u2019urgence \u00e9cologiste exigeait de changer les priorit\u00e9s politiques \u00e0 gauche. Il sera remplac\u00e9 non pas par la suivante de la liste (Mme Barnezet), mais par M. R. Gentil. C\u2019est une habitude dans cette liste de ne pas respecter l\u2019ordre propos\u00e9 au vote des \u00e9lecteurs. C\u2019est une page qui se tourne et Noblecourt est coh\u00e9rent avec ses positions concernant la gestion des services publics, le priv\u00e9 \u00e9tant pour lui meilleur que le public lorsqu\u2019il a d\u00e9fendu avec M. Destot la poursuite du contrat de corruption de l\u2019eau par une Soci\u00e9t\u00e9 d\u2019\u00e9conomie mixte prisonni\u00e8re de la Lyonnaise des Eaux qui allait devenir plus tard Suez. Il va pouvoir exercer ses talents dans la soci\u00e9t\u00e9 Meridiam qui doit reprendre les activit\u00e9s eau de Suez en France.<\/p>\n","protected":false},"excerpt":{"rendered":"<p>O. Noblecourt quitte le Conseil municipal par la petite porte. Il aura bien rat\u00e9 sa campagne \u00e9lectorale de 2020 mais il n\u2019a toujours pas compris pourquoi. Lui se pr\u00e9tendant de gauche, mais parti chez Macron n\u2019a pas su comprendre que l\u2019urgence \u00e9cologiste exigeait de changer les priorit\u00e9s politiques \u00e0 gauche. Il sera remplac\u00e9 non pas [&hellip;]<\/p>\n","protected":false},"author":1,"featured_media":0,"comment_status":"closed","ping_status":"open","sticky":false,"template":"","format":"standard","meta":{"twitterCardType":"","cardImageID":0,"cardImage":"","cardTitle":"","cardDesc":"","cardImageAlt":"","cardPlayer":"","cardPlayerWidth":0,"cardPlayerHeight":0,"cardPlayerStream":"","cardPlayerCodec":"","footnotes":""},"categories":[62,11],"tags":[54],"class_list":["post-19312","post","type-post","status-publish","format-standard","hentry","category-le-rouge-le-vert-hebdo","category-politique-locale","tag-politique-droite-gauche"],"_links":{"self":[{"href":"https:\/\/www.ades-grenoble.org\/wordpress\/wp-json\/wp\/v2\/posts\/19312","targetHints":{"allow":["GET"]}}],"collection":[{"href":"https:\/\/www.ades-grenoble.org\/wordpress\/wp-json\/wp\/v2\/posts"}],"about":[{"href":"https:\/\/www.ades-grenoble.org\/wordpress\/wp-json\/wp\/v2\/types\/post"}],"author":[{"embeddable":true,"href":"https:\/\/www.ades-grenoble.org\/wordpress\/wp-json\/wp\/v2\/users\/1"}],"replies":[{"embeddable":true,"href":"https:\/\/www.ades-grenoble.org\/wordpress\/wp-json\/wp\/v2\/comments?post=19312"}],"version-history":[{"count":1,"href":"https:\/\/www.ades-grenoble.org\/wordpress\/wp-json\/wp\/v2\/posts\/19312\/revisions"}],"predecessor-version":[{"id":19313,"href":"https:\/\/www.ades-grenoble.org\/wordpress\/wp-json\/wp\/v2\/posts\/19312\/revisions\/19313"}],"wp:attachment":[{"href":"https:\/\/www.ades-grenoble.org\/wordpress\/wp-json\/wp\/v2\/media?parent=19312"}],"wp:term":[{"taxonomy":"category","embeddable":true,"href":"https:\/\/www.ades-grenoble.org\/wordpress\/wp-json\/wp\/v2\/categories?post=19312"},{"taxonomy":"post_tag","embeddable":true,"href":"https:\/\/www.ades-grenoble.org\/wordpress\/wp-json\/wp\/v2\/tags?post=19312"}],"curies":[{"name":"wp","href":"https:\/\/api.w.org\/{rel}","templated":true}]}}