{"id":19429,"date":"2021-10-22T13:48:37","date_gmt":"2021-10-22T11:48:37","guid":{"rendered":"https:\/\/www.ades-grenoble.org\/wordpress\/?p=19429"},"modified":"2021-10-22T13:49:40","modified_gmt":"2021-10-22T11:49:40","slug":"affaire-des-sondages-de-lelysee-enfin-devant-la-justice","status":"publish","type":"post","link":"https:\/\/www.ades-grenoble.org\/wordpress\/2021\/10\/22\/affaire-des-sondages-de-lelysee-enfin-devant-la-justice\/","title":{"rendered":"Affaire des sondages de l\u2019Elys\u00e9e, enfin devant la justice"},"content":{"rendered":"\n<div class=\"wp-block-image is-style-default\"><figure class=\"alignleft size-large\"><img loading=\"lazy\" decoding=\"async\" width=\"400\" height=\"267\" src=\"https:\/\/www.ades-grenoble.org\/wordpress\/wp-content\/uploads\/2014\/08\/Elysee.jpg\" alt=\"\" class=\"wp-image-8972\" srcset=\"https:\/\/www.ades-grenoble.org\/wordpress\/wp-content\/uploads\/2014\/08\/Elysee.jpg 400w, https:\/\/www.ades-grenoble.org\/wordpress\/wp-content\/uploads\/2014\/08\/Elysee-150x100.jpg 150w, https:\/\/www.ades-grenoble.org\/wordpress\/wp-content\/uploads\/2014\/08\/Elysee-300x200.jpg 300w\" sizes=\"auto, (max-width: 400px) 100vw, 400px\" \/><\/figure><\/div>\n\n\n\n<p>Le proc\u00e8s des sondages de l\u2019Elys\u00e9e s\u2019ouvre du 18 octobre au 12 novembre 2021.<\/p>\n\n\n\n<p>Cette affaire a d\u00e9but\u00e9 le 16 juillet 2009, lorsque, Philippe Seguin, Premier Pr\u00e9sident de la Cour des comptes, rend public, le 16 juillet 2009, les \u00ab&nbsp;<em>R\u00e9sultats du contr\u00f4le de la Cour sur les comptes et la gestion 2008 des services de la Pr\u00e9sidence de la R\u00e9publique<\/em>&nbsp;\u00bb.<\/p>\n\n\n\n<p>Le 4 ao\u00fbt 2009, Raymond Avrillier demande \u00e0 la Pr\u00e9sidence de la R\u00e9publique communication des prestations de conseils et sondages de l\u2019Elys\u00e9e de 2007 \u00e0 2009, dont les march\u00e9s et factures. Pas de r\u00e9ponse de la pr\u00e9sidence, le 4 octobre il saisit la CADA qui \u00e9met un avis favorable \u00e0 la communication des documents administratifs. Le 14 d\u00e9cembre 2009, il d\u00e9pose un recours en annulation du refus de la Pr\u00e9sidence de la R\u00e9publique de communication des documents demand\u00e9s au le tribunal administratif de Paris.<\/p>\n\n\n\n<p>Suite \u00e0 ces r\u00e9v\u00e9lations, l\u2019association Anticor a d\u00e9pos\u00e9 une premi\u00e8re plainte le 10 f\u00e9vrier 2010 pour favoritisme et d\u00e9tournement de fonds publics, Cette plainte a \u00e9t\u00e9 class\u00e9e sans suite ce qui a oblig\u00e9 Anticor a d\u00e9poser une nouvelle plainte avec partie civile pour imposer qu\u2019un juge d\u2019instruction soit saisi de l\u2019affaire. Il aura fallu que l\u2019association aille jusqu\u2019\u00e0 la Cour de cassation pour faire admettre que l\u2019immunit\u00e9 pr\u00e9sidentielle ne s\u2019\u00e9tend pas aux collaborateurs et la Cour de cassation a finalement ordonn\u00e9 que l\u2019information judiciaire soit ouverte.<\/p>\n\n\n\n<!--more-->\n\n\n\n<p>Raymond Avrillier obtient satisfaction le 17 f\u00e9vrier 2012 par le jugement du tribunal administratif de Paris qui oblige l\u2019Elys\u00e9e \u00e0 lui transmettre l\u2019ensemble des documents demand\u00e9s. Ce qui va permettre d\u2019enrichir l\u2019instruction judiciaire en r\u00e9v\u00e9lant que de nombreux sondages n\u2019ont rien \u00e0 voir avec l\u2019action publique. <a href=\"https:\/\/www.ades-grenoble.org\/wordpress\/2012\/03\/03\/sondages-de-lelysee-un-jugement-tres-interessant\/\">Sondages de l\u2019Elys\u00e9e, un jugement tr\u00e8s int\u00e9ressant \u00ab ADES \u2013 Le Rouge et le Vert (ades-grenoble.org)<\/a>.<\/p>\n\n\n\n<p>Raymond Avrillier demande le 25 f\u00e9vrier 2012 les sondages de 2010 \u00e0 2012. La Pr\u00e9sidence de la R\u00e9publique ne r\u00e9pond pas, il saisit la CADA le 3 avril 2012. Le 20 avril, la Pr\u00e9sidence se pourvoit en cassation contre le jugement du 17 f\u00e9vrier, mais se d\u00e9sistera le 12 0ctobre.<\/p>\n\n\n\n<p>A la fin, tous les documents seront transmis et permettent \u00e0 Raymond Avrillier de r\u00e9v\u00e9ler le montant total de ces prestations de sondages et conseils de 2007 \u00e0 2012, soit 9&nbsp;388&nbsp;201&nbsp;\u20ac dont 7&nbsp;838&nbsp;665&nbsp;\u20ac sans publicit\u00e9 ni appel \u00e0 concurrence ou consultation. De 2007 \u00e0 2012 ce sont donc plus de 400 sondages qui ont \u00e9t\u00e9 factur\u00e9s, auxquels s\u2019ajoutent 108 mois de prestations de conseils de Patrick Buisson et Pierre Giacometti.<\/p>\n\n\n\n<p>Le 8 octobre 2012, l\u2019association Anticor, sur la base des documents de 2007 \u00e0 2012 obtenus par Raymond Avrillier, \u00e9largit le 8 octobre 2012 sa plainte avec constitution de partie civile aux chefs de d\u00e9tournement de fonds publics, complicit\u00e9 et recel, et \u00e9largit la p\u00e9riode du 1er juin 2007 au 30 avril 2012.<\/p>\n\n\n\n<p>Lors du proc\u00e8s, Raymond Avrillier est cit\u00e9 comme t\u00e9moin, il sera entendu d\u00e9but novembre, puisqu\u2019il a initi\u00e9 l\u2019affaire en d\u00e9montrant que de nombreux sondages n\u2019avaient rien \u00e0 voir avec l\u2019action publique de la pr\u00e9sidence de la R\u00e9publique qui n\u2019est pas au-dessus des lois.<\/p>\n\n\n\n<p>Nicolas Sarkozy est oblig\u00e9 par le tribunal de venir comme t\u00e9moin alors qu\u2019il ne voulait pas y aller (Il n\u2019est pas mis en cause puisque prot\u00e9g\u00e9 par l\u2019immunit\u00e9 pr\u00e9sidentielle). Lire un r\u00e9sum\u00e9 de l\u2019affaire par Anticor\u00a0<a rel=\"noreferrer noopener\" href=\"https:\/\/www.anticor.org\/2021\/10\/15\/affaire-des-sondages-de-lelysee-plus-de-10-ans-apres-la-premiere-plainte-danticor-le-proces-souvre-a-paris-ce-lundi\/\" target=\"_blank\">ici<\/a>.<\/p>\n","protected":false},"excerpt":{"rendered":"<p>Le proc\u00e8s des sondages de l\u2019Elys\u00e9e s\u2019ouvre du 18 octobre au 12 novembre 2021. Cette affaire a d\u00e9but\u00e9 le 16 juillet 2009, lorsque, Philippe Seguin, Premier Pr\u00e9sident de la Cour des comptes, rend public, le 16 juillet 2009, les \u00ab&nbsp;R\u00e9sultats du contr\u00f4le de la Cour sur les comptes et la gestion 2008 des services de [&hellip;]<\/p>\n","protected":false},"author":1,"featured_media":0,"comment_status":"closed","ping_status":"open","sticky":false,"template":"","format":"standard","meta":{"twitterCardType":"","cardImageID":0,"cardImage":"","cardTitle":"","cardDesc":"","cardImageAlt":"","cardPlayer":"","cardPlayerWidth":0,"cardPlayerHeight":0,"cardPlayerStream":"","cardPlayerCodec":"","footnotes":""},"categories":[62,11],"tags":[205,219,196,243],"class_list":["post-19429","post","type-post","status-publish","format-standard","hentry","category-le-rouge-le-vert-hebdo","category-politique-locale","tag-communication","tag-corruption","tag-etat","tag-justice"],"_links":{"self":[{"href":"https:\/\/www.ades-grenoble.org\/wordpress\/wp-json\/wp\/v2\/posts\/19429","targetHints":{"allow":["GET"]}}],"collection":[{"href":"https:\/\/www.ades-grenoble.org\/wordpress\/wp-json\/wp\/v2\/posts"}],"about":[{"href":"https:\/\/www.ades-grenoble.org\/wordpress\/wp-json\/wp\/v2\/types\/post"}],"author":[{"embeddable":true,"href":"https:\/\/www.ades-grenoble.org\/wordpress\/wp-json\/wp\/v2\/users\/1"}],"replies":[{"embeddable":true,"href":"https:\/\/www.ades-grenoble.org\/wordpress\/wp-json\/wp\/v2\/comments?post=19429"}],"version-history":[{"count":1,"href":"https:\/\/www.ades-grenoble.org\/wordpress\/wp-json\/wp\/v2\/posts\/19429\/revisions"}],"predecessor-version":[{"id":19430,"href":"https:\/\/www.ades-grenoble.org\/wordpress\/wp-json\/wp\/v2\/posts\/19429\/revisions\/19430"}],"wp:attachment":[{"href":"https:\/\/www.ades-grenoble.org\/wordpress\/wp-json\/wp\/v2\/media?parent=19429"}],"wp:term":[{"taxonomy":"category","embeddable":true,"href":"https:\/\/www.ades-grenoble.org\/wordpress\/wp-json\/wp\/v2\/categories?post=19429"},{"taxonomy":"post_tag","embeddable":true,"href":"https:\/\/www.ades-grenoble.org\/wordpress\/wp-json\/wp\/v2\/tags?post=19429"}],"curies":[{"name":"wp","href":"https:\/\/api.w.org\/{rel}","templated":true}]}}