{"id":19442,"date":"2021-10-29T14:48:55","date_gmt":"2021-10-29T12:48:55","guid":{"rendered":"https:\/\/www.ades-grenoble.org\/wordpress\/?p=19442"},"modified":"2021-10-29T15:17:13","modified_gmt":"2021-10-29T13:17:13","slug":"les-scenarios-energetiques-pour-atteindre-la-neutralite-carbone-en-2050","status":"publish","type":"post","link":"https:\/\/www.ades-grenoble.org\/wordpress\/2021\/10\/29\/les-scenarios-energetiques-pour-atteindre-la-neutralite-carbone-en-2050\/","title":{"rendered":"Les sc\u00e9narios \u00e9nerg\u00e9tiques pour atteindre la neutralit\u00e9 carbone en 2050"},"content":{"rendered":"\n<p>Les sc\u00e9narios \u00e9nerg\u00e9tiques pour 2050 sont pos\u00e9s sur la table par RTE et N\u00e9gawatt, il reste aux citoyens et aux politiques \u00e0 s\u2019en emparer.<\/p>\n\n\n\n<div class=\"wp-block-image is-style-rounded\"><figure class=\"alignleft size-large\"><img loading=\"lazy\" decoding=\"async\" width=\"250\" height=\"250\" src=\"https:\/\/www.ades-grenoble.org\/wordpress\/wp-content\/uploads\/2021\/10\/RTE.jpg\" alt=\"\" class=\"wp-image-19444\" srcset=\"https:\/\/www.ades-grenoble.org\/wordpress\/wp-content\/uploads\/2021\/10\/RTE.jpg 250w, https:\/\/www.ades-grenoble.org\/wordpress\/wp-content\/uploads\/2021\/10\/RTE-150x150.jpg 150w, https:\/\/www.ades-grenoble.org\/wordpress\/wp-content\/uploads\/2021\/10\/RTE-144x144.jpg 144w\" sizes=\"auto, (max-width: 250px) 100vw, 250px\" \/><\/figure><\/div>\n\n\n\n<p>Le 25 octobre, RTE (gestionnaire du R\u00e9seau de Transport d\u2019Electricit\u00e9) publie les principaux enseignements de <a href=\"https:\/\/www.rte-france.com\/actualites\/futurs-energetiques-neutralite-carbone-2050-principaux-enseignements\" target=\"_blank\" rel=\"noreferrer noopener\">son \u00e9tude prospective \u00ab <em>Futurs Energ\u00e9tiques 2050<\/em> \u00bb <\/a>en traitant des \u00e9volutions de la consommation et comparant les six sc\u00e9narios de syst\u00e8mes \u00e9lectriques qui garantissent la s\u00e9curit\u00e9 d\u2019approvisionnement, pour que la France dispose d\u2019une \u00e9lectricit\u00e9 bas-carbone en 2050. Il y a 6 sc\u00e9narios qui se distinguent par le taux d\u2019\u00e9nergies renouvelables en 2050, de 50 \u00e0 100%. RTE reste pronucl\u00e9aire, mais d\u00e9montre que le sc\u00e9nario 100 % renouvelable est possible.<\/p>\n\n\n\n<div class=\"wp-block-image is-style-rounded\"><figure class=\"alignright size-large\"><img loading=\"lazy\" decoding=\"async\" width=\"317\" height=\"95\" src=\"https:\/\/www.ades-grenoble.org\/wordpress\/wp-content\/uploads\/2017\/02\/negaWatt.jpg\" alt=\"\" class=\"wp-image-12554\" srcset=\"https:\/\/www.ades-grenoble.org\/wordpress\/wp-content\/uploads\/2017\/02\/negaWatt.jpg 317w, https:\/\/www.ades-grenoble.org\/wordpress\/wp-content\/uploads\/2017\/02\/negaWatt-150x45.jpg 150w, https:\/\/www.ades-grenoble.org\/wordpress\/wp-content\/uploads\/2017\/02\/negaWatt-300x90.jpg 300w\" sizes=\"auto, (max-width: 317px) 100vw, 317px\" \/><\/figure><\/div>\n\n\n\n<p>Le 26 octobre c\u2019est <a href=\"https:\/\/www.negawatt.org\/\" target=\"_blank\" rel=\"noreferrer noopener\">N\u00e9gawatt qui pr\u00e9sente le sien<\/a> avec 96 % d\u2019\u00e9nergies renouvelables en 2050 et avec l\u2019arr\u00eat total du nucl\u00e9aire en 2045. Le sc\u00e9nario v\u00e9rifie heure par heure jusqu\u2019en 2050, le bon fonctionnement du r\u00e9seau \u00e9lectrique. C\u2019est un sc\u00e9nario plus g\u00e9n\u00e9ral que ceux de RTE car il traite, au-del\u00e0 de la seule politique \u00e9nerg\u00e9tique, les cons\u00e9quences sur la vie de tous les jours des changements impliqu\u00e9s par la sobri\u00e9t\u00e9 \u00e9nerg\u00e9tique, permettant de lutter contre les in\u00e9galit\u00e9s sociales en diminuant les charges li\u00e9es au logement pour ceux qui subissent la pr\u00e9carit\u00e9 \u00e9nerg\u00e9tique et les charges li\u00e9es aux d\u00e9placements par l\u2019\u00e9volution des mobilit\u00e9s. Avec les cons\u00e9quences positives sur la sant\u00e9 des populations (moins de pollution, meilleure alimentation\u2026). C\u2019est un sc\u00e9nario particuli\u00e8rement adapt\u00e9 \u00e0 une transition \u00e9cologique efficace.<\/p>\n\n\n\n<!--more-->\n\n\n\n<p>Il y a des convergences importantes entre ces deux grandes \u00e9tudes : l\u2019obligation de d\u00e9velopper tr\u00e8s vite les \u00e9nergies renouvelables (notamment \u00e9olien, photovolta\u00efque, bois et biogaz) et de faire d\u00e8s \u00e0 pr\u00e9sent des efforts de sobri\u00e9t\u00e9 de consommation, le sc\u00e9nario N\u00e9gawatt \u00e9tant plus avanc\u00e9 \u00e0 ce sujet, lui permettant de se passer du nucl\u00e9aire.<\/p>\n\n\n\n<p>Les simulations de RTE ont \u00e9t\u00e9 tr\u00e8s pouss\u00e9es (v\u00e9rification heure par heure sur trente ans de l\u2019\u00e9quilibre du r\u00e9seau \u00e9lectrique entre production et consommation) gr\u00e2ce \u00e0 de puissants ordinateur et entre 40 et 50 personnes travaillant depuis 2019&nbsp;; elles \u00e9tudient la faisabilit\u00e9 technique du sc\u00e9nario, le co\u00fbt et les impacts sur l\u2019environnement. Il s\u2019agit donc de travaux tr\u00e8s complets et la d\u00e9monstration tr\u00e8s fine prouve de fa\u00e7on d\u00e9finitive que le 100% renouvelable est faisable car le pilotage du r\u00e9seau est d\u00e9montr\u00e9, ce que beaucoup d\u2019opposants \u00e0 ce sc\u00e9nario d\u00e9claraient impossible.<\/p>\n\n\n\n<p>Atteindre la neutralit\u00e9 carbone implique une transformation de l\u2019\u00e9conomie et des modes de vie, et une restructuration du syst\u00e8me permettant \u00e0 l\u2019\u00e9lectricit\u00e9 de remplacer les \u00e9nergies fossiles comme principales sources d\u2019\u00e9nergie du pays.<\/p>\n","protected":false},"excerpt":{"rendered":"<p>Les sc\u00e9narios \u00e9nerg\u00e9tiques pour 2050 sont pos\u00e9s sur la table par RTE et N\u00e9gawatt, il reste aux citoyens et aux politiques \u00e0 s\u2019en emparer. Le 25 octobre, RTE (gestionnaire du R\u00e9seau de Transport d\u2019Electricit\u00e9) publie les principaux enseignements de son \u00e9tude prospective \u00ab Futurs Energ\u00e9tiques 2050 \u00bb en traitant des \u00e9volutions de la consommation et [&hellip;]<\/p>\n","protected":false},"author":1,"featured_media":0,"comment_status":"closed","ping_status":"open","sticky":false,"template":"","format":"standard","meta":{"twitterCardType":"","cardImageID":0,"cardImage":"","cardTitle":"","cardDesc":"","cardImageAlt":"","cardPlayer":"","cardPlayerWidth":0,"cardPlayerHeight":0,"cardPlayerStream":"","cardPlayerCodec":"","footnotes":""},"categories":[62,11],"tags":[242,235,64,236],"class_list":["post-19442","post","type-post","status-publish","format-standard","hentry","category-le-rouge-le-vert-hebdo","category-politique-locale","tag-developpement-durable","tag-energie","tag-nucleaire","tag-renouvelables"],"_links":{"self":[{"href":"https:\/\/www.ades-grenoble.org\/wordpress\/wp-json\/wp\/v2\/posts\/19442","targetHints":{"allow":["GET"]}}],"collection":[{"href":"https:\/\/www.ades-grenoble.org\/wordpress\/wp-json\/wp\/v2\/posts"}],"about":[{"href":"https:\/\/www.ades-grenoble.org\/wordpress\/wp-json\/wp\/v2\/types\/post"}],"author":[{"embeddable":true,"href":"https:\/\/www.ades-grenoble.org\/wordpress\/wp-json\/wp\/v2\/users\/1"}],"replies":[{"embeddable":true,"href":"https:\/\/www.ades-grenoble.org\/wordpress\/wp-json\/wp\/v2\/comments?post=19442"}],"version-history":[{"count":2,"href":"https:\/\/www.ades-grenoble.org\/wordpress\/wp-json\/wp\/v2\/posts\/19442\/revisions"}],"predecessor-version":[{"id":19446,"href":"https:\/\/www.ades-grenoble.org\/wordpress\/wp-json\/wp\/v2\/posts\/19442\/revisions\/19446"}],"wp:attachment":[{"href":"https:\/\/www.ades-grenoble.org\/wordpress\/wp-json\/wp\/v2\/media?parent=19442"}],"wp:term":[{"taxonomy":"category","embeddable":true,"href":"https:\/\/www.ades-grenoble.org\/wordpress\/wp-json\/wp\/v2\/categories?post=19442"},{"taxonomy":"post_tag","embeddable":true,"href":"https:\/\/www.ades-grenoble.org\/wordpress\/wp-json\/wp\/v2\/tags?post=19442"}],"curies":[{"name":"wp","href":"https:\/\/api.w.org\/{rel}","templated":true}]}}