{"id":19447,"date":"2021-10-29T14:56:34","date_gmt":"2021-10-29T12:56:34","guid":{"rendered":"https:\/\/www.ades-grenoble.org\/wordpress\/?p=19447"},"modified":"2021-10-29T15:17:17","modified_gmt":"2021-10-29T13:17:17","slug":"la-solidarite-internationale-pour-un-acces-a-leau-et-a-lassainissement-dans-le-cadre-de-projets-de-cooperation-avec-divers-pays","status":"publish","type":"post","link":"https:\/\/www.ades-grenoble.org\/wordpress\/2021\/10\/29\/la-solidarite-internationale-pour-un-acces-a-leau-et-a-lassainissement-dans-le-cadre-de-projets-de-cooperation-avec-divers-pays\/","title":{"rendered":"La solidarit\u00e9 internationale pour un acc\u00e8s \u00e0 l\u2019eau et \u00e0 l\u2019assainissement dans le cadre de projets de coop\u00e9ration avec divers pays"},"content":{"rendered":"\n<div class=\"wp-block-image is-style-rounded\"><figure class=\"alignleft size-large\"><img loading=\"lazy\" decoding=\"async\" width=\"380\" height=\"71\" src=\"https:\/\/www.ades-grenoble.org\/wordpress\/wp-content\/uploads\/2021\/10\/CourrierInternational.jpg\" alt=\"\" class=\"wp-image-19448\" srcset=\"https:\/\/www.ades-grenoble.org\/wordpress\/wp-content\/uploads\/2021\/10\/CourrierInternational.jpg 380w, https:\/\/www.ades-grenoble.org\/wordpress\/wp-content\/uploads\/2021\/10\/CourrierInternational-300x56.jpg 300w, https:\/\/www.ades-grenoble.org\/wordpress\/wp-content\/uploads\/2021\/10\/CourrierInternational-150x28.jpg 150w\" sizes=\"auto, (max-width: 380px) 100vw, 380px\" \/><\/figure><\/div>\n\n\n\n<p>Selon l\u2019article \u00ab Des millions de r\u00e9fugi\u00e9s climatiques \u00bb paru dans le Courrier International d\u2019octobre 2021 <em>\u00ab\u2026&nbsp;en 2020, malgr\u00e9 les verrouillages provoqu\u00e9s par la pand\u00e9mie, 40,5 millions de personnes dans le monde ont d\u00fb fuir leur domicile, selon le rapport annuel de l\u2019Observatoire des d\u00e9placements internes (IDMC, le nombre le plus \u00e9lev\u00e9 depuis une d\u00e9cennie.)\u2026 La Banque mondiale a r\u00e9alis\u00e9 une \u00e9tude sur les effets du r\u00e9chauffement climatique en Afrique subsaharienne, en Asie du Sud et en Am\u00e9rique latine. Dans ces trois r\u00e9gions &#8211; qui repr\u00e9sentent 55% de la population des pays en d\u00e9veloppement- le d\u00e9r\u00e8glement climatique pourrait forcer plus de 143 millions de personnes \u00e0 se d\u00e9placer \u2026d\u2019ici 2050.\u00bb<\/em><\/p>\n\n\n\n<p>Les collectivit\u00e9s territoriales peuvent l\u00e9galement budg\u00e9tiser des op\u00e9rations de solidarit\u00e9 \u00abEau et assainissement\u00bb au b\u00e9n\u00e9fice de pays en manque d\u2019acc\u00e8s \u00e0 la ressource en eau potable (article L 1115-1-1 du CGCT)&nbsp;:<\/p>\n\n\n\n<!--more-->\n\n\n\n<p><em>\u00ab&nbsp;Les communes, les \u00e9tablissements publics de coop\u00e9ration intercommunale et les syndicats mixtes charg\u00e9s des services publics de distribution d&rsquo;eau potable et d&rsquo;assainissement ou du service public de distribution d&rsquo;\u00e9lectricit\u00e9 et de gaz peuvent, dans la limite de 1 % des ressources qui sont affect\u00e9es aux budgets de ces services, mener des actions de coop\u00e9ration avec les collectivit\u00e9s territoriales \u00e9trang\u00e8res et leurs groupements, dans le cadre des conventions pr\u00e9vues \u00e0 l&rsquo;article&nbsp;<\/em><a href=\"https:\/\/www.legifrance.gouv.fr\/affichCodeArticle.do?cidTexte=LEGITEXT000006070633&amp;idArticle=LEGIARTI000006389099&amp;dateTexte=&amp;categorieLien=cid\"><em>L. 1115-1<\/em><\/a><em>, des actions d&rsquo;aide d&rsquo;urgence au b\u00e9n\u00e9fice de ces collectivit\u00e9s et groupements, ainsi que des actions de solidarit\u00e9 internationale dans les domaines de l&rsquo;eau et de l&rsquo;assainissement et de la distribution publique d&rsquo;\u00e9lectricit\u00e9 et de gaz.<\/em><\/p>\n\n\n\n<p>En mars 2018, la M\u00e9tropole de Grenoble avait pr\u00e9sent\u00e9 une note \u00e0 l\u2019ex\u00e9cutif sur une possible solidarit\u00e9 d\u2019acc\u00e8s \u00e0 l\u2019eau en direction de certains pays dont les populations en sont priv\u00e9es suite aux s\u00e9cheresses r\u00e9p\u00e9t\u00e9es, \u00e0 l\u2019absence d\u2019\u00e9quipements permettant l\u2019acc\u00e8s \u00e0 l\u2019eau potable.<\/p>\n\n\n\n<p><strong><em>\u00ab&nbsp;2 mars 2018, enjeux<\/em><\/strong><\/p>\n\n\n\n<p><em>Il s\u2019agit, dans une perspective de solidarit\u00e9 internationale et compl\u00e9mentairement aux actions d\u00e9velopp\u00e9es par les communes m\u00e9tropolitaines, de faciliter l\u2019acc\u00e8s \u00e0 l\u2019eau et \u00e0 l\u2019assainissement dans des pays en voie de d\u00e9veloppement.<\/em><\/p>\n\n\n\n<p><strong><em>Est propos\u00e9&nbsp;:<\/em><\/strong><\/p>\n\n\n\n<ul class=\"wp-block-list\"><li><em>de confirmer la mobilisation, dans le cadre de la loi \u00ab&nbsp;Oudin-Santini&nbsp;\u00bb et \u00e0 compter de l\u2019ann\u00e9e 2018, d\u2019une enveloppe budg\u00e9taire annuelle au b\u00e9n\u00e9fice d\u2019actions de coop\u00e9ration internationale en mati\u00e8re d\u2019eau et d\u2019assainissement \u00e0 hauteur de 120&nbsp;000 euros r\u00e9partis \u00e0 parit\u00e9 entre les budgets annexes eau potable et assainissement&nbsp;;<\/em><\/li><li><em>de retenir le principe d\u2019un appel \u00e0 projets afin de favoriser l\u2019\u00e9mergence d\u2019actions s\u2019inscrivant dans le cadre de l\u2019enveloppe mentionn\u00e9e pr\u00e9c\u00e9demment et permettant d\u2019orienter les actions de la M\u00e9tropole compl\u00e9mentairement aux actions d\u00e9velopp\u00e9es par les communes m\u00e9tropolitaines, en lien avec le Programme Solidarit\u00e9 Eau, association experte en la mati\u00e8re&nbsp;;<\/em><\/li><li><em>de d\u00e9finir des modalit\u00e9s d\u2019instruction, en lien avec le Conseil d\u2019exploitation des r\u00e9gies eau potable et assainissement, permettant de prioriser des projets ayant pour objectif la satisfaction de besoins essentiels que sont l\u2019acc\u00e8s \u00e0 l\u2019eau potable et aux latrines, permettant de garantir la p\u00e9rennit\u00e9 des actions de par l\u2019existence de relais locaux et pour lesquels l\u2019aide m\u00e9tropolitaine est susceptible de permettre de mobiliser l\u2019aide de l\u2019Agence de l\u2019eau Rh\u00f4ne-M\u00e9diterran\u00e9e-Corse.&nbsp;\u00bb<\/em><\/li><\/ul>\n\n\n\n<p>L\u2019Agence de l\u2019Eau offrait \u00e0 l\u2019\u00e9poque une possibilit\u00e9 d\u2019abonder sur deux ans un fond \u00e0 hauteur de 240 000\u20ac \u00e0 la condition d\u2019une somme \u00e9quivalente apport\u00e9e par la M\u00e9tropole. Ces montants pouvaient \u00eatre destin\u00e9s \u00e0 des projets pr\u00e9sent\u00e9s par des ONG tant locales qu\u2019internationales, pour soutenir des projets d\u2019acc\u00e8s \u00e0 l\u2019eau potable et \u00e0 la sant\u00e9 des populations environnantes.<\/p>\n\n\n\n<p><strong>La situation s\u2019aggrave\u2026.<\/strong><\/p>\n\n\n\n<p>Depuis 2018, la situation de divers pays, notamment de l\u2019Afrique subsaharienne et de l\u2019Asie du Sud Est se d\u00e9grade puisque le r\u00e9chauffement climatique s\u2019aggrave. Cette situation entra\u00eene un exode des populations pour ne pas mourir de soif ou d\u2019autres maladies dues \u00e0 un manque d\u2019eau potable, sans oublier aussi les famines dues \u00e0 ce manque d\u2019eau douce.<\/p>\n\n\n\n<p>Ne serait- il pas opportun d\u2019avoir un temps de r\u00e9flexion notamment entre les \u00e9lu.e.s m\u00e9tropolitain.e.s, le Conseil d\u2019exploitation des r\u00e9gies eau et assainissement et des ONG en capacit\u00e9 d\u2019apporter leur concours \u00e0 des projets d\u2019acc\u00e8s \u00e0 l\u2019eau potable, en Afrique Subsaharienne, ou en Asie du Sud notamment&nbsp;?<\/p>\n\n\n\n<p>Notre r\u00e9gion est riche en eau potable et aussi en savoirs faire de nombre d\u2019Agents et de Salari\u00e9.e.s de nos collectivit\u00e9s, et structures publiques d\u2019acc\u00e8s \u00e0 l\u2019eau. Ces comp\u00e9tences pourraient \u00eatre mises \u00e0 disposition pour un projet pr\u00e9cis \u00e0 d\u00e9finir collectivement. La M\u00e9tropole ne r\u00e9soudrait pas tout le drame mondial de ces migrations dues au changement climatique, mais elle apporterait sa contribution, tel le colibri de la fable.<\/p>\n","protected":false},"excerpt":{"rendered":"<p>Selon l\u2019article \u00ab Des millions de r\u00e9fugi\u00e9s climatiques \u00bb paru dans le Courrier International d\u2019octobre 2021 \u00ab\u2026&nbsp;en 2020, malgr\u00e9 les verrouillages provoqu\u00e9s par la pand\u00e9mie, 40,5 millions de personnes dans le monde ont d\u00fb fuir leur domicile, selon le rapport annuel de l\u2019Observatoire des d\u00e9placements internes (IDMC, le nombre le plus \u00e9lev\u00e9 depuis une d\u00e9cennie.)\u2026 [&hellip;]<\/p>\n","protected":false},"author":1,"featured_media":0,"comment_status":"closed","ping_status":"open","sticky":false,"template":"","format":"standard","meta":{"twitterCardType":"","cardImageID":0,"cardImage":"","cardTitle":"","cardDesc":"","cardImageAlt":"","cardPlayer":"","cardPlayerWidth":0,"cardPlayerHeight":0,"cardPlayerStream":"","cardPlayerCodec":"","footnotes":""},"categories":[62,11],"tags":[226,176,280,182],"class_list":["post-19447","post","type-post","status-publish","format-standard","hentry","category-le-rouge-le-vert-hebdo","category-politique-locale","tag-collectivites","tag-international","tag-metropole","tag-solidarite"],"_links":{"self":[{"href":"https:\/\/www.ades-grenoble.org\/wordpress\/wp-json\/wp\/v2\/posts\/19447","targetHints":{"allow":["GET"]}}],"collection":[{"href":"https:\/\/www.ades-grenoble.org\/wordpress\/wp-json\/wp\/v2\/posts"}],"about":[{"href":"https:\/\/www.ades-grenoble.org\/wordpress\/wp-json\/wp\/v2\/types\/post"}],"author":[{"embeddable":true,"href":"https:\/\/www.ades-grenoble.org\/wordpress\/wp-json\/wp\/v2\/users\/1"}],"replies":[{"embeddable":true,"href":"https:\/\/www.ades-grenoble.org\/wordpress\/wp-json\/wp\/v2\/comments?post=19447"}],"version-history":[{"count":1,"href":"https:\/\/www.ades-grenoble.org\/wordpress\/wp-json\/wp\/v2\/posts\/19447\/revisions"}],"predecessor-version":[{"id":19449,"href":"https:\/\/www.ades-grenoble.org\/wordpress\/wp-json\/wp\/v2\/posts\/19447\/revisions\/19449"}],"wp:attachment":[{"href":"https:\/\/www.ades-grenoble.org\/wordpress\/wp-json\/wp\/v2\/media?parent=19447"}],"wp:term":[{"taxonomy":"category","embeddable":true,"href":"https:\/\/www.ades-grenoble.org\/wordpress\/wp-json\/wp\/v2\/categories?post=19447"},{"taxonomy":"post_tag","embeddable":true,"href":"https:\/\/www.ades-grenoble.org\/wordpress\/wp-json\/wp\/v2\/tags?post=19447"}],"curies":[{"name":"wp","href":"https:\/\/api.w.org\/{rel}","templated":true}]}}