{"id":19450,"date":"2021-10-29T14:58:48","date_gmt":"2021-10-29T12:58:48","guid":{"rendered":"https:\/\/www.ades-grenoble.org\/wordpress\/?p=19450"},"modified":"2021-10-29T15:17:22","modified_gmt":"2021-10-29T13:17:22","slug":"politique-politicienne-243","status":"publish","type":"post","link":"https:\/\/www.ades-grenoble.org\/wordpress\/2021\/10\/29\/politique-politicienne-243\/","title":{"rendered":"Politique politicienne"},"content":{"rendered":"\n<div class=\"wp-block-image is-style-default\"><figure class=\"alignleft size-large\"><img loading=\"lazy\" decoding=\"async\" width=\"200\" height=\"234\" src=\"https:\/\/www.ades-grenoble.org\/wordpress\/wp-content\/uploads\/2015\/01\/fou1.png\" alt=\"fou\" class=\"wp-image-9634\" srcset=\"https:\/\/www.ades-grenoble.org\/wordpress\/wp-content\/uploads\/2015\/01\/fou1.png 200w, https:\/\/www.ades-grenoble.org\/wordpress\/wp-content\/uploads\/2015\/01\/fou1-128x150.png 128w\" sizes=\"auto, (max-width: 200px) 100vw, 200px\" \/><\/figure><\/div>\n\n\n\n<p>Voil\u00e0 le ministre de l\u2019int\u00e9rieur qui se permet de donner des le\u00e7ons au maire de Lyon sur la vid\u00e9osurveillance. C\u2019est tout de m\u00eame fort de caf\u00e9 de voir l\u2019Etat se d\u00e9fausser de ses obligations r\u00e9galiennes sur les communes. <a href=\"https:\/\/www.ades-grenoble.org\/wordpress\/2019\/01\/25\/enfin-un-travail-scientifique-sur-limpact-de-la-videosurveillance-sur-la-securisation-de-lespace-public\/\" target=\"_blank\" rel=\"noreferrer noopener\">En 2017, pour la premi\u00e8re fois, une \u00e9tude scientifique d\u00e9montrait de mani\u00e8re claire et nette que la vid\u00e9osurveillance g\u00e9n\u00e9ralis\u00e9e dans l\u2019espace public ne servait pas \u00e0 grand-chose<\/a>. Cette th\u00e8se d\u00e9montrait que l\u2019Etat avait r\u00e9ussi \u00e0 faire payer aux communes une politique inefficace qui fait semblant d\u2019agir en d\u00e9douanant l\u2019Etat de ses responsabilit\u00e9s\u00a0:<\/p>\n\n\n\n<p><em>\u00ab\u00a0La vid\u00e9osurveillance, depuis son inauguration jusqu\u2019\u00e0 sa quasi-g\u00e9n\u00e9ralisation sur notre territoire, est venue bouleverser les politiques publiques de s\u00e9curit\u00e9. Toutefois, nous avons pu montrer que ce n\u2019est malheureusement pas par son impact sur la d\u00e9linquance et la criminalit\u00e9 que cette technologie s\u2019est d\u00e9marqu\u00e9e, mais par la charge symbolique forte qu\u2019elle v\u00e9hicule\u2026Une remise en question de la vid\u00e9osurveillance par les communes fran\u00e7aises permettrait \u00e0 ces derni\u00e8res, en plus de substantielles \u00e9conomies, de s\u2019affirmer dans la conception de la lutte contre l\u2019ins\u00e9curit\u00e9 et d\u2019engager une orientation plus pragmatique et p\u00e9renne des politiques locales de pr\u00e9vention de la d\u00e9linquance.\u00a0\u00bb<\/em><\/p>\n","protected":false},"excerpt":{"rendered":"<p>Voil\u00e0 le ministre de l\u2019int\u00e9rieur qui se permet de donner des le\u00e7ons au maire de Lyon sur la vid\u00e9osurveillance. C\u2019est tout de m\u00eame fort de caf\u00e9 de voir l\u2019Etat se d\u00e9fausser de ses obligations r\u00e9galiennes sur les communes. En 2017, pour la premi\u00e8re fois, une \u00e9tude scientifique d\u00e9montrait de mani\u00e8re claire et nette que la [&hellip;]<\/p>\n","protected":false},"author":1,"featured_media":0,"comment_status":"closed","ping_status":"open","sticky":false,"template":"","format":"standard","meta":{"twitterCardType":"","cardImageID":0,"cardImage":"","cardTitle":"","cardDesc":"","cardImageAlt":"","cardPlayer":"","cardPlayerWidth":0,"cardPlayerHeight":0,"cardPlayerStream":"","cardPlayerCodec":"","footnotes":""},"categories":[62,11],"tags":[54,75],"class_list":["post-19450","post","type-post","status-publish","format-standard","hentry","category-le-rouge-le-vert-hebdo","category-politique-locale","tag-politique-droite-gauche","tag-videosurveillance"],"_links":{"self":[{"href":"https:\/\/www.ades-grenoble.org\/wordpress\/wp-json\/wp\/v2\/posts\/19450","targetHints":{"allow":["GET"]}}],"collection":[{"href":"https:\/\/www.ades-grenoble.org\/wordpress\/wp-json\/wp\/v2\/posts"}],"about":[{"href":"https:\/\/www.ades-grenoble.org\/wordpress\/wp-json\/wp\/v2\/types\/post"}],"author":[{"embeddable":true,"href":"https:\/\/www.ades-grenoble.org\/wordpress\/wp-json\/wp\/v2\/users\/1"}],"replies":[{"embeddable":true,"href":"https:\/\/www.ades-grenoble.org\/wordpress\/wp-json\/wp\/v2\/comments?post=19450"}],"version-history":[{"count":1,"href":"https:\/\/www.ades-grenoble.org\/wordpress\/wp-json\/wp\/v2\/posts\/19450\/revisions"}],"predecessor-version":[{"id":19451,"href":"https:\/\/www.ades-grenoble.org\/wordpress\/wp-json\/wp\/v2\/posts\/19450\/revisions\/19451"}],"wp:attachment":[{"href":"https:\/\/www.ades-grenoble.org\/wordpress\/wp-json\/wp\/v2\/media?parent=19450"}],"wp:term":[{"taxonomy":"category","embeddable":true,"href":"https:\/\/www.ades-grenoble.org\/wordpress\/wp-json\/wp\/v2\/categories?post=19450"},{"taxonomy":"post_tag","embeddable":true,"href":"https:\/\/www.ades-grenoble.org\/wordpress\/wp-json\/wp\/v2\/tags?post=19450"}],"curies":[{"name":"wp","href":"https:\/\/api.w.org\/{rel}","templated":true}]}}