{"id":19456,"date":"2021-10-29T15:13:56","date_gmt":"2021-10-29T13:13:56","guid":{"rendered":"https:\/\/www.ades-grenoble.org\/wordpress\/?p=19456"},"modified":"2021-10-29T15:17:35","modified_gmt":"2021-10-29T13:17:35","slug":"pont-esclangon-suite-et-pas-fin","status":"publish","type":"post","link":"https:\/\/www.ades-grenoble.org\/wordpress\/2021\/10\/29\/pont-esclangon-suite-et-pas-fin\/","title":{"rendered":"Pont Esclangon, suite et pas fin"},"content":{"rendered":"\n<div class=\"wp-block-image is-style-rounded\"><figure class=\"alignleft size-large\"><img loading=\"lazy\" decoding=\"async\" width=\"350\" height=\"381\" src=\"https:\/\/www.ades-grenoble.org\/wordpress\/wp-content\/uploads\/2017\/03\/Casque-velo-enfant.jpg\" alt=\"\" class=\"wp-image-12706\" srcset=\"https:\/\/www.ades-grenoble.org\/wordpress\/wp-content\/uploads\/2017\/03\/Casque-velo-enfant.jpg 350w, https:\/\/www.ades-grenoble.org\/wordpress\/wp-content\/uploads\/2017\/03\/Casque-velo-enfant-138x150.jpg 138w, https:\/\/www.ades-grenoble.org\/wordpress\/wp-content\/uploads\/2017\/03\/Casque-velo-enfant-276x300.jpg 276w\" sizes=\"auto, (max-width: 350px) 100vw, 350px\" \/><\/figure><\/div>\n\n\n\n<p>La fermeture \u00e0 la circulation automobile du Pont Esclangon dans le sens Grenoble vers Fontaine, impos\u00e9e par un arr\u00eat\u00e9 de police du maire de Grenoble, qui permet aux cyclistes de traverser le Drac en toute s\u00e9curit\u00e9, n\u2019a pas \u00e9t\u00e9 effectu\u00e9e de la meilleure des fa\u00e7ons. La Ville s\u2019\u00e9tant content\u00e9e de l\u2019indiquer \u00e0 la M\u00e9tro mais pas directement \u00e0 la mairie de Fontaine, d\u2019o\u00f9 le m\u00e9contentement de cette derni\u00e8re.&nbsp; L\u2019arr\u00eat\u00e9 pris dans la pr\u00e9cipitation a \u00e9t\u00e9 contest\u00e9 devant le tribunal administratif par la M\u00e9tropole.<\/p>\n\n\n\n<p>Sur le fond, au vu de la difficult\u00e9 de s\u00e9curiser un passage cycliste sur le pont du Vercors, il est naturel de permettre aux cyclistes de passer par le pont Esclangon. La position de la ville de Grenoble est donc d\u00e9fendable.<\/p>\n\n\n\n<p>Pour renforcer l\u2019arr\u00eat\u00e9 de police assurant la fermeture de la circulation automobile dans le sens Grenoble &#8211; Fontaine, la Ville a retir\u00e9 l\u2019arr\u00eat\u00e9 initial et a d\u00e9pos\u00e9 un nouvel arr\u00eat\u00e9. Le juge des r\u00e9f\u00e9r\u00e9s du Tribunal administratif a enregistr\u00e9 ce retrait qui arr\u00eate la proc\u00e9dure. Il a condamn\u00e9 la ville \u00e0 verser1500 euros d\u2019indemnisation \u00e0la M\u00e9tro pour les frais d\u2019avocat. Donc l\u2019arr\u00eat\u00e9 n\u2019a pas \u00e9t\u00e9 suspendu contrairement \u00e0 certaines affirmations.<\/p>\n\n\n\n<!--more-->\n\n\n\n<p>Il faut esp\u00e9rer qu\u2019\u00e0 la place d\u2019une gu\u00e9rilla juridique, un dialogue s\u2019instaure entre les deux communes et recherche les meilleures solutions qui assureront un passage provisoire mais s\u00e9curis\u00e9 pour les cyclistes, durant les travaux du pont du Vercors. Il est inacceptable qu\u2019il n\u2019y ait pas de protection des cyclistes sur cette travers\u00e9e du Drac, soit par Esclangon, soit par Vercors.<\/p>\n\n\n\n<p>Communiqu\u00e9 du 24 octobre de la mairie de Grenoble&nbsp;:<\/p>\n\n\n\n<p><em>Le non-lieu prononc\u00e9 par le tribunal administratif le 22 octobre 2021 permet de pr\u00e9server une travers\u00e9e s\u00e9curis\u00e9e du Drac pour les pi\u00e9ton-nes, personnes \u00e0 mobilit\u00e9 r\u00e9duite et cyclistes sur le pont Esclangon. La Ville de Grenoble indique qu&rsquo;elle prolongera l&rsquo;existence de cette voie s\u00e9curis\u00e9e tant que la situation sera accidentog\u00e8ne sur le pont du Vercors. Les \u00e9changes techniques se poursuivent actuellement entre collectivit\u00e9s afin de garantir la s\u00e9curit\u00e9 de la travers\u00e9e.<\/em><\/p>\n\n\n\n<p><em>Gilles Namur, Adjoint \u00e0 la Nature en ville, aux Espaces publics, \u00e0 la Biodiversit\u00e9, \u00e0 la Fra\u00eecheur et aux Mobilit\u00e9s, d\u00e9clare : \u00ab Nous sommes tr\u00e8s surpris des propos du vice-pr\u00e9sident de la M\u00e9tropole qui appelle la Ville de Grenoble \u00e0 \u00ab\u00a0entendre raison\u00a0\u00bb. Nous l&rsquo;appelons \u00e0 faire preuve surtout de responsabilit\u00e9 face aux dangers que courent les pi\u00e9ton-nes, personnes \u00e0 mobilit\u00e9 r\u00e9duite et cyclistes sur cette travers\u00e9e du Drac. Par notre arr\u00eat\u00e9 de septembre, nous avons enfin obtenu qu&rsquo;il \u00e9tudie la s\u00e9curisation de cette travers\u00e9e apr\u00e8s des demandes rest\u00e9es sans r\u00e9ponses depuis des mois. Refusant \u00e0 ce stade d&rsquo;\u00e9tudier la solution Esclangon pourtant ais\u00e9e \u00e0 mettre en \u0153uvre, la M\u00e9tropole nous a fait parvenir des premi\u00e8res propositions de s\u00e9curisation du pont du Vercors. Nous les avons \u00e9tudi\u00e9es d\u00e8s r\u00e9ception avec la plus grande attention. Plusieurs r\u00e9unions ont d\u00e9j\u00e0 eu lieu avec la M\u00e9tropole et la Ville de Fontaine. Plusieurs points nous posent aujourd&rsquo;hui encore des questions, questions que nous ne prenons pas \u00e0 la l\u00e9g\u00e8re car elles concernent la s\u00e9curit\u00e9 des pi\u00e9ton-nes, notamment les plus vuln\u00e9rables, des personnes \u00e0 mobilit\u00e9 r\u00e9duite et des cyclistes de tous \u00e2ges. Leur s\u00e9curit\u00e9 n&rsquo;est pas une variable d&rsquo;ajustement, nous agissons de mani\u00e8re lucide et responsable. Gr\u00e2ce \u00e0 la d\u00e9cision du tribunal, nous regarderons et \u00e9tudierons sereinement ces enjeux d\u00e8s la semaine prochaine afin de garantir la s\u00e9curit\u00e9 des habitantes et habitants. Nous sommes convaincus qu&rsquo;une solution peut \u00eatre trouv\u00e9e rapidement en lien avec les associations sp\u00e9cialis\u00e9es pour garantir une travers\u00e9e s\u00e9curis\u00e9e soit sur le pont du Vercors soit sur le pont Esclangon, en fonction des phases du chantier. \u00bb<\/em><\/p>\n","protected":false},"excerpt":{"rendered":"<p>La fermeture \u00e0 la circulation automobile du Pont Esclangon dans le sens Grenoble vers Fontaine, impos\u00e9e par un arr\u00eat\u00e9 de police du maire de Grenoble, qui permet aux cyclistes de traverser le Drac en toute s\u00e9curit\u00e9, n\u2019a pas \u00e9t\u00e9 effectu\u00e9e de la meilleure des fa\u00e7ons. La Ville s\u2019\u00e9tant content\u00e9e de l\u2019indiquer \u00e0 la M\u00e9tro mais [&hellip;]<\/p>\n","protected":false},"author":1,"featured_media":0,"comment_status":"closed","ping_status":"open","sticky":false,"template":"","format":"standard","meta":{"twitterCardType":"","cardImageID":0,"cardImage":"","cardTitle":"","cardDesc":"","cardImageAlt":"","cardPlayer":"","cardPlayerWidth":0,"cardPlayerHeight":0,"cardPlayerStream":"","cardPlayerCodec":"","footnotes":""},"categories":[62,11],"tags":[5,215,52,32,211],"class_list":["post-19456","post","type-post","status-publish","format-standard","hentry","category-le-rouge-le-vert-hebdo","category-politique-locale","tag-deplacements","tag-grenoble","tag-justice-administrative","tag-metro","tag-modes-actifs"],"_links":{"self":[{"href":"https:\/\/www.ades-grenoble.org\/wordpress\/wp-json\/wp\/v2\/posts\/19456","targetHints":{"allow":["GET"]}}],"collection":[{"href":"https:\/\/www.ades-grenoble.org\/wordpress\/wp-json\/wp\/v2\/posts"}],"about":[{"href":"https:\/\/www.ades-grenoble.org\/wordpress\/wp-json\/wp\/v2\/types\/post"}],"author":[{"embeddable":true,"href":"https:\/\/www.ades-grenoble.org\/wordpress\/wp-json\/wp\/v2\/users\/1"}],"replies":[{"embeddable":true,"href":"https:\/\/www.ades-grenoble.org\/wordpress\/wp-json\/wp\/v2\/comments?post=19456"}],"version-history":[{"count":1,"href":"https:\/\/www.ades-grenoble.org\/wordpress\/wp-json\/wp\/v2\/posts\/19456\/revisions"}],"predecessor-version":[{"id":19457,"href":"https:\/\/www.ades-grenoble.org\/wordpress\/wp-json\/wp\/v2\/posts\/19456\/revisions\/19457"}],"wp:attachment":[{"href":"https:\/\/www.ades-grenoble.org\/wordpress\/wp-json\/wp\/v2\/media?parent=19456"}],"wp:term":[{"taxonomy":"category","embeddable":true,"href":"https:\/\/www.ades-grenoble.org\/wordpress\/wp-json\/wp\/v2\/categories?post=19456"},{"taxonomy":"post_tag","embeddable":true,"href":"https:\/\/www.ades-grenoble.org\/wordpress\/wp-json\/wp\/v2\/tags?post=19456"}],"curies":[{"name":"wp","href":"https:\/\/api.w.org\/{rel}","templated":true}]}}