{"id":19461,"date":"2021-11-05T10:40:00","date_gmt":"2021-11-05T09:40:00","guid":{"rendered":"https:\/\/www.ades-grenoble.org\/wordpress\/?p=19461"},"modified":"2021-11-05T12:33:52","modified_gmt":"2021-11-05T11:33:52","slug":"diverses-actualites-52","status":"publish","type":"post","link":"https:\/\/www.ades-grenoble.org\/wordpress\/2021\/11\/05\/diverses-actualites-52\/","title":{"rendered":"Diverses actualit\u00e9s"},"content":{"rendered":"\n<div class=\"wp-block-image is-style-default\"><figure class=\"alignleft size-large\"><img loading=\"lazy\" decoding=\"async\" width=\"400\" height=\"222\" src=\"https:\/\/www.ades-grenoble.org\/wordpress\/wp-content\/uploads\/2020\/11\/crieur.jpg\" alt=\"\" class=\"wp-image-18106\" srcset=\"https:\/\/www.ades-grenoble.org\/wordpress\/wp-content\/uploads\/2020\/11\/crieur.jpg 400w, https:\/\/www.ades-grenoble.org\/wordpress\/wp-content\/uploads\/2020\/11\/crieur-150x83.jpg 150w, https:\/\/www.ades-grenoble.org\/wordpress\/wp-content\/uploads\/2020\/11\/crieur-300x167.jpg 300w\" sizes=\"auto, (max-width: 400px) 100vw, 400px\" \/><\/figure><\/div>\n\n\n\n<p><strong>Lutte contre le changement climatique, les Fran\u00e7ais pr\u00eats \u00e0 modifier leurs modes de vie.<\/strong> C\u2019est ce qu\u2019indique <a href=\"https:\/\/librairie.ademe.fr\/changement-climatique-et-energie\/4998-representations-sociales-du-changement-climatique-22-eme-vague-du-barometre.html\" target=\"_blank\" rel=\"noreferrer noopener\">une enqu\u00eate de l&rsquo;Ademe<\/a> sur les <em>\u00ab\u00a0repr\u00e9sentations sociales du changement climatique<\/em>\u00a0\u00bb qui montrent que plus de 60% des Fran\u00e7ais estiment devoir modifier de fa\u00e7on importante leurs modes de vie dans les ann\u00e9es \u00e0 venir.<\/p>\n\n\n\n<hr class=\"wp-block-separator\"\/>\n\n\n\n<p><strong>Formation des \u00e9lu.e.s \u00e0 l&rsquo;exercice de leur mandat\u00a0<\/strong>: La Direction g\u00e9n\u00e9rale des collectivit\u00e9s locales publie deux fiches sur la formation des \u00e9lus locaux. <a rel=\"noreferrer noopener\" href=\"https:\/\/www.collectivites-locales.gouv.fr\/files\/FPT\/2.%20recrutement%20et%20formation\/fiche_pratique_R%C3%A8gles_relatives_sous-traitance_formation_%C3%A9lus_locaux.pdf\" target=\"_blank\">L&rsquo;une rappelle que les organismes de formation \u00e0 l&rsquo;usage des \u00e9lus doivent obligatoirement \u00eatre agr\u00e9\u00e9s<\/a> ; <a rel=\"noreferrer noopener\" href=\"https:\/\/www.collectivites-locales.gouv.fr\/files\/FPT\/2.%20recrutement%20et%20formation\/fiche_pratique_financement_formation_%C3%A9lus_locaux.pdf\" target=\"_blank\">l&rsquo;autre fait le point sur les r\u00e8gles en mati\u00e8re de financement des formations par les collectivit\u00e9s.<\/a><\/p>\n\n\n\n<hr class=\"wp-block-separator\"\/>\n\n\n\n<p><strong>Un rapport d\u2019inspection charge l\u2019Agence fran\u00e7aise anticorruption.<\/strong> <a rel=\"noreferrer noopener\" href=\"https:\/\/www.mediapart.fr\/journal\/france\/021121\/un-rapport-d-inspection-charge-l-agence-francaise-anticorruption\" target=\"_blank\">M\u00e9diapart a eu acc\u00e8s \u00e0 un rapport<\/a> tenu secret depuis juillet 2020, de 335 pages, r\u00e9dig\u00e9 par trois membres de l\u2019Inspection g\u00e9n\u00e9rale des finances (IGF) et de l\u2019Inspection de la justice (IGJ), pour \u00e9valuer l\u2019impact des mesures prises depuis la fin du quinquennat de Fran\u00e7ois Hollande. Ce rapport s\u2019inqui\u00e8te de l\u2019absence de pilotage politique de l\u2019agence, faute de volontarisme au sein du gouvernement<strong>.<\/strong><\/p>\n\n\n\n<hr class=\"wp-block-separator\"\/>\n\n\n\n<p><a rel=\"noreferrer noopener\" href=\"http:\/\/www.mortsdelarue.org\/\" target=\"_blank\"><strong>Collectif<\/strong> <strong>Morts de la rue<\/strong><\/a><strong>. Les SDF d\u00e9c\u00e9d\u00e9s recens\u00e9s en 2020 avaient en moyenne 48 ans alors que la moyenne nationale est de 79 ans. <\/strong>587 personnes vivant \u00e0 la rue ou en structure d&rsquo;h\u00e9bergement provisoire sont mortes en 2020, dont au moins une sur quatre de mort violente (agression, suicide, noyade, accident), 24% \u00e9taient rest\u00e9es plusde dix ans en errance. Le CMDR fait des recommandations pour \u00e9viter ces situations dramatiques li\u00e9es \u00e0 l\u2019absence de logement.<\/p>\n\n\n\n<!--more-->\n\n\n\n<hr class=\"wp-block-separator\"\/>\n\n\n\n<p><strong>Des droits grav\u00e9s dans le marbre ? La personne d\u00e9funte et ses proches face au service public fun\u00e9raire. <\/strong><a rel=\"noreferrer noopener\" href=\"https:\/\/www.defenseurdesdroits.fr\/sites\/default\/files\/atoms\/files\/rap-fun-num-26.01.21.pdf\" target=\"_blank\">La D\u00e9fenseure des droits appelle \u00e0 une refonte du droit fun\u00e9raire <\/a>notamment par une harmonisation et une clarification des r\u00e8gles, ainsi qu&rsquo;un renforcement de l&rsquo;information d\u00e9livr\u00e9e aux familles. Elle pr\u00e9conise de donner une valeur r\u00e9glementaire aux diff\u00e9rentes cat\u00e9gories de concessions fun\u00e9raires (\u00ab\u00a0individuelle\u00a0\u00bb, \u00ab\u00a0collective\u00a0\u00bb et \u00ab\u00a0de famille\u00a0\u00bb) qui sont accord\u00e9es aux usagers<a href=\"https:\/\/www.defenseurdesdroits.fr\/sites\/default\/files\/atoms\/files\/rap-fun-num-26.01.21.pdf\">.<\/a><\/p>\n\n\n\n<hr class=\"wp-block-separator\"\/>\n\n\n\n<p><strong>Micropolluants dans les milieux aquatiques. Deux nouvelles \u00e9tudes<\/strong> de <a rel=\"noreferrer noopener\" href=\"https:\/\/www.ineris.fr\/fr\/substances-pertinentes-surveiller-spas\" target=\"_blank\">l\u2019Ineris (Institut national de l&rsquo;environnement industriel et des risques)<\/a> et de <a rel=\"noreferrer noopener\" href=\"https:\/\/www.ineris.fr\/fr\/campagne-emergents-nationaux-2018-emnat-2018-resultats-recherche-contaminants-emergents-eaux\" target=\"_blank\">l&rsquo;OFB (Office fran\u00e7ais de la biodiversit\u00e9)<\/a>, montrent la pr\u00e9sence \u00e0 large \u00e9chelle de r\u00e9sidus chimiques de produits de grande consommation dans les milieux aquatiques. Les concentrations de 141 contaminants organiques sur 1.600 sites, rivi\u00e8res, lacs, fleuves ou littoral en m\u00e9tropole en Outre-Mer, entre 2016 et 2018, ont \u00e9t\u00e9 pass\u00e9s au crible.<\/p>\n\n\n\n<hr class=\"wp-block-separator\"\/>\n\n\n\n<p><strong>Co\u00fbts de construction des logements sociaux.<\/strong> <a rel=\"noreferrer noopener\" href=\"https:\/\/www.banquedesterritoires.fr\/sites\/default\/files\/2021-10\/eclairage-25.pdf\" target=\"_blank\">Une \u00e9tude de la Banque des territoires (Caisse des d\u00e9p\u00f4ts)<\/a>. Au cours des derniers mois, une hausse des co\u00fbts de construction se dessine, li\u00e9e \u00e0 des difficult\u00e9s d\u2019approvisionnement et \u00e0 la hausse des prix des mati\u00e8res premi\u00e8res. Les difficult\u00e9s d\u2019acc\u00e8s au foncier, la nouvelle r\u00e9glementation environnementale et l\u2019objectif de z\u00e9ro artificialisation nette des sols pourraient \u00e0 plus long terme porter l\u2019\u00e9volution des prix de revient des logements sociaux.<\/p>\n\n\n\n<hr class=\"wp-block-separator\"\/>\n\n\n\n<p><strong>\u00ab\u00a0Les universit\u00e9s \u00e0 l\u2019horizon 2030 : plus de libert\u00e9s, plus de responsabilit\u00e9s\u00a0\u00bb.<\/strong> <a rel=\"noreferrer noopener\" href=\"https:\/\/www.ccomptes.fr\/sites\/default\/files\/2021-10\/20211021-NS-Universites.pdf\" target=\"_blank\">Une note de la Cour des comptes d\u2019octobre 2021<\/a>, propose de relancer le chantier de l&rsquo;autonomisation des universit\u00e9s, qui reste en trompe l\u2019\u0153il et propose la cr\u00e9ation de \u00ab\u00a0coll\u00e8ges universitaires\u00a0\u00bb qui associeraient plus \u00e9troitement les r\u00e9gions.<\/p>\n\n\n\n<hr class=\"wp-block-separator\"\/>\n\n\n\n<p>Suite \u00e0 <a rel=\"noreferrer noopener\" href=\"https:\/\/franceurbaine.org\/actualites\/luniversite-en-2030-territoires-et-universites-doivent-construire-un-projet-strategique\" target=\"_blank\">cette note<\/a>, <strong>France urbaine veut construire des projets strat\u00e9giques avec les universit\u00e9s<\/strong>.<\/p>\n\n\n\n<hr class=\"wp-block-separator\"\/>\n\n\n\n<p><strong>Les start-ups fran\u00e7aises seraient-elles un moteur \u00ab emp\u00each\u00e9 \u00bb de cr\u00e9ation d\u2019emplois ? <\/strong>C\u2019est la question pos\u00e9e par<a rel=\"noreferrer noopener\" href=\"https:\/\/www.strategie.gouv.fr\/publications\/lemploi-start-francaises\" target=\"_blank\"> le rapport de France Strat\u00e9gie du 28 octobre<\/a>.<\/p>\n\n\n\n<hr class=\"wp-block-separator\"\/>\n\n\n\n<p><strong>La pr\u00e9somption d\u2019innocence : un d\u00e9fi pour l\u2019Etat de droit.<\/strong> C\u2019est le titre d\u2019<a rel=\"noreferrer noopener\" href=\"http:\/\/www.presse.justice.gouv.fr\/art_pix\/Rapport%20pr%E9somption%20innocence%2020211015.pdf\" target=\"_blank\">un rapport d\u2019un groupe de travail, pr\u00e9sid\u00e9 par Mme Guigou<\/a>, charg\u00e9 de dresser un \u00e9tat des atteintes port\u00e9es \u00e0 la pr\u00e9somption d\u2019innocence et de formuler toute proposition utile, l\u00e9gislative ou pratique, permettant de garantir son respect. <\/p>\n\n\n\n<hr class=\"wp-block-separator\"\/>\n\n\n\n<p><strong>Le Haut Conseil des finances Publiques donne <a rel=\"noreferrer noopener\" href=\"https:\/\/www.hcfp.fr\/liste-avis\/avis-ndeg-hcfp-2021-5-plf-2022-revise-et-plfr2\" target=\"_blank\">un avis critique sur les projets de lois de finances<\/a>. <\/strong>Le Haut Conseil constate que, contrairement \u00e0 ce qu\u2019il pr\u00e9conisait dans son avis du 17 septembre 2021, le surcro\u00eet de recettes attendu n\u2019est pas consacr\u00e9 au d\u00e9sendettement, mais qu\u2019il est, au contraire, plus que compens\u00e9 par un surcro\u00eet de d\u00e9penses ou de mesures de baisse des pr\u00e9l\u00e8vements obligatoires.<\/p>\n","protected":false},"excerpt":{"rendered":"<p>Lutte contre le changement climatique, les Fran\u00e7ais pr\u00eats \u00e0 modifier leurs modes de vie. C\u2019est ce qu\u2019indique une enqu\u00eate de l&rsquo;Ademe sur les \u00ab\u00a0repr\u00e9sentations sociales du changement climatique\u00a0\u00bb qui montrent que plus de 60% des Fran\u00e7ais estiment devoir modifier de fa\u00e7on importante leurs modes de vie dans les ann\u00e9es \u00e0 venir. Formation des \u00e9lu.e.s \u00e0 [&hellip;]<\/p>\n","protected":false},"author":1,"featured_media":0,"comment_status":"closed","ping_status":"open","sticky":false,"template":"","format":"standard","meta":{"twitterCardType":"","cardImageID":0,"cardImage":"","cardTitle":"","cardDesc":"","cardImageAlt":"","cardPlayer":"","cardPlayerWidth":0,"cardPlayerHeight":0,"cardPlayerStream":"","cardPlayerCodec":"","footnotes":""},"categories":[62,11],"tags":[223,219,169,181],"class_list":["post-19461","post","type-post","status-publish","format-standard","hentry","category-le-rouge-le-vert-hebdo","category-politique-locale","tag-climat","tag-corruption","tag-elu","tag-precarite"],"_links":{"self":[{"href":"https:\/\/www.ades-grenoble.org\/wordpress\/wp-json\/wp\/v2\/posts\/19461","targetHints":{"allow":["GET"]}}],"collection":[{"href":"https:\/\/www.ades-grenoble.org\/wordpress\/wp-json\/wp\/v2\/posts"}],"about":[{"href":"https:\/\/www.ades-grenoble.org\/wordpress\/wp-json\/wp\/v2\/types\/post"}],"author":[{"embeddable":true,"href":"https:\/\/www.ades-grenoble.org\/wordpress\/wp-json\/wp\/v2\/users\/1"}],"replies":[{"embeddable":true,"href":"https:\/\/www.ades-grenoble.org\/wordpress\/wp-json\/wp\/v2\/comments?post=19461"}],"version-history":[{"count":1,"href":"https:\/\/www.ades-grenoble.org\/wordpress\/wp-json\/wp\/v2\/posts\/19461\/revisions"}],"predecessor-version":[{"id":19462,"href":"https:\/\/www.ades-grenoble.org\/wordpress\/wp-json\/wp\/v2\/posts\/19461\/revisions\/19462"}],"wp:attachment":[{"href":"https:\/\/www.ades-grenoble.org\/wordpress\/wp-json\/wp\/v2\/media?parent=19461"}],"wp:term":[{"taxonomy":"category","embeddable":true,"href":"https:\/\/www.ades-grenoble.org\/wordpress\/wp-json\/wp\/v2\/categories?post=19461"},{"taxonomy":"post_tag","embeddable":true,"href":"https:\/\/www.ades-grenoble.org\/wordpress\/wp-json\/wp\/v2\/tags?post=19461"}],"curies":[{"name":"wp","href":"https:\/\/api.w.org\/{rel}","templated":true}]}}