{"id":19473,"date":"2021-11-05T11:24:36","date_gmt":"2021-11-05T10:24:36","guid":{"rendered":"https:\/\/www.ades-grenoble.org\/wordpress\/?p=19473"},"modified":"2021-11-06T09:08:20","modified_gmt":"2021-11-06T08:08:20","slug":"qui-est-andre-leo","status":"publish","type":"post","link":"https:\/\/www.ades-grenoble.org\/wordpress\/2021\/11\/05\/qui-est-andre-leo\/","title":{"rendered":"Qui est Andr\u00e9 L\u00e9o ?"},"content":{"rendered":"\n<div class=\"wp-block-image is-style-rounded\"><figure class=\"alignleft size-large\"><img loading=\"lazy\" decoding=\"async\" width=\"313\" height=\"400\" src=\"https:\/\/www.ades-grenoble.org\/wordpress\/wp-content\/uploads\/2021\/11\/Andreleo.jpg\" alt=\"\" class=\"wp-image-19474\" srcset=\"https:\/\/www.ades-grenoble.org\/wordpress\/wp-content\/uploads\/2021\/11\/Andreleo.jpg 313w, https:\/\/www.ades-grenoble.org\/wordpress\/wp-content\/uploads\/2021\/11\/Andreleo-235x300.jpg 235w, https:\/\/www.ades-grenoble.org\/wordpress\/wp-content\/uploads\/2021\/11\/Andreleo-117x150.jpg 117w\" sizes=\"auto, (max-width: 313px) 100vw, 313px\" \/><\/figure><\/div>\n\n\n\n<p>Le Conseil d\u2019administration du CCAS de Grenoble a d\u00e9cid\u00e9, \u00e0 l\u2019unanimit\u00e9, de donner le nom d\u2019<em>\u00ab&nbsp;Andr\u00e9 L\u00e9o-Ecrivaine f\u00e9ministe&nbsp;<\/em>\u00bb \u00e0 l\u2019EHPAD situ\u00e9 dans la ZAC Flaubert. Ce vote s&rsquo;inscrit dans le choix de la ville de Grenoble de comm\u00e9morer le 150<sup>\u00e8me<\/sup> anniversaire de la Commune de Paris.<\/p>\n\n\n\n<p>Mais qui est ce\u00a0? C\u2019est le nom de plume d\u2019une femme, \u00e9crivaine f\u00e9ministe et journaliste s\u2019appelant Victoire L\u00e9odile B\u00e9ra. Mais pourquoi un pseudonyme\u00a0? C&rsquo;est en raison du code Napol\u00e9on que les femmes mari\u00e9es \u00e9taient consid\u00e9r\u00e9es comme des mineures, sous la tutelle de leur mari, et se voyaient emp\u00each\u00e9es de publier \u00e0 leur nom\u00a0\u00e0 l&rsquo;instar de George Sand par exemple.<\/p>\n\n\n\n<p>Au nom de cette incapacit\u00e9 juridique les \u00e9diteurs qui auraient enfreint la loi se seraient \u00e9galement vus lourdement condamn\u00e9s, ce qui les emp\u00eachaient de publier les autrices qui choisissaient le nom de leur mari (m\u00eame dans les milieux les plus \u00ab progressistes \u00bb*). Elle recourait \u00e0 son pseudo y compris dans sa correspondance priv\u00e9e (notamment avec Elis\u00e9e Reclus qui la tutoyait, fait rarissime entre amis de genre diff\u00e9rent \u00e0 l&rsquo;\u00e9poque !).<\/p>\n\n\n\n<!--more-->\n\n\n\n<p>Andr\u00e9 L\u00e9o, n\u00e9e en 1824, dont les \u0153uvres publi\u00e9es entre 1851 et 1899 ont eu un grand retentissement ; son \u0153uvre prolifique est indissociable de son engagement social : fondatrice en 1866 de l\u2019\u00ab Association pour l&rsquo;am\u00e9lioration de l&rsquo;enseignement des femmes \u00bb, elle est \u00e0 l\u2019origine du premier mouvement f\u00e9ministe en France ; r\u00e9publicaine et socialiste, elle a jou\u00e9 un r\u00f4le politique important pendant la Commune et s\u2019est engag\u00e9e pour la d\u00e9fense des plus faibles et des victimes en collaborant \u00e0 l&rsquo;\u00ab Union des femmes pour la d\u00e9fense de Paris et les soins aux bless\u00e9s \u00bb. Apr\u00e8s la \u00ab Semaine sanglante \u00bb de mai 1871, elle s\u2019est exil\u00e9e en Suisse et en Italie avant de rentrer en France apr\u00e8s l\u2019amnistie de 1880. Elle \u00e9tait l&rsquo;amie de la grenobloise Isaure P\u00e9rier. Aujourd\u2019hui elle est reconnue comme une \u00e9mancipatrice des plus importante \u00e0 l\u2019\u00e9gale de Louise Michel.&nbsp;<\/p>\n\n\n\n<p>Voir<a rel=\"noreferrer noopener\" href=\"https:\/\/maitron.fr\/spip.php?article54997\" target=\"_blank\"> l&rsquo;article du <em>Maitron<\/em><\/a>, o\u00f9 il est indiqu\u00e9 qu&rsquo;Andr\u00e9 L\u00e9o collabora pendant la Commune avec la Grenobloise Isaure P\u00e9rier&nbsp;\u00e0 la commission institu\u00e9e par \u00c9douard Vaillant \u00ab&nbsp;<em>pour organiser et surveiller l\u2019enseignement dans les \u00e9coles de filles&nbsp;<\/em>\u00bb et <a rel=\"noreferrer noopener\" href=\"https:\/\/gallica.bnf.fr\/blog\/14082020\/andre-leo-la-communarde?mode=mobile\" target=\"_blank\">l\u2019article de la biblioth\u00e8que num\u00e9rique de la BNF<\/a>.<\/p>\n\n\n\n<p>* on trouve toujours dans le commerce (site de la FNAC) <a rel=\"noreferrer noopener\" href=\"http:\/\/ <p>* on trouve toujours dans le commerce (site de la FNAC) l&rsquo;ouvrage de physique d&rsquo;Isaure Perier au nom d&rsquo;Aristide Rey ! <a href=&quot;https:\/\/www.fnac.com\/ia7324738\/Mme-Aristide-Rey&quot;>https:\/\/www.fnac.com\/ia7324738\/Mme-Aristide-Rey<\/a><\/p> \u00a0\u00bb target=\u00a0\u00bb_blank\u00a0\u00bb>l&rsquo;ouvrage de physique d&rsquo;Isaure P\u00e9rier<\/a> au nom d&rsquo;Aristide Rey !<\/p>\n","protected":false},"excerpt":{"rendered":"<p>Le Conseil d\u2019administration du CCAS de Grenoble a d\u00e9cid\u00e9, \u00e0 l\u2019unanimit\u00e9, de donner le nom d\u2019\u00ab&nbsp;Andr\u00e9 L\u00e9o-Ecrivaine f\u00e9ministe&nbsp;\u00bb \u00e0 l\u2019EHPAD situ\u00e9 dans la ZAC Flaubert. Ce vote s&rsquo;inscrit dans le choix de la ville de Grenoble de comm\u00e9morer le 150\u00e8me anniversaire de la Commune de Paris. Mais qui est ce\u00a0? C\u2019est le nom de plume [&hellip;]<\/p>\n","protected":false},"author":1,"featured_media":0,"comment_status":"closed","ping_status":"open","sticky":false,"template":"","format":"standard","meta":{"twitterCardType":"","cardImageID":0,"cardImage":"","cardTitle":"","cardDesc":"","cardImageAlt":"","cardPlayer":"","cardPlayerWidth":0,"cardPlayerHeight":0,"cardPlayerStream":"","cardPlayerCodec":"","footnotes":""},"categories":[62,11],"tags":[155,42,195],"class_list":["post-19473","post","type-post","status-publish","format-standard","hentry","category-le-rouge-le-vert-hebdo","category-politique-locale","tag-ccas","tag-droits-des-femmes","tag-histoire"],"_links":{"self":[{"href":"https:\/\/www.ades-grenoble.org\/wordpress\/wp-json\/wp\/v2\/posts\/19473","targetHints":{"allow":["GET"]}}],"collection":[{"href":"https:\/\/www.ades-grenoble.org\/wordpress\/wp-json\/wp\/v2\/posts"}],"about":[{"href":"https:\/\/www.ades-grenoble.org\/wordpress\/wp-json\/wp\/v2\/types\/post"}],"author":[{"embeddable":true,"href":"https:\/\/www.ades-grenoble.org\/wordpress\/wp-json\/wp\/v2\/users\/1"}],"replies":[{"embeddable":true,"href":"https:\/\/www.ades-grenoble.org\/wordpress\/wp-json\/wp\/v2\/comments?post=19473"}],"version-history":[{"count":2,"href":"https:\/\/www.ades-grenoble.org\/wordpress\/wp-json\/wp\/v2\/posts\/19473\/revisions"}],"predecessor-version":[{"id":19492,"href":"https:\/\/www.ades-grenoble.org\/wordpress\/wp-json\/wp\/v2\/posts\/19473\/revisions\/19492"}],"wp:attachment":[{"href":"https:\/\/www.ades-grenoble.org\/wordpress\/wp-json\/wp\/v2\/media?parent=19473"}],"wp:term":[{"taxonomy":"category","embeddable":true,"href":"https:\/\/www.ades-grenoble.org\/wordpress\/wp-json\/wp\/v2\/categories?post=19473"},{"taxonomy":"post_tag","embeddable":true,"href":"https:\/\/www.ades-grenoble.org\/wordpress\/wp-json\/wp\/v2\/tags?post=19473"}],"curies":[{"name":"wp","href":"https:\/\/api.w.org\/{rel}","templated":true}]}}