{"id":19501,"date":"2021-11-12T11:22:08","date_gmt":"2021-11-12T10:22:08","guid":{"rendered":"https:\/\/www.ades-grenoble.org\/wordpress\/?p=19501"},"modified":"2021-11-12T14:03:33","modified_gmt":"2021-11-12T13:03:33","slug":"en-isere-un-ecologiste-attaque-en-diffamation-par-des-elus-chasseurs","status":"publish","type":"post","link":"https:\/\/www.ades-grenoble.org\/wordpress\/2021\/11\/12\/en-isere-un-ecologiste-attaque-en-diffamation-par-des-elus-chasseurs\/","title":{"rendered":"En Is\u00e8re, un \u00e9cologiste attaqu\u00e9 en diffamation par des \u00e9lus chasseurs"},"content":{"rendered":"\n<div class=\"wp-block-image is-style-default\"><figure class=\"alignleft size-large\"><img loading=\"lazy\" decoding=\"async\" width=\"500\" height=\"374\" src=\"https:\/\/www.ades-grenoble.org\/wordpress\/wp-content\/uploads\/2018\/09\/LPO-campagne-chasseurs.jpg\" alt=\"\" class=\"wp-image-14751\" srcset=\"https:\/\/www.ades-grenoble.org\/wordpress\/wp-content\/uploads\/2018\/09\/LPO-campagne-chasseurs.jpg 500w, https:\/\/www.ades-grenoble.org\/wordpress\/wp-content\/uploads\/2018\/09\/LPO-campagne-chasseurs-150x112.jpg 150w, https:\/\/www.ades-grenoble.org\/wordpress\/wp-content\/uploads\/2018\/09\/LPO-campagne-chasseurs-300x224.jpg 300w\" sizes=\"auto, (max-width: 500px) 100vw, 500px\" \/><\/figure><\/div>\n\n\n\n<p>Le pr\u00e9sident du Conseil d\u00e9partemental de l\u2019Is\u00e8re a d\u00e9cid\u00e9 de poursuivre en diffamation, l\u2019\u00e9cologiste Jean-Fran\u00e7ois Noblet pour avoir fait un billet sur France bleu Is\u00e8re intitul\u00e9 \u00ab&nbsp;<em>Carton rouge pour les chasseurs<\/em>&nbsp;\u00bb, qui mettait en cause une d\u00e9cision du Conseil D\u00e9partemental. La poursuite est faite avec constitution de partie civile ce qui impose la d\u00e9signation d\u2019un juge d\u2019instruction qui instruira \u00e0 charge et \u00e0 d\u00e9charge.<\/p>\n\n\n\n<p>Jean Fran\u00e7ois Noblet entend se d\u00e9fendre et a transmis un communiqu\u00e9 le 9 novembre&nbsp;:<\/p>\n\n\n\n<p><em>\u00ab&nbsp;Mr JP Barbier pr\u00e9sident du Conseil d\u00e9partemental de l\u2019Is\u00e8re, chasseur non pratiquant et F. Mulyk chasseur et vice-pr\u00e9sident du Conseil d\u00e9partemental annoncent avoir d\u00e9pos\u00e9 une plainte en diffamation contre Jean Fran\u00e7ois Noblet conseiller technique environnement retrait\u00e9 du Conseil d\u00e9partemental. Voici ma premi\u00e8re r\u00e9action&nbsp;:<\/em><\/p>\n\n\n\n<!--more-->\n\n\n\n<p><em>\u00ab&nbsp;Cette plainte aura l\u2019avantage de pouvoir d\u00e9montrer que l\u2019ouverture de la chasse dans une propri\u00e9t\u00e9 du d\u00e9partement de 4000 ha au c\u0153ur d\u2019une r\u00e9serve naturelle nationale est une erreur et une privatisation du bien commun au profit d\u2019une minorit\u00e9 de citoyens chasseurs. Cette ouverture de la chasse s\u2019est faite dans des conditions d\u00e9mocratiques anormales, sans r\u00e9elle information des \u00e9lus, du public, de la r\u00e9serve naturelle des hauts plateaux du Vercors et du Parc Naturel r\u00e9gional du Vercors, gestionnaire de la r\u00e9serve naturelle. J\u2019aurai donc plaisir \u00e0 expliquer cela au procureur de la r\u00e9publique.<\/em><\/p>\n\n\n\n<p><em>Ce n\u2019est pas la premi\u00e8re fois que Jean Pierre Barbier et Fabien Mulyk privil\u00e9gient les chasseurs que je respecte par ailleurs. Mais trop c\u2019est trop&nbsp;!<\/em><\/p>\n\n\n\n<p><em>Apr\u00e8s avoir supprim\u00e9 nombre de subventions aux associations environnementales au profit des chasseurs, apr\u00e8s avoir ouvert la chasse syst\u00e9matiquement&nbsp; dans les Espaces Naturels Sensibles du d\u00e9partement, ils ont autoris\u00e9 et privatis\u00e9 la chasse sur les 4000 ha du D\u00e9partement sur les hauts plateaux du Vercors en mai 2021 en la confiant \u00e0 une association d\u00e9nomm\u00e9 La Diane de l\u2019Is\u00e8re qui n\u2019a jamais exist\u00e9 et qui a \u00e9t\u00e9&nbsp; remplac\u00e9e discr\u00e8tement,&nbsp; sans avis des \u00e9lus, par une association d\u00e9nomm\u00e9e l\u2019Amicale des agents du d\u00e9partement chasseurs de l\u2019Is\u00e8re officiellement d\u00e9clar\u00e9e en juin 2021. JP Barbier et Fabien Mulyk sont membres de droit de cette association et seul JP Barbier peut juger de l\u2019adh\u00e9sion \u00e0 cette association.<\/em><\/p>\n\n\n\n<p><em>JP Barbier a d\u00e9j\u00e0 obtenu l\u2019arr\u00eat de mon \u00e9mission d\u00e9nomm\u00e9e Carte Blanche \u00e0 Jean Fran\u00e7ois Noblet sur France bleu Is\u00e8re o\u00f9 je pouvais m\u2019exprimer librement 3 fois par mois \u00e0 une heure de grande \u00e9coute et il voudrait m\u2019intimider par ce d\u00e9p\u00f4t de plainte qui me donnera l\u2019occasion de montrer au public que mon combat n\u2019est pas politique, qu\u2019il \u00e9mane d\u2019un&nbsp; scientifique protecteur de la nature&nbsp; \u00e0 l\u2019origine de la cr\u00e9ation de la r\u00e9serve naturelle avec l\u2019association Vercors Nature qui regrette am\u00e8rement&nbsp; que l\u2019on chasse sans raisons dans un espace vierge non chass\u00e9 depuis 30 ans et dans lequel les citoyens aimeraient pouvoir se balader sans craindre un coup de fusil&nbsp;\u00bb<\/em><\/p>\n","protected":false},"excerpt":{"rendered":"<p>Le pr\u00e9sident du Conseil d\u00e9partemental de l\u2019Is\u00e8re a d\u00e9cid\u00e9 de poursuivre en diffamation, l\u2019\u00e9cologiste Jean-Fran\u00e7ois Noblet pour avoir fait un billet sur France bleu Is\u00e8re intitul\u00e9 \u00ab&nbsp;Carton rouge pour les chasseurs&nbsp;\u00bb, qui mettait en cause une d\u00e9cision du Conseil D\u00e9partemental. La poursuite est faite avec constitution de partie civile ce qui impose la d\u00e9signation d\u2019un [&hellip;]<\/p>\n","protected":false},"author":1,"featured_media":0,"comment_status":"closed","ping_status":"open","sticky":false,"template":"","format":"standard","meta":{"twitterCardType":"","cardImageID":0,"cardImage":"","cardTitle":"","cardDesc":"","cardImageAlt":"","cardPlayer":"","cardPlayerWidth":0,"cardPlayerHeight":0,"cardPlayerStream":"","cardPlayerCodec":"","footnotes":""},"categories":[62,11],"tags":[216,153,243,144],"class_list":["post-19501","post","type-post","status-publish","format-standard","hentry","category-le-rouge-le-vert-hebdo","category-politique-locale","tag-conseil-departemental-de-lisere","tag-ecologie","tag-justice","tag-nature"],"_links":{"self":[{"href":"https:\/\/www.ades-grenoble.org\/wordpress\/wp-json\/wp\/v2\/posts\/19501","targetHints":{"allow":["GET"]}}],"collection":[{"href":"https:\/\/www.ades-grenoble.org\/wordpress\/wp-json\/wp\/v2\/posts"}],"about":[{"href":"https:\/\/www.ades-grenoble.org\/wordpress\/wp-json\/wp\/v2\/types\/post"}],"author":[{"embeddable":true,"href":"https:\/\/www.ades-grenoble.org\/wordpress\/wp-json\/wp\/v2\/users\/1"}],"replies":[{"embeddable":true,"href":"https:\/\/www.ades-grenoble.org\/wordpress\/wp-json\/wp\/v2\/comments?post=19501"}],"version-history":[{"count":1,"href":"https:\/\/www.ades-grenoble.org\/wordpress\/wp-json\/wp\/v2\/posts\/19501\/revisions"}],"predecessor-version":[{"id":19502,"href":"https:\/\/www.ades-grenoble.org\/wordpress\/wp-json\/wp\/v2\/posts\/19501\/revisions\/19502"}],"wp:attachment":[{"href":"https:\/\/www.ades-grenoble.org\/wordpress\/wp-json\/wp\/v2\/media?parent=19501"}],"wp:term":[{"taxonomy":"category","embeddable":true,"href":"https:\/\/www.ades-grenoble.org\/wordpress\/wp-json\/wp\/v2\/categories?post=19501"},{"taxonomy":"post_tag","embeddable":true,"href":"https:\/\/www.ades-grenoble.org\/wordpress\/wp-json\/wp\/v2\/tags?post=19501"}],"curies":[{"name":"wp","href":"https:\/\/api.w.org\/{rel}","templated":true}]}}