{"id":19521,"date":"2021-11-12T12:03:28","date_gmt":"2021-11-12T11:03:28","guid":{"rendered":"https:\/\/www.ades-grenoble.org\/wordpress\/?p=19521"},"modified":"2021-11-12T14:03:46","modified_gmt":"2021-11-12T13:03:46","slug":"mission-eau-de-la-metro-suite","status":"publish","type":"post","link":"https:\/\/www.ades-grenoble.org\/wordpress\/2021\/11\/12\/mission-eau-de-la-metro-suite\/","title":{"rendered":"\u00ab Mission eau \u00bb de la M\u00e9tro, suite"},"content":{"rendered":"\n<div class=\"wp-block-image is-style-default\"><figure class=\"alignleft size-large\"><img loading=\"lazy\" decoding=\"async\" width=\"276\" height=\"183\" src=\"https:\/\/www.ades-grenoble.org\/wordpress\/wp-content\/uploads\/2014\/12\/robinet-qui-coule1.jpg\" alt=\"\" class=\"wp-image-9433\" srcset=\"https:\/\/www.ades-grenoble.org\/wordpress\/wp-content\/uploads\/2014\/12\/robinet-qui-coule1.jpg 276w, https:\/\/www.ades-grenoble.org\/wordpress\/wp-content\/uploads\/2014\/12\/robinet-qui-coule1-150x99.jpg 150w\" sizes=\"auto, (max-width: 276px) 100vw, 276px\" \/><\/figure><\/div>\n\n\n\n<p>M. Marc Oddon, maire de Venon, membre de la Mission Eau de la M\u00e9tropole, r\u00e9agit \u00e0 l\u2019article <em>intitul\u00e9 \u00ab\u00a0<a rel=\"noreferrer noopener\" href=\"https:\/\/www.ades-grenoble.org\/wordpress\/2021\/10\/29\/histoire-deau-a-la-metro-suite-et-bientot-fin\/\" target=\"_blank\">Histoire d\u2019eau \u00e0 la M\u00e9tro, suite et bient\u00f4t fin\u00a0<\/a>\u00bb<\/em> dat\u00e9 du 29 octobre 2021<a href=\"https:\/\/www.ades-grenoble.org\/wordpress\/2021\/10\/29\/histoire-deau-a-la-metro-suite-et-bientot-fin\/\">.<\/a><\/p>\n\n\n\n<p>Dans le droit de r\u00e9ponse ci-dessous, il indique que le r\u00f4le de la mission eau s\u2019est limit\u00e9 \u00e0 prendre en compte les charges transf\u00e9r\u00e9es li\u00e9es aux investissements r\u00e9alis\u00e9s \u00e0 Rochefort avant 2015 par la Ville de Grenoble au budget annexe de l\u2019eau m\u00e9tropolitain. Nous apportons apr\u00e8s cette r\u00e9ponse des \u00e9l\u00e9ments qui indiquent que la mission est all\u00e9e beaucoup plus loin dans ce dossier et c\u2019est cela qui rend la r\u00e9solution du diff\u00e9rend beaucoup plus complexe.<\/p>\n\n\n\n<p><em>\u00ab&nbsp;En tant que membre de la commission eau, je tiens \u00e0 apporter un droit de r\u00e9ponse \u00e0 l\u2019article \u00ab histoire d\u2019eau \u00bb, qui me semble passer rapidement sur le fond du sujet, qui n\u2019est en aucun cas une mise en doute de l\u2019excellence de l\u2019outil et de la vision de service public, ni des efforts justes r\u00e9alis\u00e9s pour sortir d\u2019une situation de corruption, mais bien d\u2019une affectation discutable de dette transmise \u00e0 la m\u00e9tropole.<\/em><\/p>\n\n\n\n<!--more-->\n\n\n\n<p><em>&nbsp;\u00ab La mission eau tient \u00e0 pr\u00e9ciser que son r\u00f4le \u00e9tait de prendre en compte la r\u00e9alit\u00e9 des charges transf\u00e9r\u00e9es, et que le point de litige qui demeure est bien la transmission d\u2019un montant de dette de 6,2M\u20ac sur les 25M\u20ac de dette transmis \u00e0 la m\u00e9tropole. De fa\u00e7on indiscutable cette dette de 6,2 M\u20ac ne correspond en aucun cas \u00e0 un montant d&rsquo;investissements ayant eu lieu sur le site de Rochefort.<\/em><\/p>\n\n\n\n<p><em>La recherche d\u2019un accord avec la m\u00e9tropole sur les charges suppl\u00e9mentaires \u00e0 prendre en compte et port\u00e9es par la ville de Grenoble pour sortir d\u2019un \u00e9pisode complexe de corruption ne justifie en rien le fait de faire payer par le budget de l\u2019eau des d\u00e9penses qui n\u2019en rel\u00e8vent pas. Sur le principe de l\u2019eau paye l\u2019eau, les moyens publics sont aujourd\u2019hui d\u00e9ploy\u00e9s par la m\u00e9tropole au service de tous les citoyens et conform\u00e9ment \u00e0 la loi MAPTAM. C\u2019est techniquement cette \u00e9valuation qui a \u00e9t\u00e9 l\u2019objet de nos travaux \u00bb<\/em><\/p>\n\n\n\n<p>La dette \u00e9voqu\u00e9e par Marc Oddon, se montait en fait exactement \u00e0 4,9 M\u20ac (3,6 M\u20ac en capital et 1,3 M\u20ac en int\u00e9r\u00eat) comme indiqu\u00e9 dans la d\u00e9lib\u00e9ration du 20 d\u00e9cembre 2019 et non 6,2 M\u20ac.<\/p>\n\n\n\n<p>Mais la mission eau est all\u00e9e beaucoup plus loin et a poursuivi son travail en prenant en compte d\u2019autres charges li\u00e9es au service de l\u2019eau, pay\u00e9es par le budget principal de la Ville et qui venaient en diminution de cette dette de 4,9 M\u20ac.<\/p>\n\n\n\n<p>La Mission eau \u00e9crit \u00e0 la Ville, le 19 novembre 2019, en r\u00e9ponse \u00e0 une mise au point de la Ville&nbsp;qui apportait des \u00e9l\u00e9ments nouveaux sur ces questions&nbsp;: <em>\u00ab&nbsp;Votre courrier nous propose \u00e9galement de nouveaux \u00e9l\u00e9ments \u00e0 prendre en compte dont la M\u00e9tropole n\u2019avait pas connaissance. Comme cela a \u00e9t\u00e9 affirm\u00e9 lors de nombreux \u00e9changes avec la ville, nous vous confirmons que la mission eau est pr\u00eate \u00e0 les analyser et \u00e0 en tenir compte dans le transfert&nbsp;\u00bb.<\/em><\/p>\n\n\n\n<p>C\u2019est pourquoi la d\u00e9lib\u00e9ration du 20 d\u00e9cembre 2019 a pris en compte de nouveaux \u00e9l\u00e9ments qui annulaient cette dette en indiquant que le budget principal avait pris en compte la recapitalisation de la SEG (4,6 M\u20ac) et en fonctionnement 0,3 M\u20ac de charges diverses li\u00e9es au retour \u00e0 la gestion publique. Soit une somme de 4,9 M\u20ac venant annuler les 4,9 M\u20ac trop transf\u00e9r\u00e9s.<\/p>\n\n\n\n<p>Mais la d\u00e9lib\u00e9ration introduisait en plus le boni de liquidation de la SEG (de 1,5 M\u20ac), estimant qu\u2019il faisait partie de la recapitalisation de la SEG. La Ville a apport\u00e9 tous les \u00e9l\u00e9ments tr\u00e8s pr\u00e9cis qui d\u00e9montre que ces 1,5 M\u20ac ne peuvent pas \u00eatre attribu\u00e9s \u00e0 une charge du budget de l\u2019eau.<\/p>\n\n\n\n<p>Comme propos\u00e9 par la ville, une m\u00e9diation ext\u00e9rieure serait la bienvenue, mais si la M\u00e9tropole persiste \u00e0 ce sujet, il faudra laisser faire la justice.<\/p>\n","protected":false},"excerpt":{"rendered":"<p>M. Marc Oddon, maire de Venon, membre de la Mission Eau de la M\u00e9tropole, r\u00e9agit \u00e0 l\u2019article intitul\u00e9 \u00ab\u00a0Histoire d\u2019eau \u00e0 la M\u00e9tro, suite et bient\u00f4t fin\u00a0\u00bb dat\u00e9 du 29 octobre 2021. Dans le droit de r\u00e9ponse ci-dessous, il indique que le r\u00f4le de la mission eau s\u2019est limit\u00e9 \u00e0 prendre en compte les charges [&hellip;]<\/p>\n","protected":false},"author":1,"featured_media":0,"comment_status":"closed","ping_status":"open","sticky":false,"template":"","format":"standard","meta":{"twitterCardType":"","cardImageID":0,"cardImage":"","cardTitle":"","cardDesc":"","cardImageAlt":"","cardPlayer":"","cardPlayerWidth":0,"cardPlayerHeight":0,"cardPlayerStream":"","cardPlayerCodec":"","footnotes":""},"categories":[62,11],"tags":[232,215,280],"class_list":["post-19521","post","type-post","status-publish","format-standard","hentry","category-le-rouge-le-vert-hebdo","category-politique-locale","tag-eau","tag-grenoble","tag-metropole"],"_links":{"self":[{"href":"https:\/\/www.ades-grenoble.org\/wordpress\/wp-json\/wp\/v2\/posts\/19521","targetHints":{"allow":["GET"]}}],"collection":[{"href":"https:\/\/www.ades-grenoble.org\/wordpress\/wp-json\/wp\/v2\/posts"}],"about":[{"href":"https:\/\/www.ades-grenoble.org\/wordpress\/wp-json\/wp\/v2\/types\/post"}],"author":[{"embeddable":true,"href":"https:\/\/www.ades-grenoble.org\/wordpress\/wp-json\/wp\/v2\/users\/1"}],"replies":[{"embeddable":true,"href":"https:\/\/www.ades-grenoble.org\/wordpress\/wp-json\/wp\/v2\/comments?post=19521"}],"version-history":[{"count":2,"href":"https:\/\/www.ades-grenoble.org\/wordpress\/wp-json\/wp\/v2\/posts\/19521\/revisions"}],"predecessor-version":[{"id":19523,"href":"https:\/\/www.ades-grenoble.org\/wordpress\/wp-json\/wp\/v2\/posts\/19521\/revisions\/19523"}],"wp:attachment":[{"href":"https:\/\/www.ades-grenoble.org\/wordpress\/wp-json\/wp\/v2\/media?parent=19521"}],"wp:term":[{"taxonomy":"category","embeddable":true,"href":"https:\/\/www.ades-grenoble.org\/wordpress\/wp-json\/wp\/v2\/categories?post=19521"},{"taxonomy":"post_tag","embeddable":true,"href":"https:\/\/www.ades-grenoble.org\/wordpress\/wp-json\/wp\/v2\/tags?post=19521"}],"curies":[{"name":"wp","href":"https:\/\/api.w.org\/{rel}","templated":true}]}}