{"id":19527,"date":"2021-11-12T13:50:31","date_gmt":"2021-11-12T12:50:31","guid":{"rendered":"https:\/\/www.ades-grenoble.org\/wordpress\/?p=19527"},"modified":"2021-11-12T14:40:52","modified_gmt":"2021-11-12T13:40:52","slug":"politique-politicienne-245","status":"publish","type":"post","link":"https:\/\/www.ades-grenoble.org\/wordpress\/2021\/11\/12\/politique-politicienne-245\/","title":{"rendered":"Politique politicienne"},"content":{"rendered":"\n<div class=\"wp-block-image is-style-default\"><figure class=\"alignleft size-large\"><img loading=\"lazy\" decoding=\"async\" width=\"200\" height=\"234\" src=\"https:\/\/www.ades-grenoble.org\/wordpress\/wp-content\/uploads\/2015\/01\/fou1.png\" alt=\"fou\" class=\"wp-image-9634\" srcset=\"https:\/\/www.ades-grenoble.org\/wordpress\/wp-content\/uploads\/2015\/01\/fou1.png 200w, https:\/\/www.ades-grenoble.org\/wordpress\/wp-content\/uploads\/2015\/01\/fou1-128x150.png 128w\" sizes=\"auto, (max-width: 200px) 100vw, 200px\" \/><\/figure><\/div>\n\n\n\n<p>Voil\u00e0 que Jupiter Macron d\u00e9cide seul la relance du programme nucl\u00e9aire. Na\u00efvement nous pensons encore qu\u2019il y a un parlement qui vote des lois et des plans strat\u00e9giques pour d\u00e9carboner notre avenir. Pourtant on le sait que les priorit\u00e9s des priorit\u00e9s si on veut sauver notre avenir sur notre plan\u00e8te c\u2019est d\u2019\u00e9conomiser l\u2019\u00e9nergie et d\u00e9velopper \u00e0 toute vitesse les \u00e9nergies renouvelables. Le nucl\u00e9aire est une \u00e9nergie du pass\u00e9, c\u2019est dangereux, cher, on ignore que faire des d\u00e9chets accumul\u00e9s et comment d\u00e9manteler les r\u00e9acteurs. Il faut s\u2019en d\u00e9gager progressivement comme le dit la loi. Engager 1 milliard d\u2019argent public maintenant dans un d\u00e9veloppement de petits r\u00e9acteurs nucl\u00e9aires modulaires est un gaspillage d\u2019argent public dont on aurait bien besoin pour acc\u00e9l\u00e9rer les transitions, car ces r\u00e9acteurs ne serviraient qu\u2019\u00e0 l\u2019exportation et pas avant 2040-2050. On est vraiment en pleine politique politicienne de pr\u00e9paration de l\u2019\u00e9lection pr\u00e9sidentielle, ce n\u2019est pas s\u00e9rieux.<\/p>\n\n\n\n<hr class=\"wp-block-separator\"\/>\n\n\n\n<p>M. Carignon lorsqu\u2019il a \u00e9t\u00e9 rattrap\u00e9 par la justice dans la privatisation par corruption du service de l\u2019eau et de l\u2018assainissement a attaqu\u00e9 le juge et la justice, ce qui lui a valu de rester un peu plus longtemps en prison que pr\u00e9vu. Mais cela ne lui a pas servi de le\u00e7on puisqu\u2019il continue de vouloir instrumentaliser la justice en exigeant que le conseil municipal de Grenoble s\u2019immisce dans les affaires soumises \u00e0 la justice. Il a en effet lu, au dernier Conseil municipal, une question orale qui demande que le maire communique le dossier de l\u2019instruction judiciaire concernant la F\u00eate des Tuiles dont l\u2019audience est fix\u00e9e en mars 2022. Or la jurisprudence dit clairement que les documents, quels que soient leur nature, qui sont d\u00e9tenus par les juridictions et qui se rattachent \u00e0 la fonction de juger dont elles sont investies ne sont pas communicables. Il devrait \u00e9couter plus attentivement son copain Sarkozy qui s\u2019est essay\u00e9 maladroitement \u00e0 discourir sur la s\u00e9paration des pouvoirs lors de son t\u00e9moignage, un peu court, sur l\u2019affaire des sondages de l\u2019Elys\u00e9e. De plus, le maire Eric Piolle, ayant d\u00e9cid\u00e9 de se d\u00e9porter de ce dossier dans lequel il est mis en cause, a refus\u00e9 \u00e0 juste titre de r\u00e9pondre \u00e0 la question du corrompu.<\/p>\n","protected":false},"excerpt":{"rendered":"<p>Voil\u00e0 que Jupiter Macron d\u00e9cide seul la relance du programme nucl\u00e9aire. Na\u00efvement nous pensons encore qu\u2019il y a un parlement qui vote des lois et des plans strat\u00e9giques pour d\u00e9carboner notre avenir. Pourtant on le sait que les priorit\u00e9s des priorit\u00e9s si on veut sauver notre avenir sur notre plan\u00e8te c\u2019est d\u2019\u00e9conomiser l\u2019\u00e9nergie et d\u00e9velopper [&hellip;]<\/p>\n","protected":false},"author":1,"featured_media":0,"comment_status":"closed","ping_status":"open","sticky":false,"template":"","format":"standard","meta":{"twitterCardType":"","cardImageID":0,"cardImage":"","cardTitle":"","cardDesc":"","cardImageAlt":"","cardPlayer":"","cardPlayerWidth":0,"cardPlayerHeight":0,"cardPlayerStream":"","cardPlayerCodec":"","footnotes":""},"categories":[62,11],"tags":[30,54],"class_list":["post-19527","post","type-post","status-publish","format-standard","hentry","category-le-rouge-le-vert-hebdo","category-politique-locale","tag-corrompu","tag-politique-droite-gauche"],"_links":{"self":[{"href":"https:\/\/www.ades-grenoble.org\/wordpress\/wp-json\/wp\/v2\/posts\/19527","targetHints":{"allow":["GET"]}}],"collection":[{"href":"https:\/\/www.ades-grenoble.org\/wordpress\/wp-json\/wp\/v2\/posts"}],"about":[{"href":"https:\/\/www.ades-grenoble.org\/wordpress\/wp-json\/wp\/v2\/types\/post"}],"author":[{"embeddable":true,"href":"https:\/\/www.ades-grenoble.org\/wordpress\/wp-json\/wp\/v2\/users\/1"}],"replies":[{"embeddable":true,"href":"https:\/\/www.ades-grenoble.org\/wordpress\/wp-json\/wp\/v2\/comments?post=19527"}],"version-history":[{"count":2,"href":"https:\/\/www.ades-grenoble.org\/wordpress\/wp-json\/wp\/v2\/posts\/19527\/revisions"}],"predecessor-version":[{"id":19535,"href":"https:\/\/www.ades-grenoble.org\/wordpress\/wp-json\/wp\/v2\/posts\/19527\/revisions\/19535"}],"wp:attachment":[{"href":"https:\/\/www.ades-grenoble.org\/wordpress\/wp-json\/wp\/v2\/media?parent=19527"}],"wp:term":[{"taxonomy":"category","embeddable":true,"href":"https:\/\/www.ades-grenoble.org\/wordpress\/wp-json\/wp\/v2\/categories?post=19527"},{"taxonomy":"post_tag","embeddable":true,"href":"https:\/\/www.ades-grenoble.org\/wordpress\/wp-json\/wp\/v2\/tags?post=19527"}],"curies":[{"name":"wp","href":"https:\/\/api.w.org\/{rel}","templated":true}]}}