{"id":19545,"date":"2021-11-19T15:06:06","date_gmt":"2021-11-19T14:06:06","guid":{"rendered":"https:\/\/www.ades-grenoble.org\/wordpress\/?p=19545"},"modified":"2021-11-19T15:51:19","modified_gmt":"2021-11-19T14:51:19","slug":"reduction-des-dechets-dans-lagglomeration","status":"publish","type":"post","link":"https:\/\/www.ades-grenoble.org\/wordpress\/2021\/11\/19\/reduction-des-dechets-dans-lagglomeration\/","title":{"rendered":"R\u00e9duction des d\u00e9chets dans l\u2019agglom\u00e9ration"},"content":{"rendered":"\n<div class=\"wp-block-image is-style-default\"><figure class=\"alignleft size-large\"><img loading=\"lazy\" decoding=\"async\" width=\"300\" height=\"278\" src=\"https:\/\/www.ades-grenoble.org\/wordpress\/wp-content\/uploads\/2014\/05\/logoMetro-e1402725527726.png\" alt=\"\" class=\"wp-image-8502\"\/><\/figure><\/div>\n\n\n\n<p>La M\u00e9tro qui a la comp\u00e9tence gestion des d\u00e9chets m\u00e9nagers et assimil\u00e9s, se mobilise depuis plusieurs ann\u00e9es pour r\u00e9duire les d\u00e9chets r\u00e9cup\u00e9r\u00e9s par le service public lors du ramassage des poubelles et les d\u00e9chetteries.<\/p>\n\n\n\n<p>Elle lance <a href=\"https:\/\/www.grenoblealpesmetropole.fr\/38-appels-a-projets.htm\" target=\"_blank\" rel=\"noreferrer noopener\">un nouvel appel \u00e0 projet, jusqu\u2019au 7 janvier 2022<\/a>, pour faire \u00e9merger de nouveaux services et solutions innovantes en mati\u00e8re de r\u00e9duction des d\u00e9chets et d&rsquo;\u00e9conomie circulaire.<\/p>\n\n\n\n<p>D&rsquo;ici 2030, elle pr\u00e9voit notamment de diminuer de 20 % la quantit\u00e9 de d\u00e9chets produits en optimisant la gestion des ressources, et en limitant la consommation et le gaspillage. Elle voudrait passer du tout jetable au tout r\u00e9utilisable.<\/p>\n\n\n\n<p>Ceci implique la mise en place de nouveaux modes de conception, de production et de consommation plus sobres et efficaces.<\/p>\n\n\n\n<!--more-->\n\n\n\n<p>Cet appel invite les producteurs et les consommateurs \u00e0 consid\u00e9rer les d\u00e9chets comme des ressources et non plus comme \u00ab&nbsp;du tout jetable&nbsp;\u00bb. C\u2019est dans ce cadre que la M\u00e9tropole a souhait\u00e9 faire appel \u00e0 l\u2019intelligence du territoire, via un appel \u00e0 projets lanc\u00e9 aupr\u00e8s des associations et \u00e9tablissements publics.<\/p>\n\n\n\n<p><em>Il y a trois types de projets possibles&nbsp;:<\/em><\/p>\n\n\n\n<ul class=\"wp-block-list\"><li><em>Cr\u00e9ation d\u2019activit\u00e9s ou de services innovants ;<\/em><\/li><li><em>Accompagnement, formation ou sensibilisation au changement de pratiques ;<\/em><\/li><li><em>Projets \u00e9v\u00e8nementiels.<\/em><\/li><\/ul>\n\n\n\n<p><em>Sur des sujets diff\u00e9rents&#8230;<\/em><\/p>\n\n\n\n<ul class=\"wp-block-list\"><li><em>La lutte contre le gaspillage alimentaire ;<\/em><\/li><li><em>La seconde vie des produits ;<\/em><\/li><li><em>Le d\u00e9veloppement d\u2019alternatives aux emballages et bouteilles jetables\u2026<\/em><\/li><\/ul>\n\n\n\n<p><em>Et de formes diverses :<\/em><\/p>\n\n\n\n<ul class=\"wp-block-list\"><li><em>Mutualisation d\u2019\u00e9quipements entre habitants ;<\/em><\/li><li><em>Solution de distribution d\u2019invendus alimentaires ;<\/em><\/li><li><em>Sensibilisation \u00e0 l\u2019impact environnemental des v\u00eatements ;<\/em><\/li><li><em>Solution de lavage de contenants ;<\/em><\/li><li><em>Laverie de couches r\u00e9utilisables&#8230;&nbsp;\u00bb<\/em><\/li><\/ul>\n\n\n\n<p>R\u00e8glement de l&rsquo;appel \u00e0 projets<em>&nbsp;:<\/em><\/p>\n\n\n\n<ul class=\"wp-block-list\"><li><em>Le montant de l\u2019aide attribu\u00e9e sera plafonn\u00e9 \u00e0 50 % des d\u00e9penses \u00e9ligibles du projet, d\u2019une assiette de 40 000 \u20ac maximum. L\u2019aide attribu\u00e9e ne pourra donc exc\u00e9der 20 000 \u20ac.<\/em><\/li><li><em>Les projets doivent se d\u00e9rouler sur le territoire m\u00e9tropolitain et avoir un impact direct, mesurable et \u00e0 effet de levier sur le territoire.<\/em><\/li><li><em>Le projet est r\u00e9serv\u00e9 aux associations et \u00e9tablissements publics.\u00a0\u00bb<\/em><\/li><\/ul>\n","protected":false},"excerpt":{"rendered":"<p>La M\u00e9tro qui a la comp\u00e9tence gestion des d\u00e9chets m\u00e9nagers et assimil\u00e9s, se mobilise depuis plusieurs ann\u00e9es pour r\u00e9duire les d\u00e9chets r\u00e9cup\u00e9r\u00e9s par le service public lors du ramassage des poubelles et les d\u00e9chetteries. Elle lance un nouvel appel \u00e0 projet, jusqu\u2019au 7 janvier 2022, pour faire \u00e9merger de nouveaux services et solutions innovantes en [&hellip;]<\/p>\n","protected":false},"author":1,"featured_media":0,"comment_status":"closed","ping_status":"open","sticky":false,"template":"","format":"standard","meta":{"twitterCardType":"","cardImageID":0,"cardImage":"","cardTitle":"","cardDesc":"","cardImageAlt":"","cardPlayer":"","cardPlayerWidth":0,"cardPlayerHeight":0,"cardPlayerStream":"","cardPlayerCodec":"","footnotes":""},"categories":[62,11],"tags":[158,32],"class_list":["post-19545","post","type-post","status-publish","format-standard","hentry","category-le-rouge-le-vert-hebdo","category-politique-locale","tag-dechets","tag-metro"],"_links":{"self":[{"href":"https:\/\/www.ades-grenoble.org\/wordpress\/wp-json\/wp\/v2\/posts\/19545","targetHints":{"allow":["GET"]}}],"collection":[{"href":"https:\/\/www.ades-grenoble.org\/wordpress\/wp-json\/wp\/v2\/posts"}],"about":[{"href":"https:\/\/www.ades-grenoble.org\/wordpress\/wp-json\/wp\/v2\/types\/post"}],"author":[{"embeddable":true,"href":"https:\/\/www.ades-grenoble.org\/wordpress\/wp-json\/wp\/v2\/users\/1"}],"replies":[{"embeddable":true,"href":"https:\/\/www.ades-grenoble.org\/wordpress\/wp-json\/wp\/v2\/comments?post=19545"}],"version-history":[{"count":2,"href":"https:\/\/www.ades-grenoble.org\/wordpress\/wp-json\/wp\/v2\/posts\/19545\/revisions"}],"predecessor-version":[{"id":19547,"href":"https:\/\/www.ades-grenoble.org\/wordpress\/wp-json\/wp\/v2\/posts\/19545\/revisions\/19547"}],"wp:attachment":[{"href":"https:\/\/www.ades-grenoble.org\/wordpress\/wp-json\/wp\/v2\/media?parent=19545"}],"wp:term":[{"taxonomy":"category","embeddable":true,"href":"https:\/\/www.ades-grenoble.org\/wordpress\/wp-json\/wp\/v2\/categories?post=19545"},{"taxonomy":"post_tag","embeddable":true,"href":"https:\/\/www.ades-grenoble.org\/wordpress\/wp-json\/wp\/v2\/tags?post=19545"}],"curies":[{"name":"wp","href":"https:\/\/api.w.org\/{rel}","templated":true}]}}