{"id":19552,"date":"2021-11-19T15:22:28","date_gmt":"2021-11-19T14:22:28","guid":{"rendered":"https:\/\/www.ades-grenoble.org\/wordpress\/?p=19552"},"modified":"2021-11-19T15:51:34","modified_gmt":"2021-11-19T14:51:34","slug":"presence-des-immigres-et-des-etrangers-dans-les-quartiers-iris-de-grenoble","status":"publish","type":"post","link":"https:\/\/www.ades-grenoble.org\/wordpress\/2021\/11\/19\/presence-des-immigres-et-des-etrangers-dans-les-quartiers-iris-de-grenoble\/","title":{"rendered":"Pr\u00e9sence des immigr\u00e9s et des \u00e9trangers dans les quartiers IRIS de Grenoble"},"content":{"rendered":"\n<div class=\"wp-block-image is-style-default\"><figure class=\"alignleft size-large\"><img loading=\"lazy\" decoding=\"async\" width=\"200\" height=\"231\" src=\"https:\/\/www.ades-grenoble.org\/wordpress\/wp-content\/uploads\/2019\/03\/Insee-1.jpg\" alt=\"\" class=\"wp-image-15587\" srcset=\"https:\/\/www.ades-grenoble.org\/wordpress\/wp-content\/uploads\/2019\/03\/Insee-1.jpg 200w, https:\/\/www.ades-grenoble.org\/wordpress\/wp-content\/uploads\/2019\/03\/Insee-1-130x150.jpg 130w\" sizes=\"auto, (max-width: 200px) 100vw, 200px\" \/><\/figure><\/div>\n\n\n\n<p>Il ne faut pas confondre une personne immigr\u00e9e et une personne \u00e9trang\u00e8re. Souvent une personne \u00e9trang\u00e8re est immigr\u00e9e, cependant il y a des exceptions, en particulier pour des enfants mineurs n\u00e9s de parents \u00e9trangers en France.<\/p>\n\n\n\n<p>A Grenoble, en 2018 il y a 13% d\u2019\u00e9trangers et 17,8% d\u2019immigr\u00e9s. C\u2019est en augmentation par rapport il y a 10 ans o\u00f9 il y avait respectivement 10% et 15,5%.<\/p>\n\n\n\n<p>Dans la m\u00e9tropole il y a 10 % d\u2019\u00e9trangers et 14,6 % d\u2019immigr\u00e9s<\/p>\n\n\n\n<p>En France il y a 7,6% d\u2019\u00e9trangers et 10,2% d\u2019immigr\u00e9s.<\/p>\n\n\n\n<p>A Grenoble en 2018, les Fran\u00e7ais repr\u00e9sentent 87 % des habitants, parmi eux, 91% sont fran\u00e7ais de naissance et<\/p>\n\n\n\n<p>9 % le sont par acquisition.<\/p>\n\n\n\n<p>Il y a 20 530 \u00e9trangers \u00e0 Grenoble dont un tiers sont europ\u00e9ens et 25% sont issus de l\u2019Union Europ\u00e9enne, les plus nombreux sont les Italiens, les Portugais et les Espagnols.<\/p>\n\n\n\n<p>46 % sont originaires d\u2019Afrique. Les plus nombreux sont les Alg\u00e9riens, les Marocains et les Tunisiens.<\/p>\n\n\n\n<p>21 % sont originaires d\u2019autres continents. Les plus nombreux sont les Turcs.<\/p>\n\n\n\n<!--more-->\n\n\n\n<p>L\u2019INSEE pr\u00e9cise les d\u00e9finitions&nbsp;d\u2019immigr\u00e9 et d\u2019\u00e9tranger&nbsp;:<\/p>\n\n\n\n<p><em>\u00ab&nbsp;Selon la d\u00e9finition adopt\u00e9e par le Haut Conseil \u00e0 l\u2019Int\u00e9gration, un immigr\u00e9 est une personne n\u00e9e \u00e9trang\u00e8re \u00e0 l\u2019\u00e9tranger et r\u00e9sidant en France. Les personnes n\u00e9es fran\u00e7aises \u00e0 l\u2019\u00e9tranger et vivant en France ne sont donc pas comptabilis\u00e9es. \u00c0 l\u2019inverse, certains immigr\u00e9s ont pu devenir fran\u00e7ais, les autres restant \u00e9trangers. Les populations \u00e9trang\u00e8re et immigr\u00e9e ne se confondent pas totalement : un immigr\u00e9 n\u2019est pas n\u00e9cessairement \u00e9tranger et r\u00e9ciproquement, certains \u00e9trangers sont n\u00e9s en France (essentiellement des mineurs). La qualit\u00e9 d\u2019immigr\u00e9 est permanente : un individu continue \u00e0 appartenir \u00e0 la population immigr\u00e9e m\u00eame s\u2019il devient fran\u00e7ais par acquisition. C\u2019est le pays de naissance, et non la nationalit\u00e9 \u00e0 la naissance, qui d\u00e9finit l&rsquo;origine g\u00e9ographique d\u2019un immigr\u00e9.<\/em><\/p>\n\n\n\n<p><em>Un \u00e9tranger est une personne qui r\u00e9side en France et ne poss\u00e8de pas la nationalit\u00e9 fran\u00e7aise, soit qu&rsquo;elle poss\u00e8de une autre nationalit\u00e9, soit qu&rsquo;elle n&rsquo;en ait aucune (apatride). Les personnes de nationalit\u00e9 fran\u00e7aise poss\u00e9dant une autre nationalit\u00e9 (ou plusieurs) sont consid\u00e9r\u00e9es en France comme fran\u00e7aises. Un \u00e9tranger n&rsquo;est pas forc\u00e9ment immigr\u00e9, il peut \u00eatre n\u00e9 en France (les mineurs notamment). A la diff\u00e9rence de celle d&rsquo;immigr\u00e9, la qualit\u00e9 d&rsquo;\u00e9tranger ne perdure pas toujours tout au long de la vie : on peut, sous r\u00e9serve que la l\u00e9gislation en vigueur le permette, devenir fran\u00e7ais par acquisition.&nbsp;\u00bb<\/em><\/p>\n\n\n\n<p>La r\u00e9partition des \u00e9trangers et des immigr\u00e9s par quartiers IRIS&nbsp;de Grenoble&nbsp;:<\/p>\n\n\n\n<p>Les quartiers o\u00f9 il y a moins de 7 % d\u2019\u00e9trangers sont Trois Cours, Ile Verte-Mar\u00e9chal Randon, Pr\u00e9fecture, Hebert-Mutualit\u00e9, Eaux Claires-Painlev\u00e9.<\/p>\n\n\n\n<p>Ceux o\u00f9 il y a plus de 20 % d\u2019\u00e9trangers sont, l\u2019Esplanade, Notre Dame, Mistral, Jouhaux, Poterne, Teisseire, Les Trembles, Arlequin, Helbronner-G\u00e9ants, Village Olympique Nord et Sud<\/p>\n\n\n\n<figure class=\"wp-block-table is-style-stripes\"><table><tbody><tr><td><strong>N\u00b0 Iris<\/strong><\/td><td><strong>Quartier<\/strong><\/td><td><strong>Population \u00e9trangers 2018<\/strong><\/td><td><strong>Population Immigr\u00e9s<\/strong> <strong>2018<\/strong><\/td><td><strong>Population<\/strong> <strong>\u00e9trangers &nbsp;<\/strong> <strong>2008<\/strong><\/td><td><strong>Population Immigr\u00e9s<\/strong> <strong>2008<\/strong><\/td><\/tr><tr><td>102<\/td><td>Jean Mac\u00e9<\/td><td>15,7%<\/td><td>20,8%<\/td><td>7,7%<\/td><td>11,7%<\/td><\/tr><tr><td>103<\/td><td>Europole<\/td><td>16,0%<\/td><td>22,8%<\/td><td>13,2%<\/td><td>15,7%<\/td><\/tr><tr><td>104<\/td><td>Diderot<\/td><td>8,3%<\/td><td>13,6%<\/td><td>8,3%<\/td><td>13,4%<\/td><\/tr><tr><td>105<\/td><td>Gare<\/td><td>11,4%<\/td><td>13,0%<\/td><td>14,7%<\/td><td>17,1%<\/td><\/tr><tr><td>106<\/td><td>Cours Berriat<\/td><td>12,7%<\/td><td>16,8%<\/td><td>10,3%<\/td><td>14,1%<\/td><\/tr><tr><td>107<\/td><td>Gabriel P\u00e9ri<\/td><td>8,1%<\/td><td>12,8%<\/td><td>8,6%<\/td><td>13,8%<\/td><\/tr><tr><td>108<\/td><td>Berriat-Amp\u00e8re<\/td><td>10,4%<\/td><td>12,6%<\/td><td>6,0%<\/td><td>9,7%<\/td><\/tr><tr><td>109<\/td><td>Saint-Bruno<\/td><td>12,5%<\/td><td>16,6%<\/td><td>6,7%<\/td><td>11,0%<\/td><\/tr><tr><td>110<\/td><td>Waldeck-Rousseau<\/td><td>9,4%<\/td><td>12,8%<\/td><td>9,1%<\/td><td>14,3%<\/td><\/tr><tr><td>111<\/td><td>Lustucru<\/td><td>10,1%<\/td><td>12,4%<\/td><td>7,7%<\/td><td>12,1%<\/td><\/tr><tr><td>201<\/td><td>Esplanade<\/td><td><strong>22,7%<\/strong><\/td><td>26,5%<\/td><td>22,1%<\/td><td>24,9%<\/td><\/tr><tr><td>202<\/td><td>Saint-Laurent-Lavalette<\/td><td>16,3%<\/td><td>21,8%<\/td><td>12,9%<\/td><td>20,1%<\/td><\/tr><tr><td>203<\/td><td>Jean Jaur\u00e8s<\/td><td>12,0%<\/td><td>14,4%<\/td><td>10,5%<\/td><td>11,9%<\/td><\/tr><tr><td>204<\/td><td>Cr\u00e9qui-Victor Hugo<\/td><td>8,7%<\/td><td>10,7%<\/td><td>7,4%<\/td><td>9,6%<\/td><\/tr><tr><td>205<\/td><td>Grenette<\/td><td>11,0%<\/td><td>13,6%<\/td><td>9,4%<\/td><td>11,4%<\/td><\/tr><tr><td>206<\/td><td>Saint-Andr\u00e9<\/td><td>11,1%<\/td><td>13,4%<\/td><td>7,7%<\/td><td>10,1%<\/td><\/tr><tr><td>207<\/td><td>Notre-Dame<\/td><td><strong>24,8%<\/strong><\/td><td>29,4%<\/td><td>18,2%<\/td><td>22,8%<\/td><\/tr><tr><td>208<\/td><td>Trois Cours<\/td><td><strong>6,0%<\/strong><\/td><td>7,9%<\/td><td>5,2%<\/td><td>6,1%<\/td><\/tr><tr><td>209<\/td><td>\u00cele Verte-Saint-Roch<\/td><td>7,6%<\/td><td>12,7%<\/td><td>4,8%<\/td><td>7,8%<\/td><\/tr><tr><td>210<\/td><td>\u00cele Verte-Mar\u00e9chal Randon<\/td><td><strong>6,6<\/strong>%<\/td><td>7,9%<\/td><td>4,9%<\/td><td>6,9%<\/td><\/tr><tr><td>211<\/td><td>G\u00e9nissieu<\/td><td>13,4%<\/td><td>13,7%<\/td><td>8,5%<\/td><td>10,3%<\/td><\/tr><tr><td>212<\/td><td>Pr\u00e9fecture<\/td><td><strong>5,6%<\/strong><\/td><td>9,1%<\/td><td>4,7%<\/td><td>6,9%<\/td><\/tr><tr><td>213<\/td><td>H\u00e9bert-Mutualit\u00e9<\/td><td><strong>6,9%<\/strong><\/td><td>12,1%<\/td><td>6,4%<\/td><td>11,1%<\/td><\/tr><tr><td>214<\/td><td>Aigle<\/td><td>7,4%<\/td><td>10,7%<\/td><td>5,0%<\/td><td>8,4%<\/td><\/tr><tr><td>215<\/td><td>Championnet<\/td><td>7,5%<\/td><td>11,8%<\/td><td>7,5%<\/td><td>10,2%<\/td><\/tr><tr><td>216<\/td><td>Hoche<\/td><td>17,5%<\/td><td>20,1%<\/td><td>6,7%<\/td><td>13,8%<\/td><\/tr><tr><td>301<\/td><td>Drac-Amp\u00e8re<\/td><td>10,5%<\/td><td>15,5%<\/td><td>3,9%<\/td><td>8,6%<\/td><\/tr><tr><td>302<\/td><td>Clinique Mutualiste<\/td><td>11,3%<\/td><td>18,8%<\/td><td>11,2%<\/td><td>15,6%<\/td><\/tr><tr><td>303<\/td><td>Vallier<\/td><td>10,4%<\/td><td>15,8%<\/td><td>8,4%<\/td><td>12,4%<\/td><\/tr><tr><td>304<\/td><td>Jaur\u00e8s-Vallier<\/td><td>10,7%<\/td><td>14,7%<\/td><td>6,7%<\/td><td>12,2%<\/td><\/tr><tr><td>305<\/td><td>Eaux Claires-Champs \u00c9lys\u00e9es<\/td><td>7,5%<\/td><td>10,0%<\/td><td>9,8%<\/td><td>13,1%<\/td><\/tr><tr><td>306<\/td><td>Sidi-Brahim<\/td><td>8,6%<\/td><td>11,1%<\/td><td>7,2%<\/td><td>10,8%<\/td><\/tr><tr><td>307<\/td><td>Eaux Claires-Painlev\u00e9<\/td><td><strong>6,1%<\/strong><\/td><td>11,7%<\/td><td>5,3%<\/td><td>11,1%<\/td><\/tr><tr><td>308<\/td><td>Houille Blanche<\/td><td>15,4%<\/td><td>18,4%<\/td><td>7,6%<\/td><td>13,8%<\/td><\/tr><tr><td>309<\/td><td>Mistral<\/td><td><strong>22,6%<\/strong><\/td><td>38,4%<\/td><td>25,8%<\/td><td>38,9%<\/td><\/tr><tr><td>310<\/td><td>Rondeau-Lib\u00e9ration<\/td><td>10,9%<\/td><td>17,8%<\/td><td>5,4%<\/td><td>11,2%<\/td><\/tr><tr><td>311<\/td><td>Abry<\/td><td>13,5%<\/td><td>17,8%<\/td><td>8,1%<\/td><td>13,3%<\/td><\/tr><tr><td>401<\/td><td>Foch Ouest<\/td><td>10,2%<\/td><td>13,0%<\/td><td>8,6%<\/td><td>14,0%<\/td><\/tr><tr><td>402<\/td><td>Foch Est<\/td><td>7,7%<\/td><td>11,8%<\/td><td>6,8%<\/td><td>12,5%<\/td><\/tr><tr><td>403<\/td><td>Gustave Rivet<\/td><td>10,8%<\/td><td>13,1%<\/td><td>9,1%<\/td><td>13,5%<\/td><\/tr><tr><td>404<\/td><td>Diables Bleus<\/td><td>10,2%<\/td><td>13,9%<\/td><td>5,7%<\/td><td>9,4%<\/td><\/tr><tr><td>405<\/td><td>Clemenceau<\/td><td>7,9%<\/td><td>10,8%<\/td><td>4,1%<\/td><td>8,3%<\/td><\/tr><tr><td>406<\/td><td>Reyni\u00e8s<\/td><td>8,4%<\/td><td>12,5%<\/td><td>3,1%<\/td><td>6,2%<\/td><\/tr><tr><td>407<\/td><td>Ferri\u00e9-Stalingrad<\/td><td>9,4%<\/td><td>14,7%<\/td><td>6,1%<\/td><td>12,5%<\/td><\/tr><tr><td>408<\/td><td>Peretto<\/td><td>7,7%<\/td><td>11,7%<\/td><td>7,3%<\/td><td>10,2%<\/td><\/tr><tr><td>409<\/td><td>Bajati\u00e8re Ouest<\/td><td>8,6%<\/td><td>12,8%<\/td><td>6,2%<\/td><td>11,0%<\/td><\/tr><tr><td>410<\/td><td>Bajati\u00e8re Est<\/td><td>7,9%<\/td><td>10,1%<\/td><td>7,2%<\/td><td>12,4%<\/td><\/tr><tr><td>411<\/td><td>Capuche<\/td><td>11,3%<\/td><td>15,3%<\/td><td>7,6%<\/td><td>11,3%<\/td><\/tr><tr><td>412<\/td><td>Alli\u00e9s-Clos d&rsquo;Or<\/td><td>18,8%<\/td><td>22,9%<\/td><td>8,6%<\/td><td>15,2%<\/td><\/tr><tr><td>413<\/td><td>Alpins<\/td><td>11,1%<\/td><td>17,8%<\/td><td>6,9%<\/td><td>13,3%<\/td><\/tr><tr><td>414<\/td><td>Beauvert<\/td><td>12,1%<\/td><td>16,2%<\/td><td>18,2%<\/td><td>25,5%<\/td><\/tr><tr><td>501<\/td><td>Valmy<\/td><td>13,9%<\/td><td>17,5%<\/td><td>10,1%<\/td><td>16,1%<\/td><\/tr><tr><td>502<\/td><td>Jeanne d&rsquo;Arc<\/td><td>8,3%<\/td><td>12,6%<\/td><td>6,9%<\/td><td>10,7%<\/td><\/tr><tr><td>503<\/td><td>Abbaye<\/td><td>9,8%<\/td><td>15,8%<\/td><td>7,9%<\/td><td>14,2%<\/td><\/tr><tr><td>504<\/td><td>Jouhaux<\/td><td><strong>21,5%<\/strong><\/td><td>29,2%<\/td><td>17,3%<\/td><td>27,2%<\/td><\/tr><tr><td>505<\/td><td>Poterne<\/td><td><strong>32,5%<\/strong><\/td><td>33,4%<\/td><td>21,2%<\/td><td>25,8%<\/td><\/tr><tr><td>506<\/td><td>Paul Cocat<\/td><td>15,8%<\/td><td>29,5%<\/td><td>22,7%<\/td><td>34,0%<\/td><\/tr><tr><td>507<\/td><td>Teisseire<\/td><td><strong>28,2%<\/strong><\/td><td>35,7%<\/td><td>19,4%<\/td><td>28,3%<\/td><\/tr><tr><td>601<\/td><td>Malherbe<\/td><td>11,9%<\/td><td>20,6%<\/td><td>6,9%<\/td><td>13,2%<\/td><\/tr><tr><td>602<\/td><td>La Bruy\u00e8re<\/td><td>10,2%<\/td><td>13,9%<\/td><td>5,3%<\/td><td>12,6%<\/td><\/tr><tr><td>603<\/td><td>Les Trembles<\/td><td><strong>27,5%<\/strong><\/td><td>37,9%<\/td><td>17,9%<\/td><td>31,9%<\/td><\/tr><tr><td>604<\/td><td>Arlequin<\/td><td><strong>35,3%<\/strong><\/td><td>37,1%<\/td><td>24,0%<\/td><td>36,9%<\/td><\/tr><tr><td>605<\/td><td>Helbronner-G\u00e9ants<\/td><td><strong>22,1%<\/strong><\/td><td>28,6%<\/td><td>14,0%<\/td><td>27,2%<\/td><\/tr><tr><td>606<\/td><td>Constantine<\/td><td>9,7%<\/td><td>20,5%<\/td><td>9,4%<\/td><td>19,1%<\/td><\/tr><tr><td>607<\/td><td>Baladins<\/td><td>18,6%<\/td><td>28,3%<\/td><td>14,2%<\/td><td>22,0%<\/td><\/tr><tr><td>608<\/td><td>Vigny-Musset<\/td><td>14,2%<\/td><td>21,4%<\/td><td>9,5%<\/td><td>19,3%<\/td><\/tr><tr><td>609<\/td><td>Village Olympique Nord<\/td><td><strong>37,6%<\/strong><\/td><td>42,6%<\/td><td>18,0%<\/td><td>26,7%<\/td><\/tr><tr><td>610<\/td><td>Village Olympique Sud<\/td><td><strong>39,6%<\/strong><\/td><td>48,8%<\/td><td>33,5%<\/td><td>44,9%<\/td><\/tr><tr><td>&nbsp;<\/td><td><strong>GRENOBLE<\/strong><\/td><td><strong>13,0%<\/strong><\/td><td><strong>17,8%<\/strong><\/td><td><strong>10,0%<\/strong><\/td><td><strong>15,5%<\/strong><\/td><\/tr><\/tbody><\/table><\/figure>\n","protected":false},"excerpt":{"rendered":"<p>Il ne faut pas confondre une personne immigr\u00e9e et une personne \u00e9trang\u00e8re. Souvent une personne \u00e9trang\u00e8re est immigr\u00e9e, cependant il y a des exceptions, en particulier pour des enfants mineurs n\u00e9s de parents \u00e9trangers en France. A Grenoble, en 2018 il y a 13% d\u2019\u00e9trangers et 17,8% d\u2019immigr\u00e9s. C\u2019est en augmentation par rapport il y [&hellip;]<\/p>\n","protected":false},"author":1,"featured_media":0,"comment_status":"closed","ping_status":"open","sticky":false,"template":"","format":"standard","meta":{"twitterCardType":"","cardImageID":0,"cardImage":"","cardTitle":"","cardDesc":"","cardImageAlt":"","cardPlayer":"","cardPlayerWidth":0,"cardPlayerHeight":0,"cardPlayerStream":"","cardPlayerCodec":"","footnotes":""},"categories":[62,11],"tags":[298,215,192,285,261],"class_list":["post-19552","post","type-post","status-publish","format-standard","hentry","category-le-rouge-le-vert-hebdo","category-politique-locale","tag-france","tag-grenoble","tag-immigration","tag-insee","tag-population"],"_links":{"self":[{"href":"https:\/\/www.ades-grenoble.org\/wordpress\/wp-json\/wp\/v2\/posts\/19552","targetHints":{"allow":["GET"]}}],"collection":[{"href":"https:\/\/www.ades-grenoble.org\/wordpress\/wp-json\/wp\/v2\/posts"}],"about":[{"href":"https:\/\/www.ades-grenoble.org\/wordpress\/wp-json\/wp\/v2\/types\/post"}],"author":[{"embeddable":true,"href":"https:\/\/www.ades-grenoble.org\/wordpress\/wp-json\/wp\/v2\/users\/1"}],"replies":[{"embeddable":true,"href":"https:\/\/www.ades-grenoble.org\/wordpress\/wp-json\/wp\/v2\/comments?post=19552"}],"version-history":[{"count":1,"href":"https:\/\/www.ades-grenoble.org\/wordpress\/wp-json\/wp\/v2\/posts\/19552\/revisions"}],"predecessor-version":[{"id":19553,"href":"https:\/\/www.ades-grenoble.org\/wordpress\/wp-json\/wp\/v2\/posts\/19552\/revisions\/19553"}],"wp:attachment":[{"href":"https:\/\/www.ades-grenoble.org\/wordpress\/wp-json\/wp\/v2\/media?parent=19552"}],"wp:term":[{"taxonomy":"category","embeddable":true,"href":"https:\/\/www.ades-grenoble.org\/wordpress\/wp-json\/wp\/v2\/categories?post=19552"},{"taxonomy":"post_tag","embeddable":true,"href":"https:\/\/www.ades-grenoble.org\/wordpress\/wp-json\/wp\/v2\/tags?post=19552"}],"curies":[{"name":"wp","href":"https:\/\/api.w.org\/{rel}","templated":true}]}}