{"id":19616,"date":"2021-12-03T13:59:13","date_gmt":"2021-12-03T12:59:13","guid":{"rendered":"https:\/\/www.ades-grenoble.org\/wordpress\/?p=19616"},"modified":"2021-12-03T14:07:43","modified_gmt":"2021-12-03T13:07:43","slug":"non-a-louverture-de-la-chasse-dans-la-reserve-naturelle-des-hauts-plateaux-du-vercors","status":"publish","type":"post","link":"https:\/\/www.ades-grenoble.org\/wordpress\/2021\/12\/03\/non-a-louverture-de-la-chasse-dans-la-reserve-naturelle-des-hauts-plateaux-du-vercors\/","title":{"rendered":"Non \u00e0 l\u2019ouverture de la chasse dans la r\u00e9serve naturelle des Hauts plateaux du Vercors"},"content":{"rendered":"\n<div class=\"wp-block-image is-style-rounded\"><figure class=\"alignleft size-large\"><img loading=\"lazy\" decoding=\"async\" width=\"380\" height=\"297\" src=\"https:\/\/www.ades-grenoble.org\/wordpress\/wp-content\/uploads\/2021\/10\/chasse-vercors.jpg\" alt=\"\" class=\"wp-image-19424\" srcset=\"https:\/\/www.ades-grenoble.org\/wordpress\/wp-content\/uploads\/2021\/10\/chasse-vercors.jpg 380w, https:\/\/www.ades-grenoble.org\/wordpress\/wp-content\/uploads\/2021\/10\/chasse-vercors-300x234.jpg 300w, https:\/\/www.ades-grenoble.org\/wordpress\/wp-content\/uploads\/2021\/10\/chasse-vercors-150x117.jpg 150w\" sizes=\"auto, (max-width: 380px) 100vw, 380px\" \/><\/figure><\/div>\n\n\n\n<p>Devant la volont\u00e9 du pr\u00e9sident du conseil d\u00e9partemental de l\u2019Is\u00e8re d\u2019ouvrir la chasse sur sa propri\u00e9t\u00e9 de 4000 ha \u00e0 Gresse et Chichilianne, au c\u0153ur de la r\u00e9serve naturelle des Hauts plateaux du Vercors, plusieurs associations, F\u00e9d\u00e9ration des Amis et usagers du Parc Naturel R\u00e9gional du Vercors, France Nature Environnement Is\u00e8re, FRAPNA Drome Nature et Environnement, Vercors Nature et 1000 traces ont lanc\u00e9 une p\u00e9tition demandant au pr\u00e9sident du d\u00e9partement et au pr\u00e9fet de l\u2019Is\u00e8re de ne pas pers\u00e9v\u00e9rer dans cette voie .<\/p>\n\n\n\n<p>Parall\u00e8lement, le Conseil National de Protection de la Nature (CNPN) vient d&rsquo;\u00e9crire \u00e0 Mme B\u00e9reng\u00e8re Abba secr\u00e9taire d&rsquo;\u00e9tat \u00e0 la biodiversit\u00e9 pour lui demander d&rsquo;intervenir.<\/p>\n\n\n\n<p><a href=\"https:\/\/www.mesopinions.com\/petition\/nature-environnement\/ouverture-chasse-reserve-naturelle-hauts-plateaux\/163472\" target=\"_blank\" rel=\"noreferrer noopener\">Voici le texte de la p\u00e9tition<\/a> :<\/p>\n\n\n\n<!--more-->\n\n\n\n<p><em>\u00ab Le Conseil d\u00e9partemental de l\u2019Is\u00e8re a autoris\u00e9 la chasse (mai 2021) sur sa propri\u00e9t\u00e9 de 4000 ha situ\u00e9e au c\u0153ur de la plus grande R\u00e9serve naturelle de France, les Hauts plateaux du Vercors sur les communes de Gresse et Chichilianne.<\/em><\/p>\n\n\n\n<p><em>Depuis 1992, ce formidable espace naturel n\u2019\u00e9tait plus chass\u00e9 et l\u2019exploitation de la for\u00eat abandonn\u00e9e au profit de l\u2019\u00e9volution naturelle de l\u2019\u00e9cosyst\u00e8me et du plaisir des randonneurs et des scientifiques. Ce site est labellis\u00e9 Espace Naturel Sensible et Zone Natura 2000.<\/em><\/p>\n\n\n\n<p><em>Le Conseil d\u00e9partemental de l\u2019Is\u00e8re a mis le Parc naturel r\u00e9gional du Vercors, gestionnaire de la r\u00e9serve naturelle et le comit\u00e9 scientifique de la r\u00e9serve devant le fait accompli sans concertation et sans raisons scientifiques.<\/em><\/p>\n\n\n\n<p><em>L\u2019ouverture de la chasse a \u00e9t\u00e9 confi\u00e9e par le Conseil d\u00e9partemental \u00e0 \u00ab l\u2019Amicale des agents du d\u00e9partement chasseurs de l\u2019Is\u00e8re \u00bb pour organiser une chasse priv\u00e9e pour une minorit\u00e9 de citoyens et d\u2019\u00e9lus. Cette association pourrait demander la modification du r\u00e8glement actuel de la r\u00e9serve naturelle nationale afin de pouvoir circuler en dehors des pistes et parkings autoris\u00e9s et utiliser des chiens, ce que nous refusons sur ces parcelles aujourd\u2019hui pr\u00e9serv\u00e9es.<\/em><\/p>\n\n\n\n<p><em>Nous demandons :<\/em><\/p>\n\n\n\n<ul class=\"wp-block-list\"><li><em>L\u2019arr\u00eat d\u00e9finitif de la chasse sur la propri\u00e9t\u00e9 du Conseil d\u00e9partemental de l\u2019Is\u00e8re dans la R\u00e9serve naturelle des hauts plateaux du Vercors.<\/em><\/li><li><em>Que l\u2019ensemble des citoyens puissent randonner dans cet espace naturel sans croiser un engin motoris\u00e9 ou craindre un coup de fusil.<\/em> <em>\u00bb<\/em><\/li><\/ul>\n","protected":false},"excerpt":{"rendered":"<p>Devant la volont\u00e9 du pr\u00e9sident du conseil d\u00e9partemental de l\u2019Is\u00e8re d\u2019ouvrir la chasse sur sa propri\u00e9t\u00e9 de 4000 ha \u00e0 Gresse et Chichilianne, au c\u0153ur de la r\u00e9serve naturelle des Hauts plateaux du Vercors, plusieurs associations, F\u00e9d\u00e9ration des Amis et usagers du Parc Naturel R\u00e9gional du Vercors, France Nature Environnement Is\u00e8re, FRAPNA Drome Nature et [&hellip;]<\/p>\n","protected":false},"author":1,"featured_media":0,"comment_status":"closed","ping_status":"open","sticky":false,"template":"","format":"standard","meta":{"twitterCardType":"","cardImageID":0,"cardImage":"","cardTitle":"","cardDesc":"","cardImageAlt":"","cardPlayer":"","cardPlayerWidth":0,"cardPlayerHeight":0,"cardPlayerStream":"","cardPlayerCodec":"","footnotes":""},"categories":[62,11],"tags":[216,175,185,144],"class_list":["post-19616","post","type-post","status-publish","format-standard","hentry","category-le-rouge-le-vert-hebdo","category-politique-locale","tag-conseil-departemental-de-lisere","tag-environnement","tag-montagne","tag-nature"],"_links":{"self":[{"href":"https:\/\/www.ades-grenoble.org\/wordpress\/wp-json\/wp\/v2\/posts\/19616","targetHints":{"allow":["GET"]}}],"collection":[{"href":"https:\/\/www.ades-grenoble.org\/wordpress\/wp-json\/wp\/v2\/posts"}],"about":[{"href":"https:\/\/www.ades-grenoble.org\/wordpress\/wp-json\/wp\/v2\/types\/post"}],"author":[{"embeddable":true,"href":"https:\/\/www.ades-grenoble.org\/wordpress\/wp-json\/wp\/v2\/users\/1"}],"replies":[{"embeddable":true,"href":"https:\/\/www.ades-grenoble.org\/wordpress\/wp-json\/wp\/v2\/comments?post=19616"}],"version-history":[{"count":1,"href":"https:\/\/www.ades-grenoble.org\/wordpress\/wp-json\/wp\/v2\/posts\/19616\/revisions"}],"predecessor-version":[{"id":19617,"href":"https:\/\/www.ades-grenoble.org\/wordpress\/wp-json\/wp\/v2\/posts\/19616\/revisions\/19617"}],"wp:attachment":[{"href":"https:\/\/www.ades-grenoble.org\/wordpress\/wp-json\/wp\/v2\/media?parent=19616"}],"wp:term":[{"taxonomy":"category","embeddable":true,"href":"https:\/\/www.ades-grenoble.org\/wordpress\/wp-json\/wp\/v2\/categories?post=19616"},{"taxonomy":"post_tag","embeddable":true,"href":"https:\/\/www.ades-grenoble.org\/wordpress\/wp-json\/wp\/v2\/tags?post=19616"}],"curies":[{"name":"wp","href":"https:\/\/api.w.org\/{rel}","templated":true}]}}