{"id":19629,"date":"2021-12-10T13:40:39","date_gmt":"2021-12-10T12:40:39","guid":{"rendered":"https:\/\/www.ades-grenoble.org\/wordpress\/?p=19629"},"modified":"2021-12-10T15:29:03","modified_gmt":"2021-12-10T14:29:03","slug":"diverses-actualites-57","status":"publish","type":"post","link":"https:\/\/www.ades-grenoble.org\/wordpress\/2021\/12\/10\/diverses-actualites-57\/","title":{"rendered":"Diverses actualit\u00e9s"},"content":{"rendered":"\n<div class=\"wp-block-image is-style-default\"><figure class=\"alignleft size-large\"><img loading=\"lazy\" decoding=\"async\" width=\"400\" height=\"222\" src=\"https:\/\/www.ades-grenoble.org\/wordpress\/wp-content\/uploads\/2020\/11\/crieur.jpg\" alt=\"\" class=\"wp-image-18106\" srcset=\"https:\/\/www.ades-grenoble.org\/wordpress\/wp-content\/uploads\/2020\/11\/crieur.jpg 400w, https:\/\/www.ades-grenoble.org\/wordpress\/wp-content\/uploads\/2020\/11\/crieur-150x83.jpg 150w, https:\/\/www.ades-grenoble.org\/wordpress\/wp-content\/uploads\/2020\/11\/crieur-300x167.jpg 300w\" sizes=\"auto, (max-width: 400px) 100vw, 400px\" \/><\/figure><\/div>\n\n\n\n<p><strong>Elus locaux, les droits \u00e0 la formation<\/strong>. <a rel=\"noreferrer noopener\" href=\"https:\/\/www.cohesion-territoires.gouv.fr\/sites\/default\/files\/2021-11\/MCTRCT-Elus-Locaux-17-11-page.pdf\" target=\"_blank\">Un guide pratique pour comprendre publi\u00e9 par le minist\u00e8re de la Coh\u00e9sion des territoires et des Relations avec les collectivit\u00e9s territoriales<\/a>. Ce guide a pour objectif de\u00a0recenser les informations pour b\u00e9n\u00e9ficier de ces formations.\u00a0Deux types de formations existent\u00a0: celles qui ont pour but d\u2019accompagner les \u00e9lus\u00a0\u00ab\u00a0dans l\u2019exercice de leurs fonctions \u00e9lectives\u00a0\u00bb, et celles qui permettent de faciliter la r\u00e9insertion professionnelle.<\/p>\n\n\n\n<hr class=\"wp-block-separator\"\/>\n\n\n\n<p><strong>Sexisme en politique. <\/strong>Le r\u00e9seau \u00c9lues locales a d\u00e9voil\u00e9 <a rel=\"noreferrer noopener\" href=\"https:\/\/www.elueslocales.fr\/enquete-violences-sexistes-en-politique\" target=\"_blank\">une \u00e9tude qui r\u00e9v\u00e8le que 74 % des femmes politiques locales subissent du sexisme<\/a> voire des violences dans l&rsquo;exercice de leurs fonctions. Environ 1000 femmes ont \u00e9t\u00e9 interrog\u00e9es. Ces femmes ont \u00e9t\u00e9 \u00e9lues \u00e0 81 % \u00e0 l\u2019\u00e9chelle d\u2019une commune, 10 % d\u2019une intercommunalit\u00e9, 3,5 % d\u2019un d\u00e9partement, 3 % d\u2019un niveau national et 2,5% d\u2019une r\u00e9gion. Des collectivit\u00e9s de toute taille ont donc \u00e9t\u00e9 prises en compte.<\/p>\n\n\n\n<hr class=\"wp-block-separator\"\/>\n\n\n\n<p><strong>Regard financier sur les d\u00e9partements<\/strong>. C\u2019est le titre d\u2019<a rel=\"noreferrer noopener\" href=\"https:\/\/www.labanquepostale.com\/newsroom-publications\/etudes\/etudes-finances-locales\/departements-regions\/regard-financier-departements-decembre-2021.html\" target=\"_blank\">une \u00e9tude de la Banque Postale<\/a>, r\u00e9alis\u00e9e en partenariat avec l\u2019Assembl\u00e9e des D\u00e9partements de France (ADF). Elle analyse les finances d\u00e9partementales de 2001 \u00e0 2021, plus particuli\u00e8rement le dernier mandat ainsi que l\u2019influence de l\u2019\u00e9pid\u00e9mie de Covid-19.<\/p>\n\n\n\n<hr class=\"wp-block-separator\"\/>\n\n\n\n<p><strong>La gestion des absences des enseignants. <\/strong>C\u2019est le titre du <a href=\"https:\/\/www.ccomptes.fr\/fr\/publications\/la-gestion-des-absences-des-enseignants\" target=\"_blank\" rel=\"noreferrer noopener\">rapport du 2 d\u00e9cembre 2021 rendu par la Cour des comptes <\/a>qui souligne que ces absences, loin de constituer un ph\u00e9nom\u00e8ne global, recouvrent en r\u00e9alit\u00e9 deux cat\u00e9gories bien distinctes : les absences pour motifs personnels (li\u00e9es notamment \u00e0 la sant\u00e9), et celles relevant de l\u2019organisation scolaire elle-m\u00eame (formation continue, examens, sorties scolaires\u2026). La Cour des comptes formule six recommandations visant \u00e0 mieux appr\u00e9hender le ph\u00e9nom\u00e8ne, \u00e0 am\u00e9liorer la pr\u00e9vention en mati\u00e8re de sant\u00e9, et \u00e0 limiter et compenser les absences de courte dur\u00e9e.<\/p>\n\n\n\n<!--more-->\n\n\n\n<hr class=\"wp-block-separator\"\/>\n\n\n\n<p><strong>Le secteur de l\u2019h\u00e9bergement-restauration a \u00e9t\u00e9 le plus touch\u00e9 par la crise li\u00e9e \u00e0 la Covid-19. <\/strong><a rel=\"noreferrer noopener\" href=\"https:\/\/www.insee.fr\/fr\/statistiques\/5758810?sommaire=5759063&amp;q=secteur+de+l%27h%C3%A9bergement-restauration\" target=\"_blank\">L\u2019INSEE a fait une \u00e9tude sur cette question<\/a>. L\u2019effondrement de l\u2019activit\u00e9 se traduit par un choc majeur sur la tr\u00e9sorerie des entreprises du secteur\u00a0: plus de huit entreprises sur dix subissent ainsi un choc de tr\u00e9sorerie n\u00e9gatif en 2020, contre moins d\u2019une sur deux pour l\u2019ensemble des soci\u00e9t\u00e9s non financi\u00e8res.Gr\u00e2ce aux mesures de soutien public, les tr\u00e8s petites entreprises semblent toutefois relativement moins affect\u00e9es que les autres entreprises du secteur h\u00e9bergement-restauration.<\/p>\n\n\n\n<hr class=\"wp-block-separator\"\/>\n\n\n\n<p><strong>Le recours au droit au logement opposable a recul\u00e9 en 2020. <\/strong>Le Haut comit\u00e9 pour le logement des personnes d\u00e9favoris\u00e9es (HCLPD) publie en retard <a rel=\"noreferrer noopener\" href=\"http:\/\/www.hclpd.gouv.fr\/IMG\/pdf\/tablo_bord_dalo_2021_simple_web_1_.pdf\" target=\"_blank\">le bilan de la mise en \u0153uvre du droit au logement opposable (Dalo)<\/a> pour l&rsquo;ann\u00e9e 2020. Ce retard est d\u00fb \u00e0 la pand\u00e9mie et pour la premi\u00e8re fois depuis 2015, le nombre de recours au droit au logement opposable (Dalo) a connu une baisse de pr\u00e8s de 10% en 2020. Depuis sa mise en \u0153uvre en 2018, plus d&rsquo;un million de personnes ont d\u00e9pos\u00e9 un recours Dalo logement.<\/p>\n\n\n\n<hr class=\"wp-block-separator\"\/>\n\n\n\n<p><strong>La voiture de plus en plus utilis\u00e9e pour les trajets domicile travail. <\/strong>La pand\u00e9mie a eu comme cons\u00e9quence inattendue de relancer l\u2019usage de l\u2019automobile et de freiner celui des transports en commun selon le dernier <a href=\"https:\/\/www.alphabet.com\/fr-fr\/presse\/evolution-de-la-mobilite-des-actifs-francais-resultats-du-barometre-alphabet-ifop-2021\" target=\"_blank\" rel=\"noreferrer noopener\">Barom\u00e8tre Mobilit\u00e9 &amp; entreprises\u00a02021<\/a> r\u00e9alis\u00e9 pour Alphabet France par l\u2019Ifop. 76% des actifs fran\u00e7ais utilisent une voiture dans le cadre de leurs trajets professionnels ou domicile-travail.\u00a0Ce chiffre est le m\u00eame qu\u2019en 2020. Apr\u00e8s une baisse r\u00e9guli\u00e8re de 2017 (81%) \u00e0 2019 (72%), il a recommenc\u00e9 \u00e0 progresser avec la crise sanitaire de 2020 qui a amen\u00e9 de nombreux Fran\u00e7ais \u00e0 utiliser \u00e0 nouveau leur voiture.<\/p>\n\n\n\n<hr class=\"wp-block-separator\"\/>\n\n\n\n<p><strong>Le prix de l&rsquo;eau potable et de l&rsquo;assainissement collectif en France<\/strong>. L&rsquo;Observatoire des services publics d&rsquo;eau et d&rsquo;assainissement a rendu <a href=\"https:\/\/www.services.eaufrance.fr\/docs\/synthese\/rapports\/Rapport_Sispea_2019_VF.pdf\" target=\"_blank\" rel=\"noreferrer noopener\">son rapport 2021<\/a>, fond\u00e9 sur des donn\u00e9es 2019, le prix moyen TTC de l&rsquo;eau et de l&rsquo;assainissement s&rsquo;est \u00e9tabli au niveau national \u00e0 4,19 euros\/m\u00b3 au 1er janvier 2020 (pour une consommation annuelle de r\u00e9f\u00e9rence de 120 m\u00b3 par m\u00e9nage), soit une l\u00e9g\u00e8re hausse par rapport au prix au 1er janvier 2019, \u00e0 4,14 \u20ac\/m3. Le prix moyen des services en r\u00e9gie (4,13 euros\/m\u00b3) est inf\u00e9rieur de 3,5% \u00e0 celui pr\u00e9sent\u00e9 par les services en d\u00e9l\u00e9gation (4,28 euros\/m\u00b3) mais l\u2019\u00e9cart se resserre. Rappel dans la M\u00e9tro le prix est de 3,37 \u20ac\/m<sup>3 <\/sup>soit nettement plus bas que la moyenne. <a href=\"https:\/\/www.services.eaufrance.fr\/docs\/synthese\/rapports\/Rapport_Sispea_2019_VF.pdf\">Rapport_Sispea_2019_VF.pdf (eaufrance.fr)<\/a><\/p>\n\n\n\n<hr class=\"wp-block-separator\"\/>\n\n\n\n<p><strong>Le prix de l\u2019ESS 2021 remis \u00e0 la <em>Scic Toutenv\u00e9lo<\/em><\/strong>. Le mois de l\u2019\u00e9conomie sociale et solidaire (ESS) 2021 s\u2019est conclu avec <a href=\"https:\/\/lemois-ess.org\/les-prix-de-l-ess\" target=\"_blank\" rel=\"noreferrer noopener\">la remise de prix nationaux par ESS France et ses partenaires<\/a>. Le prix \u00ab\u00a0Transition \u00e9cologique\u00a0\u00bb a \u00e9t\u00e9 attribu\u00e9 \u00e0 la soci\u00e9t\u00e9 coop\u00e9rative d\u2019int\u00e9r\u00eat collectif (Scic) Toutenv\u00e9lo, pionnier de la cyclo-logistique et r\u00e9seau de huit soci\u00e9t\u00e9s coop\u00e9ratives implant\u00e9es \u00e0 Rennes, La Rochelle, Caen, Le Havre, Rouen, Dijon, Grenoble et Marseille.<\/p>\n\n\n\n<hr class=\"wp-block-separator\"\/>\n\n\n\n<p><strong>Des guides de l\u2019Anssi sur la gestion de crise Cyber. <\/strong>L\u2019Agence nationale de la s\u00e9curit\u00e9 des syst\u00e8mes d\u2019information (Anssi) \u00e9dite des guides pour s\u2019entra\u00eener, g\u00e9rer et communiquer concernant les risques Cyber. Le premier <a rel=\"noreferrer noopener\" href=\"https:\/\/www.ssi.gouv.fr\/publication\/crise-cyber-une-collection-de-guides-pour-sentrainer-gerer-et-communiquer\/\" target=\"_blank\">\u00ab\u00a0<em>Crise d\u2019origine cyber : les cl\u00e9s d\u2019une gestion op\u00e9rationnelle et strat\u00e9gique<\/em>\u00ab\u00a0<\/a> a pour objectif de partager des recommandations pour aider les organisations \u00e0 se pr\u00e9parer \u00e0 r\u00e9agir efficacement \u00e0 une crise cyber. Le second vise \u00e0 <em>\u00ab\u00a0anticiper et g\u00e9rer sa communication de crise cyber<\/em>\u00ab\u00a0.<\/p>\n\n\n\n<hr class=\"wp-block-separator\"\/>\n\n\n\n<p><strong>L&rsquo;Inspection g\u00e9n\u00e9rale des affaires sociales (Igas) et l&rsquo;Inspection g\u00e9n\u00e9rale des finances (IGF)<\/strong> publient <a rel=\"noreferrer noopener\" href=\"https:\/\/igas.gouv.fr\/IMG\/pdf\/2021-021r-revue_depenses_politique_familiale_d.pdf\" target=\"_blank\">un rapport intitul\u00e9 \u00ab\u00a0Revue des d\u00e9penses socio-fiscales en faveur de la politique familiale\u00a0\u00bb<\/a>. Le rapport d\u00e9nonce une gouvernance \u00e9clat\u00e9e, au niveau local comme national, avec une superposition de dispositifs et fait 12 propositions.<\/p>\n\n\n\n<hr class=\"wp-block-separator\"\/>\n\n\n\n<p><strong>Protection sociale : qui paie le co\u00fbt du vieillissement de la population ? <\/strong><a rel=\"noreferrer noopener\" href=\"https:\/\/www.strategie.gouv.fr\/publications\/protection-sociale-paie-cout-vieillissement-de-population\" target=\"_blank\">Une note d\u2019analyse de France Strat\u00e9gie<\/a>. Les plus de 60 ans re\u00e7oivent collectivement, une part croissante des d\u00e9penses de protection sociale. Mais cette part augmente moins vite que la part des plus de 60 ans dans la population, donc le montant des prestations de protection sociale re\u00e7ues en moyenne par une personne de plus de 60 ans, \u00a0augmente moins vite que le PIB par habitant. La diversification des ressources de la protection sociale s\u2019est traduite par une mise \u00e0 contribution plus forte des plus \u00e2g\u00e9s : poids croissant, dans les ressources de la protection sociale, de la contribution sociale g\u00e9n\u00e9ralis\u00e9e (CSG) et des imp\u00f4ts et taxes affect\u00e9s, qui reposent sur une assiette large, et diminution du poids des cotisations sociales, qui ne reposent que sur le travail.<\/p>\n","protected":false},"excerpt":{"rendered":"<p>Elus locaux, les droits \u00e0 la formation. Un guide pratique pour comprendre publi\u00e9 par le minist\u00e8re de la Coh\u00e9sion des territoires et des Relations avec les collectivit\u00e9s territoriales. Ce guide a pour objectif de\u00a0recenser les informations pour b\u00e9n\u00e9ficier de ces formations.\u00a0Deux types de formations existent\u00a0: celles qui ont pour but d\u2019accompagner les \u00e9lus\u00a0\u00ab\u00a0dans l\u2019exercice de [&hellip;]<\/p>\n","protected":false},"author":1,"featured_media":0,"comment_status":"closed","ping_status":"open","sticky":false,"template":"","format":"standard","meta":{"twitterCardType":"","cardImageID":0,"cardImage":"","cardTitle":"","cardDesc":"","cardImageAlt":"","cardPlayer":"","cardPlayerWidth":0,"cardPlayerHeight":0,"cardPlayerStream":"","cardPlayerCodec":"","footnotes":""},"categories":[62,11],"tags":[193,42,40,169],"class_list":["post-19629","post","type-post","status-publish","format-standard","hentry","category-le-rouge-le-vert-hebdo","category-politique-locale","tag-conseil-departemental","tag-droits-des-femmes","tag-education","tag-elu"],"_links":{"self":[{"href":"https:\/\/www.ades-grenoble.org\/wordpress\/wp-json\/wp\/v2\/posts\/19629","targetHints":{"allow":["GET"]}}],"collection":[{"href":"https:\/\/www.ades-grenoble.org\/wordpress\/wp-json\/wp\/v2\/posts"}],"about":[{"href":"https:\/\/www.ades-grenoble.org\/wordpress\/wp-json\/wp\/v2\/types\/post"}],"author":[{"embeddable":true,"href":"https:\/\/www.ades-grenoble.org\/wordpress\/wp-json\/wp\/v2\/users\/1"}],"replies":[{"embeddable":true,"href":"https:\/\/www.ades-grenoble.org\/wordpress\/wp-json\/wp\/v2\/comments?post=19629"}],"version-history":[{"count":1,"href":"https:\/\/www.ades-grenoble.org\/wordpress\/wp-json\/wp\/v2\/posts\/19629\/revisions"}],"predecessor-version":[{"id":19630,"href":"https:\/\/www.ades-grenoble.org\/wordpress\/wp-json\/wp\/v2\/posts\/19629\/revisions\/19630"}],"wp:attachment":[{"href":"https:\/\/www.ades-grenoble.org\/wordpress\/wp-json\/wp\/v2\/media?parent=19629"}],"wp:term":[{"taxonomy":"category","embeddable":true,"href":"https:\/\/www.ades-grenoble.org\/wordpress\/wp-json\/wp\/v2\/categories?post=19629"},{"taxonomy":"post_tag","embeddable":true,"href":"https:\/\/www.ades-grenoble.org\/wordpress\/wp-json\/wp\/v2\/tags?post=19629"}],"curies":[{"name":"wp","href":"https:\/\/api.w.org\/{rel}","templated":true}]}}