{"id":19634,"date":"2021-12-10T14:01:26","date_gmt":"2021-12-10T13:01:26","guid":{"rendered":"https:\/\/www.ades-grenoble.org\/wordpress\/?p=19634"},"modified":"2021-12-10T15:29:13","modified_gmt":"2021-12-10T14:29:13","slug":"en-quatre-vagues-lepidemie-de-covid-19-a-cause-116-000-deces","status":"publish","type":"post","link":"https:\/\/www.ades-grenoble.org\/wordpress\/2021\/12\/10\/en-quatre-vagues-lepidemie-de-covid-19-a-cause-116-000-deces\/","title":{"rendered":"En quatre vagues, l\u2019\u00e9pid\u00e9mie de Covid-19 a caus\u00e9 116 000 d\u00e9c\u00e8s"},"content":{"rendered":"\n<div class=\"wp-block-image is-style-default\"><figure class=\"alignleft size-large\"><img loading=\"lazy\" decoding=\"async\" width=\"396\" height=\"81\" src=\"https:\/\/www.ades-grenoble.org\/wordpress\/wp-content\/uploads\/2014\/09\/logo_insee.png\" alt=\"\" class=\"wp-image-9025\" srcset=\"https:\/\/www.ades-grenoble.org\/wordpress\/wp-content\/uploads\/2014\/09\/logo_insee.png 396w, https:\/\/www.ades-grenoble.org\/wordpress\/wp-content\/uploads\/2014\/09\/logo_insee-150x30.png 150w, https:\/\/www.ades-grenoble.org\/wordpress\/wp-content\/uploads\/2014\/09\/logo_insee-300x61.png 300w\" sizes=\"auto, (max-width: 396px) 100vw, 396px\" \/><\/figure><\/div>\n\n\n\n<p>L&rsquo;Insee recense, sur un total de 460 000 hospitalisations, 116 000 morts surtout \u00e2g\u00e9s, et rel\u00e8ve son impact psychologique et social sur la jeunesse. L\u2019\u00e9pid\u00e9mie a lourdement affect\u00e9 le syst\u00e8me de soins.<\/p>\n\n\n\n<p>Une surmortalit\u00e9 nette, et des victimes qui se comptent surtout parmi les personnes \u00e2g\u00e9es et pr\u00e9caires : l&rsquo;Insee confirme le tableau d&rsquo;une pand\u00e9mie qui a frapp\u00e9 les couches les plus fragiles de la population, sur le plan sanitaire comme social. S&rsquo;ils ont \u00e9t\u00e9 moins touch\u00e9s par la maladie, les jeunes quant \u00e0 eux, ont port\u00e9 l&rsquo;essentiel du fardeau psychologique et \u00e9conomique de la crise.<\/p>\n\n\n\n<p><em>\u00ab La pand\u00e9mie de Covid-19 s\u2019est traduite en France par quatre vagues \u00e9pid\u00e9miques, au printemps et \u00e0 l\u2019automne 2020, d\u00e9but 2021, puis pendant l\u2019\u00e9t\u00e9 2021. Bien que les pics se soient att\u00e9nu\u00e9s au fil des vagues, leur dur\u00e9e a augment\u00e9 entre la premi\u00e8re et la troisi\u00e8me vague, conduisant \u00e0 un accroissement du nombre de formes graves de la maladie et de d\u00e9c\u00e8s \u00e0 chacune d\u2019entre elles. En revanche, la quatri\u00e8me vague, port\u00e9e par un variant plus contagieux mais dans un contexte d\u2019extension massive de la vaccination, est de moindre ampleur et de moindre dur\u00e9e. De l\u2019\u00e9mergence du virus \u00e0 d\u00e9but septembre 2021, 460 000 personnes ont \u00e9t\u00e9 hospitalis\u00e9es et 116 000 sont d\u00e9c\u00e9d\u00e9es \u00e0 l\u2019h\u00f4pital ou en \u00e9tablissement social ou m\u00e9dico-social (dont Ehpad) lors d\u2019une infection \u00e0 la Covid-19.<\/em><\/p>\n\n\n\n<!--more-->\n\n\n\n<p><em>Si elles ne sont pas les plus contamin\u00e9es, les personnes \u00e2g\u00e9es sont les plus vuln\u00e9rables : avant le vaccin, une personne de 70 ans ou plus sur cinq, hors Ehpad, d\u00e9veloppe une forme grave une fois infect\u00e9e. Les maladies chroniques augmentent \u00e9galement le risque de forme grave.<\/em><\/p>\n\n\n\n<p><em>En ce qui concerne les mesures sanitaires pour lutter contre l\u2019\u00e9pid\u00e9mie, en dehors des confinements de la population, le port du masque \u00e9tait g\u00e9n\u00e9ralis\u00e9 en novembre 2020, lors du deuxi\u00e8me confinement, puisque moins d\u2019une personne sur dix d\u00e9clarait ne pas porter de masque lorsqu\u2019elle sortait dans la rue. Une autre mesure est celle du d\u00e9pistage des porteurs du virus pour qu\u2019ils puissent s\u2019isoler : toujours en novembre 2020, environ la moiti\u00e9 des personnes contamin\u00e9es \u00e9taient d\u00e9tect\u00e9es \u00e0 l\u2019aide des tests virologiques de d\u00e9pistage. Fin ao\u00fbt 2021, pr\u00e8s de 60 % de la population avait d\u00e9j\u00e0 r\u00e9alis\u00e9 au moins un test de d\u00e9pistage depuis le d\u00e9but de l\u2019\u00e9pid\u00e9mie. Enfin, la vaccination, d\u00e9but\u00e9e fin d\u00e9cembre 2020, a couvert un nombre rapidement croissant de personnes, en priorit\u00e9 les plus vuln\u00e9rables. Lors de la rentr\u00e9e scolaire 2021, pr\u00e8s de 50 millions de personnes avaient d\u00e9j\u00e0 re\u00e7u au moins une dose de vaccin.<\/em><\/p>\n\n\n\n<p><em>L\u2019\u00e9pid\u00e9mie a \u00e9galement eu des impacts indirects sur la sant\u00e9 de la population, en raison notamment des cons\u00e9quences pour le syst\u00e8me de soins. Le nombre de s\u00e9jours hospitaliers hors Covid-19 a diminu\u00e9 de 13 % en 2020, avec la d\u00e9programmation de soins non urgents, un non-recours probable pour certaines maladies comme le cancer, mais aussi une baisse des accidents et des maladies infectieuses hors Covid-19. L\u2019activit\u00e9 des soins de ville a diminu\u00e9, surtout lors de la premi\u00e8re vague. La sant\u00e9 mentale s\u2019est d\u00e9grad\u00e9e, notamment chez les jeunes adultes. \u00bb<\/em><\/p>\n","protected":false},"excerpt":{"rendered":"<p>L&rsquo;Insee recense, sur un total de 460 000 hospitalisations, 116 000 morts surtout \u00e2g\u00e9s, et rel\u00e8ve son impact psychologique et social sur la jeunesse. L\u2019\u00e9pid\u00e9mie a lourdement affect\u00e9 le syst\u00e8me de soins. Une surmortalit\u00e9 nette, et des victimes qui se comptent surtout parmi les personnes \u00e2g\u00e9es et pr\u00e9caires : l&rsquo;Insee confirme le tableau d&rsquo;une pand\u00e9mie [&hellip;]<\/p>\n","protected":false},"author":1,"featured_media":0,"comment_status":"closed","ping_status":"open","sticky":false,"template":"","format":"standard","meta":{"twitterCardType":"","cardImageID":0,"cardImage":"","cardTitle":"","cardDesc":"","cardImageAlt":"","cardPlayer":"","cardPlayerWidth":0,"cardPlayerHeight":0,"cardPlayerStream":"","cardPlayerCodec":"","footnotes":""},"categories":[62,11],"tags":[161,285,99],"class_list":["post-19634","post","type-post","status-publish","format-standard","hentry","category-le-rouge-le-vert-hebdo","category-politique-locale","tag-demographie","tag-insee","tag-sante"],"_links":{"self":[{"href":"https:\/\/www.ades-grenoble.org\/wordpress\/wp-json\/wp\/v2\/posts\/19634","targetHints":{"allow":["GET"]}}],"collection":[{"href":"https:\/\/www.ades-grenoble.org\/wordpress\/wp-json\/wp\/v2\/posts"}],"about":[{"href":"https:\/\/www.ades-grenoble.org\/wordpress\/wp-json\/wp\/v2\/types\/post"}],"author":[{"embeddable":true,"href":"https:\/\/www.ades-grenoble.org\/wordpress\/wp-json\/wp\/v2\/users\/1"}],"replies":[{"embeddable":true,"href":"https:\/\/www.ades-grenoble.org\/wordpress\/wp-json\/wp\/v2\/comments?post=19634"}],"version-history":[{"count":1,"href":"https:\/\/www.ades-grenoble.org\/wordpress\/wp-json\/wp\/v2\/posts\/19634\/revisions"}],"predecessor-version":[{"id":19635,"href":"https:\/\/www.ades-grenoble.org\/wordpress\/wp-json\/wp\/v2\/posts\/19634\/revisions\/19635"}],"wp:attachment":[{"href":"https:\/\/www.ades-grenoble.org\/wordpress\/wp-json\/wp\/v2\/media?parent=19634"}],"wp:term":[{"taxonomy":"category","embeddable":true,"href":"https:\/\/www.ades-grenoble.org\/wordpress\/wp-json\/wp\/v2\/categories?post=19634"},{"taxonomy":"post_tag","embeddable":true,"href":"https:\/\/www.ades-grenoble.org\/wordpress\/wp-json\/wp\/v2\/tags?post=19634"}],"curies":[{"name":"wp","href":"https:\/\/api.w.org\/{rel}","templated":true}]}}