{"id":19704,"date":"2022-01-07T14:23:07","date_gmt":"2022-01-07T13:23:07","guid":{"rendered":"https:\/\/www.ades-grenoble.org\/wordpress\/?p=19704"},"modified":"2022-01-07T15:25:13","modified_gmt":"2022-01-07T14:25:13","slug":"politique-politicienne-249","status":"publish","type":"post","link":"https:\/\/www.ades-grenoble.org\/wordpress\/2022\/01\/07\/politique-politicienne-249\/","title":{"rendered":"Politique politicienne"},"content":{"rendered":"\n<div class=\"wp-block-image is-style-default\"><figure class=\"alignleft size-large\"><img loading=\"lazy\" decoding=\"async\" width=\"200\" height=\"234\" src=\"https:\/\/www.ades-grenoble.org\/wordpress\/wp-content\/uploads\/2015\/01\/fou1.png\" alt=\"fou\" class=\"wp-image-9634\" srcset=\"https:\/\/www.ades-grenoble.org\/wordpress\/wp-content\/uploads\/2015\/01\/fou1.png 200w, https:\/\/www.ades-grenoble.org\/wordpress\/wp-content\/uploads\/2015\/01\/fou1-128x150.png 128w\" sizes=\"auto, (max-width: 200px) 100vw, 200px\" \/><\/figure><\/div>\n\n\n\n<p>Dans une interview au Parisien le 4 janvier 2022, Macron a d\u00e9clar\u00e9\u00a0: \u00ab\u00a0<em>Eh bien l\u00e0, les non-vaccin\u00e9s, j\u2019ai tr\u00e8s envie de les emmerder. Et donc on va continuer de le faire, jusqu\u2019au bout. C\u2019est \u00e7a, la strat\u00e9gie\u2026<\/em>\u00a0\u00bb. On avait bien devin\u00e9 que c\u2019\u00e9tait cela la grande strat\u00e9gie de Jupiter, au lieu de rendre la vaccination obligatoire\u00a0; il a pr\u00e9f\u00e9r\u00e9 \u00ab\u00a0<em>emmerder<\/em>\u00a0\u00bb les non-vaccin\u00e9s, ce qui manque singuli\u00e8rement de hauteur et frise l\u2019anti-constitutionnalit\u00e9. Mais le pire arrive quand il estime que les non-vaccin\u00e9s sont irresponsables, il rajoute\u00a0:\u00a0\u00ab\u00a0<em>Un irresponsable n\u2019est plus un citoyen<\/em>\u00a0\u00bb. Le pr\u00e9sident se permet de d\u00e9signer qui est citoyen et qui ne l\u2019est pas, nous voil\u00e0 revenus en monarchie. Nous qui pensions qu\u2019il y avait encore une Constitution et des lois dans notre pays. Ce pr\u00e9sident est-il encore \u00ab\u00a0<em>responsable<\/em>\u00a0\u00bb et surtout digne de sa fonction en pronon\u00e7ant de telles sentences ? Nous en doutons&#8230;.<\/p>\n\n\n\n<hr class=\"wp-block-separator\"\/>\n\n\n\n<p>Et la d\u00e9put\u00e9e E. Chalas, en bon godillot, a fait le service apr\u00e8s-vente des d\u00e9clarations de Jupiter en d\u00e9clarant lors d\u2019une interview t\u00e9l\u00e9vis\u00e9e&nbsp;\u00e0 propos des non-vaccin\u00e9s&nbsp;<em>: \u00ab&nbsp;moi j&rsquo;ai envie qu&rsquo;ils n&rsquo;aient pas le droit d&rsquo;aller au restaurant, qu&rsquo;ils n&rsquo;aient pas le droit d&rsquo;aller au cin\u00e9ma. J&rsquo;assume d&rsquo;assumer d&#8217;emmerder les emmerdeurs\u00a0\u00bb (<\/em>BFMTV 05\/01\/22). Apr\u00e8s avoir \u00ab&nbsp;<em>emmerd\u00e9<\/em>&nbsp;\u00bb les agents des collectivit\u00e9s en revenant sur le temps de travail, en soutenant la loi sur les 1607 heures, voil\u00e0 qu\u2019elle serait pr\u00eate \u00e0 soutenir des lois excluant les non-vaccin\u00e9s de toute vie sociale alors que la vaccination n\u2019est pas obligatoire\u2026<\/p>\n\n\n\n<p>Ces comportements politiques violent notre Constitution&nbsp;qui est rappel\u00e9e dans l\u2019article 5 de la D\u00e9claration des Droits de l\u2019Homme et du Citoyen&nbsp;: <em>\u00ab&nbsp;La Loi n&rsquo;a le droit de d\u00e9fendre que les actions nuisibles \u00e0 la Soci\u00e9t\u00e9. <strong>Tout ce qui n&rsquo;est pas d\u00e9fendu par la Loi ne peut \u00eatre emp\u00each\u00e9, et<\/strong> <strong>nul ne peut \u00eatre contraint \u00e0 faire ce qu&rsquo;elle n&rsquo;ordonne pas<\/strong>.&nbsp;\u00bb&nbsp;<\/em><\/p>\n","protected":false},"excerpt":{"rendered":"<p>Dans une interview au Parisien le 4 janvier 2022, Macron a d\u00e9clar\u00e9\u00a0: \u00ab\u00a0Eh bien l\u00e0, les non-vaccin\u00e9s, j\u2019ai tr\u00e8s envie de les emmerder. Et donc on va continuer de le faire, jusqu\u2019au bout. C\u2019est \u00e7a, la strat\u00e9gie\u2026\u00a0\u00bb. On avait bien devin\u00e9 que c\u2019\u00e9tait cela la grande strat\u00e9gie de Jupiter, au lieu de rendre la vaccination [&hellip;]<\/p>\n","protected":false},"author":1,"featured_media":0,"comment_status":"closed","ping_status":"open","sticky":false,"template":"","format":"standard","meta":{"twitterCardType":"","cardImageID":0,"cardImage":"","cardTitle":"","cardDesc":"","cardImageAlt":"","cardPlayer":"","cardPlayerWidth":0,"cardPlayerHeight":0,"cardPlayerStream":"","cardPlayerCodec":"","footnotes":""},"categories":[62,11],"tags":[54],"class_list":["post-19704","post","type-post","status-publish","format-standard","hentry","category-le-rouge-le-vert-hebdo","category-politique-locale","tag-politique-droite-gauche"],"_links":{"self":[{"href":"https:\/\/www.ades-grenoble.org\/wordpress\/wp-json\/wp\/v2\/posts\/19704","targetHints":{"allow":["GET"]}}],"collection":[{"href":"https:\/\/www.ades-grenoble.org\/wordpress\/wp-json\/wp\/v2\/posts"}],"about":[{"href":"https:\/\/www.ades-grenoble.org\/wordpress\/wp-json\/wp\/v2\/types\/post"}],"author":[{"embeddable":true,"href":"https:\/\/www.ades-grenoble.org\/wordpress\/wp-json\/wp\/v2\/users\/1"}],"replies":[{"embeddable":true,"href":"https:\/\/www.ades-grenoble.org\/wordpress\/wp-json\/wp\/v2\/comments?post=19704"}],"version-history":[{"count":1,"href":"https:\/\/www.ades-grenoble.org\/wordpress\/wp-json\/wp\/v2\/posts\/19704\/revisions"}],"predecessor-version":[{"id":19705,"href":"https:\/\/www.ades-grenoble.org\/wordpress\/wp-json\/wp\/v2\/posts\/19704\/revisions\/19705"}],"wp:attachment":[{"href":"https:\/\/www.ades-grenoble.org\/wordpress\/wp-json\/wp\/v2\/media?parent=19704"}],"wp:term":[{"taxonomy":"category","embeddable":true,"href":"https:\/\/www.ades-grenoble.org\/wordpress\/wp-json\/wp\/v2\/categories?post=19704"},{"taxonomy":"post_tag","embeddable":true,"href":"https:\/\/www.ades-grenoble.org\/wordpress\/wp-json\/wp\/v2\/tags?post=19704"}],"curies":[{"name":"wp","href":"https:\/\/api.w.org\/{rel}","templated":true}]}}