{"id":19710,"date":"2022-01-14T14:03:04","date_gmt":"2022-01-14T13:03:04","guid":{"rendered":"https:\/\/www.ades-grenoble.org\/wordpress\/?p=19710"},"modified":"2022-01-14T17:05:49","modified_gmt":"2022-01-14T16:05:49","slug":"glyphosates-il-faudrait-expertiser-lexpertise-europeenne-avant-den-decider-la-poursuite","status":"publish","type":"post","link":"https:\/\/www.ades-grenoble.org\/wordpress\/2022\/01\/14\/glyphosates-il-faudrait-expertiser-lexpertise-europeenne-avant-den-decider-la-poursuite\/","title":{"rendered":"Glyphosates : il faudrait expertiser l\u2019expertise europ\u00e9enne avant d\u2019en d\u00e9cider la poursuite !"},"content":{"rendered":"\n<div class=\"wp-block-image is-style-default\"><figure class=\"alignleft size-large\"><img loading=\"lazy\" decoding=\"async\" width=\"350\" height=\"239\" src=\"https:\/\/www.ades-grenoble.org\/wordpress\/wp-content\/uploads\/2016\/12\/drapeau-europe-1.jpg\" alt=\"\" class=\"wp-image-12360\" srcset=\"https:\/\/www.ades-grenoble.org\/wordpress\/wp-content\/uploads\/2016\/12\/drapeau-europe-1.jpg 350w, https:\/\/www.ades-grenoble.org\/wordpress\/wp-content\/uploads\/2016\/12\/drapeau-europe-1-150x102.jpg 150w, https:\/\/www.ades-grenoble.org\/wordpress\/wp-content\/uploads\/2016\/12\/drapeau-europe-1-300x205.jpg 300w\" sizes=\"auto, (max-width: 350px) 100vw, 350px\" \/><\/figure><\/div>\n\n\n\n<p>Puisque la France assure la pr\u00e9sidence tournante de l\u2019Union europ\u00e9enne au cours du premier semestre de 2022, elle devrait prendre en compte la recommandation suivante\u00a0: <a href=\"https:\/\/www.alerte-sante-environnement-deontologie.fr\/deontologie-et-alertes-en-sante-publique-et-environnement\/la-commission\/article\/la-commission\" target=\"_blank\" rel=\"noreferrer noopener\">la\u00a0Commission nationale de la d\u00e9ontologie et des alertes en mati\u00e8re de sant\u00e9 publique et d\u2019environnement (cnDAspe)<\/a>, charg\u00e9e par la loi de veiller aux r\u00e8gles d\u00e9ontologiques s\u2019appliquant \u00e0 l\u2019expertise scientifique et technique, recommande au gouvernement de proposer une nouvelle expertise du pr\u00e9-rapport r\u00e9dig\u00e9s en juin 2021 par des experts des agences r\u00e8glementaires de quatre Etats (France, Hongrie, Pays-Bas et Su\u00e8de) qui estimait que le glyphosate ne remplissait aucun crit\u00e8re d\u2019interdiction, contrairement aux exopertises du cIRC (Centre international de recherche sur e cancer) et de l\u2019Inserm (Institut national de la sant\u00e9 et de la recherche m\u00e9dicale).<\/p>\n\n\n\n<p>Le cnDAspe recommande au gouvernement&nbsp;:<\/p>\n\n\n\n<!--more-->\n\n\n\n<p><strong><em>\u00ab&nbsp;1-&nbsp;De proposer \u00e0 ses partenaires et \u00e0 la Commission europ\u00e9enne la constitution d\u2019un panel international de personnalit\u00e9s ind\u00e9pendantes<sup>11<\/sup>&nbsp;sp\u00e9cialistes de la d\u00e9ontologie de l\u2019expertise scientifique dans les champs de l\u2019environnement et de la sant\u00e9 publique<\/em><\/strong><em>, avec pour mission d\u2019examiner les liens d\u2019int\u00e9r\u00eat de chacun des experts membres des comit\u00e9s qui ont particip\u00e9 au pr\u00e9-rapport d\u2019\u00e9valuation des Etats rapporteurs sur le glyphosate rendu public en juin 2021, ainsi que des experts qui vont participer au processus communautaire de revue par les pairs au sein des instances de l\u2019EFSA et de l\u2019ECHA. Une analyse r\u00e9trospective de m\u00eame nature sur le processus d\u2019\u00e9valuation conduit entre 2013 et 2017 serait \u00e9galement n\u00e9cessaire.<br>Sur la base du constat ainsi dress\u00e9, ce panel ind\u00e9pendant pourrait formuler des pr\u00e9conisations, \u00e0 l\u2019intention des autorit\u00e9s europ\u00e9ennes et nationales, en vue de renforcer la pr\u00e9vention des conflits d\u2019int\u00e9r\u00eat des experts contribuant aux processus d\u2019expertise communautaires dans les domaines de l\u2019environnement et de la sant\u00e9 publique et la transparence des proc\u00e9dures suivies pour ces expertises. Le rapport de ce panel ind\u00e9pendant devrait \u00eatre rendu public.<\/em><\/p>\n\n\n\n<p><strong><em>2-&nbsp;De demander \u00e0 la Commission europ\u00e9enne qu\u2019avant tout examen par l\u2019EFSA et l\u2019ECHA du pr\u00e9-rapport remis par les quatre \u00c9tats rapporteurs, une analyse critique soit conduite par un panel international de personnalit\u00e9s ind\u00e9pendantes<\/em><\/strong><em><sup>11<\/sup><\/em><em>&nbsp;sp\u00e9cialistes en toxicologie en mati\u00e8re de cancer, de g\u00e9notoxicit\u00e9, de reprotoxicit\u00e9 et de perturbation endocrinienne, ainsi qu\u2019en mati\u00e8re d\u2019\u00e9cotoxicologie, sur le processus de revue syst\u00e9matique des articles et dossiers scientifiques qui ont \u00e9t\u00e9 pris en consid\u00e9ration pour \u00e9valuer l\u2019ensemble des \u00e9l\u00e9ments de preuve disponibles, puis finalement retenus afin de fonder la position du groupe d\u2019\u00e9valuation adress\u00e9 \u00e0 l\u2019EFSA en juin 2021. Ce panel ind\u00e9pendant s\u2019attacherait \u00e0 v\u00e9rifier que ce processus est conforme aux m\u00e9thodes d\u00e9finies r\u00e9glementairement pour la s\u00e9lection et l\u2019analyse des donn\u00e9es scientifiques dans le cadre de l\u2019identification du danger et l\u2019\u00e9valuation des risques des substances actives phytopharmaceutiques. Il pourrait aussi formuler des pr\u00e9conisations visant \u00e0 faire \u00e9voluer ce cadre r\u00e9glementaire en vue de prendre en compte au mieux l\u2019\u00e9volution rapide des connaissances scientifiques. Le rapport de ce panel ind\u00e9pendant devrait \u00eatre rendu public.<\/em><\/p>\n\n\n\n<p><em>Ces deux \u00e9valuations portant sur l\u2019impartialit\u00e9 et sur la rigueur m\u00e9thodologique des expertises sont aujourd\u2019hui indispensables pour que les citoyens europ\u00e9ens puissent avoir confiance et puissent accepter les conclusions du processus en cours sur l\u2019\u00e9valuation des risques pour le vivant possiblement li\u00e9s \u00e0 l\u2019utilisation du glyphosate.\u00a0\u00bb<\/em><\/p>\n","protected":false},"excerpt":{"rendered":"<p>Puisque la France assure la pr\u00e9sidence tournante de l\u2019Union europ\u00e9enne au cours du premier semestre de 2022, elle devrait prendre en compte la recommandation suivante\u00a0: la\u00a0Commission nationale de la d\u00e9ontologie et des alertes en mati\u00e8re de sant\u00e9 publique et d\u2019environnement (cnDAspe), charg\u00e9e par la loi de veiller aux r\u00e8gles d\u00e9ontologiques s\u2019appliquant \u00e0 l\u2019expertise scientifique et [&hellip;]<\/p>\n","protected":false},"author":1,"featured_media":0,"comment_status":"closed","ping_status":"open","sticky":false,"template":"","format":"standard","meta":{"twitterCardType":"","cardImageID":0,"cardImage":"","cardTitle":"","cardDesc":"","cardImageAlt":"","cardPlayer":"","cardPlayerWidth":0,"cardPlayerHeight":0,"cardPlayerStream":"","cardPlayerCodec":"","footnotes":""},"categories":[62,11],"tags":[141,99],"class_list":["post-19710","post","type-post","status-publish","format-standard","hentry","category-le-rouge-le-vert-hebdo","category-politique-locale","tag-europe","tag-sante"],"_links":{"self":[{"href":"https:\/\/www.ades-grenoble.org\/wordpress\/wp-json\/wp\/v2\/posts\/19710","targetHints":{"allow":["GET"]}}],"collection":[{"href":"https:\/\/www.ades-grenoble.org\/wordpress\/wp-json\/wp\/v2\/posts"}],"about":[{"href":"https:\/\/www.ades-grenoble.org\/wordpress\/wp-json\/wp\/v2\/types\/post"}],"author":[{"embeddable":true,"href":"https:\/\/www.ades-grenoble.org\/wordpress\/wp-json\/wp\/v2\/users\/1"}],"replies":[{"embeddable":true,"href":"https:\/\/www.ades-grenoble.org\/wordpress\/wp-json\/wp\/v2\/comments?post=19710"}],"version-history":[{"count":1,"href":"https:\/\/www.ades-grenoble.org\/wordpress\/wp-json\/wp\/v2\/posts\/19710\/revisions"}],"predecessor-version":[{"id":19711,"href":"https:\/\/www.ades-grenoble.org\/wordpress\/wp-json\/wp\/v2\/posts\/19710\/revisions\/19711"}],"wp:attachment":[{"href":"https:\/\/www.ades-grenoble.org\/wordpress\/wp-json\/wp\/v2\/media?parent=19710"}],"wp:term":[{"taxonomy":"category","embeddable":true,"href":"https:\/\/www.ades-grenoble.org\/wordpress\/wp-json\/wp\/v2\/categories?post=19710"},{"taxonomy":"post_tag","embeddable":true,"href":"https:\/\/www.ades-grenoble.org\/wordpress\/wp-json\/wp\/v2\/tags?post=19710"}],"curies":[{"name":"wp","href":"https:\/\/api.w.org\/{rel}","templated":true}]}}