{"id":19747,"date":"2022-01-21T16:04:06","date_gmt":"2022-01-21T15:04:06","guid":{"rendered":"https:\/\/www.ades-grenoble.org\/wordpress\/?p=19747"},"modified":"2022-01-21T16:53:38","modified_gmt":"2022-01-21T15:53:38","slug":"les-services-rendus-par-les-mares-pour-la-biodiversite-dans-lagglomeration","status":"publish","type":"post","link":"https:\/\/www.ades-grenoble.org\/wordpress\/2022\/01\/21\/les-services-rendus-par-les-mares-pour-la-biodiversite-dans-lagglomeration\/","title":{"rendered":"Les services rendus par les mares pour la biodiversit\u00e9 dans l\u2019agglom\u00e9ration"},"content":{"rendered":"\n<div class=\"wp-block-image is-style-default\"><figure class=\"alignleft size-large\"><img loading=\"lazy\" decoding=\"async\" width=\"115\" height=\"115\" src=\"https:\/\/www.ades-grenoble.org\/wordpress\/wp-content\/uploads\/2015\/05\/LPO.jpg\" alt=\"\" class=\"wp-image-10221\"\/><\/figure><\/div>\n\n\n\n<p>La LPO-Is\u00e8re participe \u00e0 un recensement des mares de l\u2019agglom\u00e9ration grenobloise afin de mettre en \u0153uvre des actions concr\u00e8tes pour la biodiversit\u00e9. Elle a d\u00e9j\u00e0 recens\u00e9 114 mares et a d\u00e9velopp\u00e9 <a rel=\"noreferrer noopener\" href=\"https:\/\/www.a-vos-mares.org\/\" target=\"_blank\">une carte interactive<\/a> pour que les habitants puissent rajouter les mares qu\u2019ils connaissent. Depuis 2017, la LPO a cr\u00e9\u00e9 ou restaur\u00e9 55 mares sur le territoire de la M\u00e9tropole, et 11 nouveaux projets sont en cours jusqu&rsquo;\u00e0 la fin du mois de mars. Il existe aujourd\u2019hui 111 mares fonctionnelles sur le territoire de la M\u00e9tropole, dont 35 \u00e0 forts enjeux \u00e9cologiques, contre 64 mares fonctionnelles, dont 18 \u00e0 forts enjeux \u00e9cologiques, au d\u00e9marrage du projet d\u00e9but 2018.<\/p>\n\n\n\n<p>Les mares jouent un r\u00f4le essentiel de r\u00e9servoirs de biodiversit\u00e9 et de corridors permettant de maintenir des r\u00e9seaux naturels fonctionnels. Elles sont tr\u00e8s importantes pour les amphibiens (grenouilles, tritons, crapauds et salamandres) qui ont des faibles capacit\u00e9s de d\u00e9placement (distance et obstacles).<\/p>\n\n\n\n<p>La disparition des mares, ph\u00e9nom\u00e8ne constat\u00e9 depuis plusieurs d\u00e9cennies en France, menace directement la survie de ces esp\u00e8ces. La pr\u00e9sence d\u2019un r\u00e9seau de ces petits points d\u2019eau sur un territoire est n\u00e9cessaire \u00e0 la migration, \u00e0 la dispersion des esp\u00e8ces et aux \u00e9changes g\u00e9n\u00e9tiques entre les diff\u00e9rentes populations menac\u00e9es par la fragmentation des milieux naturels.<\/p>\n\n\n\n<!--more-->\n\n\n\n<p>La r\u00e9gion a arr\u00eat\u00e9 un \u00ab&nbsp;Sch\u00e9ma r\u00e9gional de coh\u00e9rence \u00e9cologique&nbsp;\u00bb (SRCE) qui permet la mise en place d\u2019actions pour int\u00e9grer la biodiversit\u00e9 dans les projets propos\u00e9s par les collectivit\u00e9s territoriales. Ce SRCE identifie les \u00e9l\u00e9ments de la \u00ab&nbsp;Trame verte et bleue&nbsp;\u00bb, c\u2019est-\u00e0-dire l\u2019ensemble des liens \u00e9cologiques mis en place de mani\u00e8re artificielle ou naturelle pour pr\u00e9server les continuit\u00e9s de biodiversit\u00e9 (mares, haies, arbres, champs, corridors biologiques\u2026). La Trame verte et bleue d\u00e9finit des objectifs pour pr\u00e9server le patrimoine naturel, la biodiversit\u00e9 et les milieux aquatiques. Le \u00ab&nbsp;Contrat vert et bleu&nbsp;\u00bb constitue ainsi l\u2019outil op\u00e9rationnel r\u00e9gional pour la mise en \u0153uvre d\u2019actions concr\u00e8tes dans les territoires.<\/p>\n\n\n\n<p>Sur le territoire de l\u2019agglom\u00e9ration grenobloise, le contrat vert et bleu propose plus de cinquante actions, port\u00e9es par diff\u00e9rentes structures (associations, f\u00e9d\u00e9rations, entreprises priv\u00e9es\u2026), sur trois volets : animation et sensibilisation, \u00e9tudes et travaux.<\/p>\n\n\n\n<p><em>La LPO porte l\u2019action \u00ab&nbsp;plan de restauration des mares&nbsp;\u00bb du contrat Vert et Bleu, dont l\u2019objectif principal est de restaurer un r\u00e9seau fonctionnel de mares sur le territoire de l\u2019agglom\u00e9ration.<\/em><\/p>\n\n\n\n<p><em>Les objectifs concrets du plan d\u2019actions, financ\u00e9 par l\u2019Europe (FEDER&nbsp;: Fonds Europ\u00e9en de D\u00e9veloppement R\u00e9gional), sont, sur l\u2019ensemble du territoire de la m\u00e9tropole, de&nbsp;:<\/em><\/p>\n\n\n\n<ul class=\"wp-block-list\"><li><em>r\u00e9aliser un inventaire des mares ainsi qu\u2019un diagnostic de leur \u00e9tat de conservation et de la fonctionnalit\u00e9 du r\u00e9seau existant pour la faune d\u00e9pendante de ces habitats&nbsp;;<\/em><\/li><li><em>sensibiliser \u00e0 l\u2019int\u00e9r\u00eat de ces infrastructures \u00e9copaysag\u00e8res et partager les enjeux identifi\u00e9s avec les \u00e9lus et les habitants du territoire&nbsp;;<\/em><\/li><li><em>proposer des actions pour renforcer le r\u00e9seau de mares (travaux de cr\u00e9ation et de restauration).<\/em><\/li><li><em>cr\u00e9er un&nbsp;observatoire des mares&nbsp;pour recueillir et diffuser en continu des informations sur les mares de l\u2019agglom\u00e9ration.<\/em><\/li><\/ul>\n\n\n\n<p><em>Ces actions seront conduites durant toute la dur\u00e9e du contrat vert et bleu, sur la p\u00e9riode 2018-2022\u2026<\/em><\/p>\n\n\n\n<p><em>Accueillir une mare chez soi apporte \u00e9galement de nombreux avantages : d\u00e9couverte fascinante et infinie de la vie des mares qui ravira les petits et les grands, sensibilisation aupr\u00e8s des habitants, int\u00e9gration d\u2019un milieu naturel dans un secteur urbain, mais aussi venue de pr\u00e9dateurs naturels pour les cultures (les crapauds se nourrissent de limaces, escargots, chenilles).<br>Et pas de risque de moustiques ! Ces derniers ne se reproduisent que dans des petites zones d\u2019eau \u00ab\u00a0mortes\u00a0\u00bb comme des coupelles de pots de fleurs, caniveaux, terrasses sur plots\u2026 La pr\u00e9sence de v\u00e9g\u00e9tation aquatique (oxyg\u00e9nation de l\u2019eau) et de faune sauvage comme les amphibiens et les libellules (forte pr\u00e9dation sur les larves de moustiques) dans une mare emp\u00eache naturellement la venue et la ponte des moustiques.<\/em><\/p>\n","protected":false},"excerpt":{"rendered":"<p>La LPO-Is\u00e8re participe \u00e0 un recensement des mares de l\u2019agglom\u00e9ration grenobloise afin de mettre en \u0153uvre des actions concr\u00e8tes pour la biodiversit\u00e9. Elle a d\u00e9j\u00e0 recens\u00e9 114 mares et a d\u00e9velopp\u00e9 une carte interactive pour que les habitants puissent rajouter les mares qu\u2019ils connaissent. Depuis 2017, la LPO a cr\u00e9\u00e9 ou restaur\u00e9 55 mares sur [&hellip;]<\/p>\n","protected":false},"author":1,"featured_media":0,"comment_status":"closed","ping_status":"open","sticky":false,"template":"","format":"standard","meta":{"twitterCardType":"","cardImageID":0,"cardImage":"","cardTitle":"","cardDesc":"","cardImageAlt":"","cardPlayer":"","cardPlayerWidth":0,"cardPlayerHeight":0,"cardPlayerStream":"","cardPlayerCodec":"","footnotes":""},"categories":[62,11],"tags":[242,153,280,144],"class_list":["post-19747","post","type-post","status-publish","format-standard","hentry","category-le-rouge-le-vert-hebdo","category-politique-locale","tag-developpement-durable","tag-ecologie","tag-metropole","tag-nature"],"_links":{"self":[{"href":"https:\/\/www.ades-grenoble.org\/wordpress\/wp-json\/wp\/v2\/posts\/19747","targetHints":{"allow":["GET"]}}],"collection":[{"href":"https:\/\/www.ades-grenoble.org\/wordpress\/wp-json\/wp\/v2\/posts"}],"about":[{"href":"https:\/\/www.ades-grenoble.org\/wordpress\/wp-json\/wp\/v2\/types\/post"}],"author":[{"embeddable":true,"href":"https:\/\/www.ades-grenoble.org\/wordpress\/wp-json\/wp\/v2\/users\/1"}],"replies":[{"embeddable":true,"href":"https:\/\/www.ades-grenoble.org\/wordpress\/wp-json\/wp\/v2\/comments?post=19747"}],"version-history":[{"count":3,"href":"https:\/\/www.ades-grenoble.org\/wordpress\/wp-json\/wp\/v2\/posts\/19747\/revisions"}],"predecessor-version":[{"id":19772,"href":"https:\/\/www.ades-grenoble.org\/wordpress\/wp-json\/wp\/v2\/posts\/19747\/revisions\/19772"}],"wp:attachment":[{"href":"https:\/\/www.ades-grenoble.org\/wordpress\/wp-json\/wp\/v2\/media?parent=19747"}],"wp:term":[{"taxonomy":"category","embeddable":true,"href":"https:\/\/www.ades-grenoble.org\/wordpress\/wp-json\/wp\/v2\/categories?post=19747"},{"taxonomy":"post_tag","embeddable":true,"href":"https:\/\/www.ades-grenoble.org\/wordpress\/wp-json\/wp\/v2\/tags?post=19747"}],"curies":[{"name":"wp","href":"https:\/\/api.w.org\/{rel}","templated":true}]}}