{"id":19768,"date":"2022-01-21T16:50:39","date_gmt":"2022-01-21T15:50:39","guid":{"rendered":"https:\/\/www.ades-grenoble.org\/wordpress\/?p=19768"},"modified":"2022-01-21T17:07:46","modified_gmt":"2022-01-21T16:07:46","slug":"grenoble-accelere-les-transitions","status":"publish","type":"post","link":"https:\/\/www.ades-grenoble.org\/wordpress\/2022\/01\/21\/grenoble-accelere-les-transitions\/","title":{"rendered":"Grenoble acc\u00e9l\u00e8re les transitions"},"content":{"rendered":"\n<div class=\"wp-block-image is-style-default\"><figure class=\"alignleft size-large\"><img loading=\"lazy\" decoding=\"async\" width=\"380\" height=\"348\" src=\"https:\/\/www.ades-grenoble.org\/wordpress\/wp-content\/uploads\/2022\/01\/Grenoble-transitions.jpg\" alt=\"\" class=\"wp-image-19769\" srcset=\"https:\/\/www.ades-grenoble.org\/wordpress\/wp-content\/uploads\/2022\/01\/Grenoble-transitions.jpg 380w, https:\/\/www.ades-grenoble.org\/wordpress\/wp-content\/uploads\/2022\/01\/Grenoble-transitions-300x275.jpg 300w, https:\/\/www.ades-grenoble.org\/wordpress\/wp-content\/uploads\/2022\/01\/Grenoble-transitions-150x137.jpg 150w\" sizes=\"auto, (max-width: 380px) 100vw, 380px\" \/><\/figure><\/div>\n\n\n\n<p>A l\u2019occasion du lancement de l\u2019ensemble des activit\u00e9s li\u00e9es \u00e0 \u00ab\u00a0Grenoble capitale verte\u00a0\u00bb, la ville de Grenoble \u00e9dite <a rel=\"noreferrer noopener\" href=\"https:\/\/www.grenoble.fr\/uploads\/Externe\/f1\/1353_247_Grenoble-accelere-2022.pdf\" target=\"_blank\">une brochure listant les tr\u00e8s nombreuses actions<\/a> qui vont dans le sens des transitions sociales et \u00e9cologiques. Il est notamment pr\u00e9cis\u00e9, des dispositifs, des aides pour prot\u00e9ger les habitants et leur donner envie d\u2019adapter leurs modes de vie, pour engager la transition dans tous les domaines : mobilit\u00e9s, d\u00e9mocratie, alimentation, \u00e9cole, espace public, \u00e9nergie\u2026<\/p>\n","protected":false},"excerpt":{"rendered":"<p>A l\u2019occasion du lancement de l\u2019ensemble des activit\u00e9s li\u00e9es \u00e0 \u00ab\u00a0Grenoble capitale verte\u00a0\u00bb, la ville de Grenoble \u00e9dite une brochure listant les tr\u00e8s nombreuses actions qui vont dans le sens des transitions sociales et \u00e9cologiques. Il est notamment pr\u00e9cis\u00e9, des dispositifs, des aides pour prot\u00e9ger les habitants et leur donner envie d\u2019adapter leurs modes de [&hellip;]<\/p>\n","protected":false},"author":1,"featured_media":0,"comment_status":"closed","ping_status":"open","sticky":false,"template":"","format":"standard","meta":{"twitterCardType":"","cardImageID":0,"cardImage":"","cardTitle":"","cardDesc":"","cardImageAlt":"","cardPlayer":"","cardPlayerWidth":0,"cardPlayerHeight":0,"cardPlayerStream":"","cardPlayerCodec":"","footnotes":""},"categories":[62,11],"tags":[60,215,380],"class_list":["post-19768","post","type-post","status-publish","format-standard","hentry","category-le-rouge-le-vert-hebdo","category-politique-locale","tag-bilan-de-mandat","tag-grenoble","tag-transitions"],"_links":{"self":[{"href":"https:\/\/www.ades-grenoble.org\/wordpress\/wp-json\/wp\/v2\/posts\/19768","targetHints":{"allow":["GET"]}}],"collection":[{"href":"https:\/\/www.ades-grenoble.org\/wordpress\/wp-json\/wp\/v2\/posts"}],"about":[{"href":"https:\/\/www.ades-grenoble.org\/wordpress\/wp-json\/wp\/v2\/types\/post"}],"author":[{"embeddable":true,"href":"https:\/\/www.ades-grenoble.org\/wordpress\/wp-json\/wp\/v2\/users\/1"}],"replies":[{"embeddable":true,"href":"https:\/\/www.ades-grenoble.org\/wordpress\/wp-json\/wp\/v2\/comments?post=19768"}],"version-history":[{"count":1,"href":"https:\/\/www.ades-grenoble.org\/wordpress\/wp-json\/wp\/v2\/posts\/19768\/revisions"}],"predecessor-version":[{"id":19770,"href":"https:\/\/www.ades-grenoble.org\/wordpress\/wp-json\/wp\/v2\/posts\/19768\/revisions\/19770"}],"wp:attachment":[{"href":"https:\/\/www.ades-grenoble.org\/wordpress\/wp-json\/wp\/v2\/media?parent=19768"}],"wp:term":[{"taxonomy":"category","embeddable":true,"href":"https:\/\/www.ades-grenoble.org\/wordpress\/wp-json\/wp\/v2\/categories?post=19768"},{"taxonomy":"post_tag","embeddable":true,"href":"https:\/\/www.ades-grenoble.org\/wordpress\/wp-json\/wp\/v2\/tags?post=19768"}],"curies":[{"name":"wp","href":"https:\/\/api.w.org\/{rel}","templated":true}]}}