{"id":19785,"date":"2022-01-29T08:39:12","date_gmt":"2022-01-29T07:39:12","guid":{"rendered":"https:\/\/www.ades-grenoble.org\/wordpress\/?p=19785"},"modified":"2022-01-29T09:23:49","modified_gmt":"2022-01-29T08:23:49","slug":"ce-sont-les-grandes-communes-qui-ont-le-plus-souffert-financierement-de-la-crise-sanitaire","status":"publish","type":"post","link":"https:\/\/www.ades-grenoble.org\/wordpress\/2022\/01\/29\/ce-sont-les-grandes-communes-qui-ont-le-plus-souffert-financierement-de-la-crise-sanitaire\/","title":{"rendered":"Ce sont les grandes communes qui ont le plus souffert financi\u00e8rement de la crise sanitaire"},"content":{"rendered":"\n<div class=\"wp-block-image is-style-default\"><figure class=\"alignleft size-large\"><img loading=\"lazy\" decoding=\"async\" width=\"350\" height=\"130\" src=\"https:\/\/www.ades-grenoble.org\/wordpress\/wp-content\/uploads\/2018\/05\/OFGL.jpg\" alt=\"\" class=\"wp-image-14242\" srcset=\"https:\/\/www.ades-grenoble.org\/wordpress\/wp-content\/uploads\/2018\/05\/OFGL.jpg 350w, https:\/\/www.ades-grenoble.org\/wordpress\/wp-content\/uploads\/2018\/05\/OFGL-150x56.jpg 150w, https:\/\/www.ades-grenoble.org\/wordpress\/wp-content\/uploads\/2018\/05\/OFGL-300x111.jpg 300w\" sizes=\"auto, (max-width: 350px) 100vw, 350px\" \/><\/figure><\/div>\n\n\n\n<p>L\u2019Observatoire des Finances et de la Gestion publique Locales (OFGL) \u00e9dite des \u00e9tudes sur les finances des collectivit\u00e9s publiques locales. Dans son num\u00e9ro de janvier 2022 <em>\u00ab\u00a0Cap sur<\/em>\u00a0\u00bb il \u00e9tudie <a href=\"https:\/\/www.collectivites-locales.gouv.fr\/files\/Institution\/1.%20organisation%20administraive\/Organismes-consultatifs\/OFGL\/OFGL%20Crise%20-%20heterogeneite%20bloc%20co_24-01-22.pdf\" target=\"_blank\" rel=\"noreferrer noopener\">la diversit\u00e9 et l\u2019h\u00e9t\u00e9rog\u00e9n\u00e9it\u00e9 des situations des finances communales et intercommunales durant l\u2019ann\u00e9e 2020 pendant la crise sanitaire<\/a>.<\/p>\n\n\n\n<p>Si le co\u00fbt global de la crise est estim\u00e9 \u00e0 2,1&nbsp;Md\u20ac pour les communes et les groupements \u00e0 fiscalit\u00e9 propre, il n\u2019a pas eu la m\u00eame intensit\u00e9 pour toutes les collectivit\u00e9s. Selon le type de recette (tarifaire, domaniale, touristique\u2026) ou de d\u00e9pense (\u00e9conomies sur les achats courants, nouveaux achats de mat\u00e9riel\u2026), les profils de collectivit\u00e9s affect\u00e9s ne sont pas les m\u00eames.<\/p>\n\n\n\n<!--more-->\n\n\n\n<p>Globalement, les finances se sont plus fortement d\u00e9grad\u00e9es suite \u00e0 la crise dans les grandes communes et les grandes intercommunalit\u00e9s. Mais l\u2019h\u00e9t\u00e9rog\u00e9n\u00e9it\u00e9 des situations reste importante.<\/p>\n\n\n\n<p>Cette analyse rejoint ce qui a \u00e9t\u00e9 indiqu\u00e9 dans les budgets de la ville de Grenoble et les aides de l\u2019Etat ont \u00e9t\u00e9 extr\u00eamement r\u00e9duites. L\u2019\u00e9tude estime \u00e0 environ 29 \u20ac par habitant la perte pour les villes de plus de 100&nbsp;000 habitants&nbsp;:celarepr\u00e9senterait une perte de 4,7 M\u20ac pour Grenoble. De fait le compte administratif de 2020 de Grenoble calcule cette perte \u00e0 5 M\u20ac.<\/p>\n\n\n\n<p><em>\u00ab&nbsp;L\u2019Etat est intervenu pour soutenir certaines collectivit\u00e9s (dotations exceptionnelles, avances remboursables, participations aux frais\u2026). L\u2019une des premi\u00e8res actions a consist\u00e9 en l\u2019instauration d\u2019un \u00ab filet de s\u00e9curit\u00e9 \u00bb pour environ 185 M\u20ac. Son impact est sensible sur les collectivit\u00e9s concern\u00e9es mais reste tr\u00e8s cibl\u00e9. Il a ensuite \u00e9t\u00e9 compl\u00e9t\u00e9 par des soutiens \u00e0 destination de certains services publics administratifs ou industriels et commerciaux, \u00e0 hauteur de 200 M\u20ac. De fa\u00e7on g\u00e9n\u00e9rale, le solde des effets de la crise se d\u00e9t\u00e9riore avec la taille des collectivit\u00e9s. Autrement dit, les communes et groupements plus peupl\u00e9s ont globalement perdu plus de ressources nettes \u00e0 cause de la crise\u2026<\/em><\/p>\n\n\n\n<p><em>Dans les communes disposant d\u2019une fonction de centralit\u00e9 importante, les recettes domaniales ont largement baiss\u00e9 et les achats sources de surco\u00fbts (fournitures d\u2019entretien et de petit \u00e9quipement) ont augment\u00e9 plus fortement. Les communes \u00ab centres majeurs \u00bb on subit une perte de pr\u00e8s de 30% sur les recettes domaniales, soit 13 \u20ac\/hab. Par ailleurs, leurs achats sources de surco\u00fbts ont augment\u00e9 de 29% (hors Paris). Ces deux mouvements conjoints ont contribu\u00e9 \u00e0 l\u2019effet taille observ\u00e9 de l\u2019impact de la crise\u2026&nbsp;\u00bb<\/em><\/p>\n\n\n\n<p>L\u2019\u00e9tude note que <em>\u00ab\u00a0le versement mobilit\u00e9 n\u2019est per\u00e7u que par quelques groupements, mais a baiss\u00e9 pour 80% d\u2019entre eux. Les baisses de versement mobilit\u00e9 repr\u00e9sentent une part importante de l\u2019\u00e9pargne des m\u00e9tropoles (4%) et des communaut\u00e9s urbaines (3%) concern\u00e9es.\u00a0\u00bb<\/em><\/p>\n","protected":false},"excerpt":{"rendered":"<p>L\u2019Observatoire des Finances et de la Gestion publique Locales (OFGL) \u00e9dite des \u00e9tudes sur les finances des collectivit\u00e9s publiques locales. Dans son num\u00e9ro de janvier 2022 \u00ab\u00a0Cap sur\u00a0\u00bb il \u00e9tudie la diversit\u00e9 et l\u2019h\u00e9t\u00e9rog\u00e9n\u00e9it\u00e9 des situations des finances communales et intercommunales durant l\u2019ann\u00e9e 2020 pendant la crise sanitaire. Si le co\u00fbt global de la crise [&hellip;]<\/p>\n","protected":false},"author":1,"featured_media":0,"comment_status":"closed","ping_status":"open","sticky":false,"template":"","format":"standard","meta":{"twitterCardType":"","cardImageID":0,"cardImage":"","cardTitle":"","cardDesc":"","cardImageAlt":"","cardPlayer":"","cardPlayerWidth":0,"cardPlayerHeight":0,"cardPlayerStream":"","cardPlayerCodec":"","footnotes":""},"categories":[62,11],"tags":[226,138,99],"class_list":["post-19785","post","type-post","status-publish","format-standard","hentry","category-le-rouge-le-vert-hebdo","category-politique-locale","tag-collectivites","tag-finances","tag-sante"],"_links":{"self":[{"href":"https:\/\/www.ades-grenoble.org\/wordpress\/wp-json\/wp\/v2\/posts\/19785","targetHints":{"allow":["GET"]}}],"collection":[{"href":"https:\/\/www.ades-grenoble.org\/wordpress\/wp-json\/wp\/v2\/posts"}],"about":[{"href":"https:\/\/www.ades-grenoble.org\/wordpress\/wp-json\/wp\/v2\/types\/post"}],"author":[{"embeddable":true,"href":"https:\/\/www.ades-grenoble.org\/wordpress\/wp-json\/wp\/v2\/users\/1"}],"replies":[{"embeddable":true,"href":"https:\/\/www.ades-grenoble.org\/wordpress\/wp-json\/wp\/v2\/comments?post=19785"}],"version-history":[{"count":1,"href":"https:\/\/www.ades-grenoble.org\/wordpress\/wp-json\/wp\/v2\/posts\/19785\/revisions"}],"predecessor-version":[{"id":19786,"href":"https:\/\/www.ades-grenoble.org\/wordpress\/wp-json\/wp\/v2\/posts\/19785\/revisions\/19786"}],"wp:attachment":[{"href":"https:\/\/www.ades-grenoble.org\/wordpress\/wp-json\/wp\/v2\/media?parent=19785"}],"wp:term":[{"taxonomy":"category","embeddable":true,"href":"https:\/\/www.ades-grenoble.org\/wordpress\/wp-json\/wp\/v2\/categories?post=19785"},{"taxonomy":"post_tag","embeddable":true,"href":"https:\/\/www.ades-grenoble.org\/wordpress\/wp-json\/wp\/v2\/tags?post=19785"}],"curies":[{"name":"wp","href":"https:\/\/api.w.org\/{rel}","templated":true}]}}