{"id":19798,"date":"2022-01-29T09:23:01","date_gmt":"2022-01-29T08:23:01","guid":{"rendered":"https:\/\/www.ades-grenoble.org\/wordpress\/?p=19798"},"modified":"2022-01-29T10:05:35","modified_gmt":"2022-01-29T09:05:35","slug":"agir-en-commun-pour-un-avenir-vivable-pour-toutes-et-tous-dans-lagglomeration","status":"publish","type":"post","link":"https:\/\/www.ades-grenoble.org\/wordpress\/2022\/01\/29\/agir-en-commun-pour-un-avenir-vivable-pour-toutes-et-tous-dans-lagglomeration\/","title":{"rendered":"Agir en commun pour un avenir vivable pour toutes et tous dans l\u2019agglom\u00e9ration"},"content":{"rendered":"\n<div class=\"wp-block-image is-style-default\"><figure class=\"alignleft size-large\"><img loading=\"lazy\" decoding=\"async\" width=\"384\" height=\"409\" src=\"https:\/\/www.ades-grenoble.org\/wordpress\/wp-content\/uploads\/2020\/07\/Metro.jpg\" alt=\"\" class=\"wp-image-17647\" srcset=\"https:\/\/www.ades-grenoble.org\/wordpress\/wp-content\/uploads\/2020\/07\/Metro.jpg 384w, https:\/\/www.ades-grenoble.org\/wordpress\/wp-content\/uploads\/2020\/07\/Metro-141x150.jpg 141w, https:\/\/www.ades-grenoble.org\/wordpress\/wp-content\/uploads\/2020\/07\/Metro-282x300.jpg 282w\" sizes=\"auto, (max-width: 384px) 100vw, 384px\" \/><\/figure><\/div>\n\n\n\n<p>Lors du Conseil de la m\u00e9tropole du 4 f\u00e9vrier 2022, seront d\u00e9battues les orientations budg\u00e9taires pour les ann\u00e9es 2022 et suivantes, le vote du budget \u00e9tant \u00e0 l\u2019ordre du jour du conseil suivant.<\/p>\n\n\n\n<p>La m\u00e9tropole a d\u00e9cid\u00e9 de mettre en place une strat\u00e9gie budg\u00e9taire adapt\u00e9e aux exigences des transitions sociales, \u00e9cologiques et \u00e9nerg\u00e9tiques, permettant de pr\u00e9parer un avenir vivable pour toutes et tous.<\/p>\n\n\n\n<p>Un important travail sur les strat\u00e9gies budg\u00e9taires possibles a \u00e9t\u00e9 r\u00e9alis\u00e9, le moment du choix est venu et nous craignons que notre majorit\u00e9 m\u00e9tropolitaine (de gauche, \u00e9cologiste et solidaire) h\u00e9site \u00e0 mettre en actes compl\u00e8tement ce qui est contenu dans les r\u00e9flexions collectives contenues dans les documents existants, tels\u00a0:<\/p>\n\n\n\n<ul class=\"wp-block-list\"><li>\u00ab\u00a0<a rel=\"noreferrer noopener\" href=\"https:\/\/unemetropoledavance.fr\/wp-content\/uploads\/2022\/01\/Feuille-de-route_janv2022_110ppp.pdf\" target=\"_blank\">La feuille de route de la majorit\u00e9 de gauche \u00e9cologiste et solidaire de Grenoble-Alpes-M\u00e9tropole (2022-2026<\/a>\u00a0\u00bb<\/li><li>\u00ab\u00a0<a rel=\"noreferrer noopener\" href=\"https:\/\/greengrenoble2022.eu\/16-accelerer-les-transitions-avec-green-grenoble.htm\" target=\"_blank\">Capitale Verte Europ\u00e9enne 2022<\/a>\u00a0\u00bb<\/li><\/ul>\n\n\n\n<p>Des orientations sociales et \u00e9cologiques, visant la neutralit\u00e9 carbone et la pr\u00e9servation de la biodiversit\u00e9 pour faire face \u00e0 l\u2019urgence climatique, ont \u00e9t\u00e9 d\u00e9cid\u00e9es par documents d\u2019orientation et de planification adopt\u00e9s par le conseil m\u00e9tropolitain ces derni\u00e8res ann\u00e9es [1].<\/p>\n\n\n\n<!--more-->\n\n\n\n<p>Il convient maintenant que les membres du conseil de m\u00e9tropole d\u00e9cident concr\u00e8tement les moyens d\u2019exercer les comp\u00e9tences de la m\u00e9tropole dans ce sens social et \u00e9cologique, en particulier par des priorit\u00e9s correspondantes dans ses comp\u00e9tences, dans les domaines de l\u2019am\u00e9nagement, du foncier, du logement, du renouvellement urbain (projets en cours et ceux \u00e0 venir) des d\u00e9placements, de l\u2019\u00e9nergie, avec une planification concr\u00e8te sur les 10 ans qui viennent, qui sont d\u00e9terminants pour le plus long terme (cf. les expertises du GIEC).<\/p>\n\n\n\n<p>Cela suppose que la m\u00e9tropole se donne les moyens financiers permettant de r\u00e9aliser ces priorit\u00e9s, notamment qu\u2019elle augmente un peu la taxe fonci\u00e8re qui est la seule possibilit\u00e9 \u00e0 sa disposition et qui est actuellement \u00e0 un taux extr\u00eamement bas (1,29%)&nbsp;; de plus, les contribuables locaux ont vu la taxe d\u2019habitation fortement diminu\u00e9e jusqu\u2019\u00e0 disparaitre entrainant une fiscalit\u00e9 locale en tr\u00e8s forte diminution.<\/p>\n\n\n\n<p>Plut\u00f4t que de d\u00e9clamer sur \u00ab\u00a0l\u2019attractivit\u00e9\u00a0\u00bb, le \u00ab\u00a0rayonnement\u00a0\u00bb et la \u00ab\u00a0comp\u00e9titivit\u00e9\u00a0\u00bb, il convient que les priorit\u00e9s soient donn\u00e9es aux biens communs, aux services communs, aux \u00e9quipements communs des communes et de la m\u00e9tropole, pour les usagers de toutes situations, avec la pr\u00e9occupation port\u00e9e sur des personnels en nombre suffisant.<\/p>\n\n\n\n<p>La m\u00e9tropole, en lien avec les communes et les services sociaux, a mis en place des tarifications sociales pour les usagers des services publics de l\u2019eau, de l\u2019assainissement, encore insuffisantes concernant les services publics de mobilit\u00e9s (comp\u00e9tence transf\u00e9r\u00e9e au syndicat mixte SMMAG). Pour les autres services publics&nbsp;notamment de l\u2019\u00e9nergie, avec les CCAS, organiser des aides cibl\u00e9es.&nbsp;<\/p>\n\n\n\n<p>La m\u00e9tropole peut programmer sur dix ans une politique sociale avec une politique \u00e9cologique dans toutes ces politiques.<\/p>\n\n\n\n<p>Rien ne se fera sans une r\u00e9elle coop\u00e9ration entre les communes et la m\u00e9tropole et trop d\u2019\u00e9nergie est d\u00e9pens\u00e9e inutilement pour accentuer des divergences qui peuvent \u00eatre surmont\u00e9es si tout le monde y met du sien, et agit en commun pour le bien commun.<\/p>\n\n\n\n<hr class=\"wp-block-separator\"\/>\n\n\n\n<div class=\"wp-block-columns is-layout-flex wp-container-core-columns-is-layout-9d6595d7 wp-block-columns-is-layout-flex\">\n<div class=\"wp-block-column is-layout-flow wp-block-column-is-layout-flow\" style=\"flex-basis:100%\">\n<div class=\"wp-block-group\"><div class=\"wp-block-group__inner-container is-layout-flow wp-block-group-is-layout-flow\">\n<div class=\"wp-block-columns is-layout-flex wp-container-core-columns-is-layout-9d6595d7 wp-block-columns-is-layout-flex\">\n<div class=\"wp-block-column is-layout-flow wp-block-column-is-layout-flow\" style=\"flex-basis:100%\">\n<div class=\"wp-block-group\"><div class=\"wp-block-group__inner-container is-layout-flow wp-block-group-is-layout-flow\">\n<p>[1] Sch\u00e9ma directeur de l\u2019\u00e9nergie\u00a0; Sch\u00e9ma directeur des d\u00e9chets\u00a0; Sch\u00e9ma directeur des espaces \u00e9conomiques\u00a0; Plan local d\u2019urbanisme intercommunal (PLUi)\u00a0; Plan de d\u00e9placements urbains (PDU)\u00a0; Zone \u00e0 faibles \u00e9missions mobilit\u00e9s (ZFE)\u00a0; Programme cadre de renouvellement urbain\u00a0; Programme local de l\u2019habitat (PLH)\u00a0; Plan climat air \u00e9nergie territorial\u00a0; Plan de pr\u00e9vention du bruit dans l\u2019environnement\u00a0; Plan d\u2019actions en faveur de la politique cyclable\u00a0; R\u00e8glement local de publicit\u00e9 intercommunal (RLPi)\u00a0; D\u00e9lib\u00e9ration cadre pour l&rsquo;exercice des comp\u00e9tences eau potable, assainissement, d\u00e9fense ext\u00e9rieure contre l&rsquo;incendie et eaux pluviales 2021-2026\u00a0; D\u00e9lib\u00e9ration cadre pour l&rsquo;exercice de la comp\u00e9tence Gestion des Milieux Aquatiques et Pr\u00e9vention des Inondations (GEMAPI).<\/p>\n<\/div><\/div>\n<\/div>\n<\/div>\n<\/div><\/div>\n<\/div>\n<\/div>\n","protected":false},"excerpt":{"rendered":"<p>Lors du Conseil de la m\u00e9tropole du 4 f\u00e9vrier 2022, seront d\u00e9battues les orientations budg\u00e9taires pour les ann\u00e9es 2022 et suivantes, le vote du budget \u00e9tant \u00e0 l\u2019ordre du jour du conseil suivant. La m\u00e9tropole a d\u00e9cid\u00e9 de mettre en place une strat\u00e9gie budg\u00e9taire adapt\u00e9e aux exigences des transitions sociales, \u00e9cologiques et \u00e9nerg\u00e9tiques, permettant de [&hellip;]<\/p>\n","protected":false},"author":1,"featured_media":0,"comment_status":"closed","ping_status":"open","sticky":false,"template":"","format":"standard","meta":{"twitterCardType":"","cardImageID":0,"cardImage":"","cardTitle":"","cardDesc":"","cardImageAlt":"","cardPlayer":"","cardPlayerWidth":0,"cardPlayerHeight":0,"cardPlayerStream":"","cardPlayerCodec":"","footnotes":""},"categories":[62,11,1],"tags":[60,378,280],"class_list":["post-19798","post","type-post","status-publish","format-standard","hentry","category-le-rouge-le-vert-hebdo","category-politique-locale","category-actus","tag-bilan-de-mandat","tag-majorite","tag-metropole"],"_links":{"self":[{"href":"https:\/\/www.ades-grenoble.org\/wordpress\/wp-json\/wp\/v2\/posts\/19798","targetHints":{"allow":["GET"]}}],"collection":[{"href":"https:\/\/www.ades-grenoble.org\/wordpress\/wp-json\/wp\/v2\/posts"}],"about":[{"href":"https:\/\/www.ades-grenoble.org\/wordpress\/wp-json\/wp\/v2\/types\/post"}],"author":[{"embeddable":true,"href":"https:\/\/www.ades-grenoble.org\/wordpress\/wp-json\/wp\/v2\/users\/1"}],"replies":[{"embeddable":true,"href":"https:\/\/www.ades-grenoble.org\/wordpress\/wp-json\/wp\/v2\/comments?post=19798"}],"version-history":[{"count":1,"href":"https:\/\/www.ades-grenoble.org\/wordpress\/wp-json\/wp\/v2\/posts\/19798\/revisions"}],"predecessor-version":[{"id":19799,"href":"https:\/\/www.ades-grenoble.org\/wordpress\/wp-json\/wp\/v2\/posts\/19798\/revisions\/19799"}],"wp:attachment":[{"href":"https:\/\/www.ades-grenoble.org\/wordpress\/wp-json\/wp\/v2\/media?parent=19798"}],"wp:term":[{"taxonomy":"category","embeddable":true,"href":"https:\/\/www.ades-grenoble.org\/wordpress\/wp-json\/wp\/v2\/categories?post=19798"},{"taxonomy":"post_tag","embeddable":true,"href":"https:\/\/www.ades-grenoble.org\/wordpress\/wp-json\/wp\/v2\/tags?post=19798"}],"curies":[{"name":"wp","href":"https:\/\/api.w.org\/{rel}","templated":true}]}}