{"id":19822,"date":"2022-02-04T12:15:52","date_gmt":"2022-02-04T11:15:52","guid":{"rendered":"https:\/\/www.ades-grenoble.org\/wordpress\/?p=19822"},"modified":"2022-02-04T12:44:32","modified_gmt":"2022-02-04T11:44:32","slug":"le-devenir-dactis-nest-toujours-pas-stabilise","status":"publish","type":"post","link":"https:\/\/www.ades-grenoble.org\/wordpress\/2022\/02\/04\/le-devenir-dactis-nest-toujours-pas-stabilise\/","title":{"rendered":"Le devenir d\u2019ACTIS n\u2019est toujours pas stabilis\u00e9"},"content":{"rendered":"\n<div class=\"wp-block-image is-style-default\"><figure class=\"alignleft size-large\"><img loading=\"lazy\" decoding=\"async\" width=\"165\" height=\"103\" src=\"https:\/\/www.ades-grenoble.org\/wordpress\/wp-content\/uploads\/2015\/06\/Actis.jpg\" alt=\"\" class=\"wp-image-10352\" srcset=\"https:\/\/www.ades-grenoble.org\/wordpress\/wp-content\/uploads\/2015\/06\/Actis.jpg 165w, https:\/\/www.ades-grenoble.org\/wordpress\/wp-content\/uploads\/2015\/06\/Actis-150x94.jpg 150w\" sizes=\"auto, (max-width: 165px) 100vw, 165px\" \/><\/figure><\/div>\n\n\n\n<p>Lors du dernier conseil d\u2019administration d\u2019ACTIS, il a \u00e9t\u00e9 indiqu\u00e9 que le rapprochement avec la SEM Grenoble Habitat n\u2019\u00e9tait plus recherch\u00e9 et que d\u2019autres voies pour trouver des partenaires \u00e9taient examin\u00e9es, le conseil de la M\u00e9tro, en tire les cons\u00e9quences le 4 f\u00e9vrier 2022.<\/p>\n\n\n\n<p>Le Conseil retirera la d\u00e9lib\u00e9ration du 21 mai 2021 qui indiquait la volont\u00e9 de construire une soci\u00e9t\u00e9 anonyme de coordination (SAC) entre ACTIS et Grenoble Habitat, pour assurer l\u2019avenir \u00e0 court terme d\u2019ACTIS qui n\u2019ayant pas les 12 000 logements impos\u00e9s par la loi Elan se devait de rejoindre une SAC, sinon c\u2019est le gouvernement qui lui imposerait de rejoindre une SAC existante.<\/p>\n\n\n\n<p>La ville de Grenoble avait indiqu\u00e9 dans une d\u00e9lib\u00e9ration du 12 juillet 2021 son accord pour une SAC entre ACTIS et Grenoble Habitat. Comme Grenoble n\u2019a plus la comp\u00e9tence du logement social, la ville a pr\u00e9cis\u00e9 qu\u2019elle donnait son accord \u00e0 la condition que la M\u00e9tro lui ach\u00e8te au moins les 2\/3 de ses actions dans GH afin de devenir l\u2019actionnaire de r\u00e9f\u00e9rence dans la SEM.<\/p>\n\n\n\n<!--more-->\n\n\n\n<p>La M\u00e9tro pouvait facilement se rembourser de cet achat si ACTIS fusionnait avec Grenoble Habitat dans une grande SEM puisque la valorisation d\u2019ACTIS \u00e9tait d\u2019environ 200 M\u20ac et revenait \u00e0 la M\u00e9tro.<\/p>\n\n\n\n<p>Mais la nouvelle position d\u2019ACTIS met fin \u00e0 cette possibilit\u00e9. En cons\u00e9quence ACTIS doit rechercher rapidement une solution.<\/p>\n\n\n\n<p>Deux solutions sont \u00e9tudi\u00e9es, la plus \u00e9vidente car existante, c\u2019est qu\u2019ACTIS rejoigne la Soci\u00e9t\u00e9 de Coordination Entre Rh\u00f4ne Et Alpes (SCEREA) existante. Cette SAC regroupe l\u2019OPH du d\u00e9partement (AIH) et celui de Vienne (Advivo). Mais SCEREA sera t\u2019elle d\u2019accord avec les propositions pos\u00e9es par la m\u00e9tropole et ACTIS pour l\u2019\u00e9largissement \u00e0 trois de la SAC&nbsp;?<\/p>\n\n\n\n<p>Une deuxi\u00e8me plus probl\u00e9matique, car il n\u2019est pas certain que cela r\u00e9ponde aux exigences de la loi Elan, c\u2019est la cr\u00e9ation d\u2019une SAC avec la petite SEM LPV de Vizille qui est li\u00e9e \u00e0 un groupement avec le bailleur Pluralis.<\/p>\n\n\n\n<p>Le conseil de m\u00e9tropole du 4 f\u00e9vrier propose donc d\u2019abroger la d\u00e9lib\u00e9ration du Conseil m\u00e9tropolitain du 21 mai 2021, portant sur le rapprochement d\u2019ACTIS avec Grenoble Habitat et de confirmer les d\u00e9marches en cours visant \u00e0 int\u00e9grer ACTIS au sein de la Soci\u00e9t\u00e9 de Coordination Entre Rh\u00f4ne Et Alpes existante (SCEREA) ou la constitution d\u2019une nouvelle soci\u00e9t\u00e9 de coordination avec la SAIEM Logement du Pays de Vizille (LPV), avec comme sc\u00e9nario pr\u00e9f\u00e9rentiel l\u2019int\u00e9gration dans SCEREA. La M\u00e9tro vise la mise en conformit\u00e9 d\u2019ACTIS avec la loi ELAN d\u2019ici la fin du premier semestre 2022. Restera au conseil d\u2019administration d\u2019ACTIS de valider la solution trouv\u00e9e. Ensuite il sera temps d\u2019analyser les cons\u00e9quences des ind\u00e9cisions successives de la m\u00e9tropole sur ce dossier pourtant strat\u00e9gique pour la politique sociale du logement.<\/p>\n","protected":false},"excerpt":{"rendered":"<p>Lors du dernier conseil d\u2019administration d\u2019ACTIS, il a \u00e9t\u00e9 indiqu\u00e9 que le rapprochement avec la SEM Grenoble Habitat n\u2019\u00e9tait plus recherch\u00e9 et que d\u2019autres voies pour trouver des partenaires \u00e9taient examin\u00e9es, le conseil de la M\u00e9tro, en tire les cons\u00e9quences le 4 f\u00e9vrier 2022. Le Conseil retirera la d\u00e9lib\u00e9ration du 21 mai 2021 qui indiquait [&hellip;]<\/p>\n","protected":false},"author":1,"featured_media":0,"comment_status":"closed","ping_status":"open","sticky":false,"template":"","format":"standard","meta":{"twitterCardType":"","cardImageID":0,"cardImage":"","cardTitle":"","cardDesc":"","cardImageAlt":"","cardPlayer":"","cardPlayerWidth":0,"cardPlayerHeight":0,"cardPlayerStream":"","cardPlayerCodec":"","footnotes":""},"categories":[62,11],"tags":[66,280,33],"class_list":["post-19822","post","type-post","status-publish","format-standard","hentry","category-le-rouge-le-vert-hebdo","category-politique-locale","tag-logement","tag-metropole","tag-social"],"_links":{"self":[{"href":"https:\/\/www.ades-grenoble.org\/wordpress\/wp-json\/wp\/v2\/posts\/19822","targetHints":{"allow":["GET"]}}],"collection":[{"href":"https:\/\/www.ades-grenoble.org\/wordpress\/wp-json\/wp\/v2\/posts"}],"about":[{"href":"https:\/\/www.ades-grenoble.org\/wordpress\/wp-json\/wp\/v2\/types\/post"}],"author":[{"embeddable":true,"href":"https:\/\/www.ades-grenoble.org\/wordpress\/wp-json\/wp\/v2\/users\/1"}],"replies":[{"embeddable":true,"href":"https:\/\/www.ades-grenoble.org\/wordpress\/wp-json\/wp\/v2\/comments?post=19822"}],"version-history":[{"count":1,"href":"https:\/\/www.ades-grenoble.org\/wordpress\/wp-json\/wp\/v2\/posts\/19822\/revisions"}],"predecessor-version":[{"id":19823,"href":"https:\/\/www.ades-grenoble.org\/wordpress\/wp-json\/wp\/v2\/posts\/19822\/revisions\/19823"}],"wp:attachment":[{"href":"https:\/\/www.ades-grenoble.org\/wordpress\/wp-json\/wp\/v2\/media?parent=19822"}],"wp:term":[{"taxonomy":"category","embeddable":true,"href":"https:\/\/www.ades-grenoble.org\/wordpress\/wp-json\/wp\/v2\/categories?post=19822"},{"taxonomy":"post_tag","embeddable":true,"href":"https:\/\/www.ades-grenoble.org\/wordpress\/wp-json\/wp\/v2\/tags?post=19822"}],"curies":[{"name":"wp","href":"https:\/\/api.w.org\/{rel}","templated":true}]}}