{"id":19840,"date":"2022-02-11T12:47:17","date_gmt":"2022-02-11T11:47:17","guid":{"rendered":"https:\/\/www.ades-grenoble.org\/wordpress\/?p=19840"},"modified":"2022-02-11T13:29:36","modified_gmt":"2022-02-11T12:29:36","slug":"nouvelle-quantification-de-lecoulement-et-du-volume-des-glaciers-du-monde-entier","status":"publish","type":"post","link":"https:\/\/www.ades-grenoble.org\/wordpress\/2022\/02\/11\/nouvelle-quantification-de-lecoulement-et-du-volume-des-glaciers-du-monde-entier\/","title":{"rendered":"Nouvelle quantification de l\u2019\u00e9coulement et du volume des glaciers du monde entier"},"content":{"rendered":"\n<div class=\"wp-block-image is-style-default\"><figure class=\"alignleft size-large\"><img loading=\"lazy\" decoding=\"async\" width=\"400\" height=\"180\" src=\"https:\/\/www.ades-grenoble.org\/wordpress\/wp-content\/uploads\/2021\/04\/Le-glacier-de-Sarennes-en-2016.jpg\" alt=\"\" class=\"wp-image-18697\" srcset=\"https:\/\/www.ades-grenoble.org\/wordpress\/wp-content\/uploads\/2021\/04\/Le-glacier-de-Sarennes-en-2016.jpg 400w, https:\/\/www.ades-grenoble.org\/wordpress\/wp-content\/uploads\/2021\/04\/Le-glacier-de-Sarennes-en-2016-150x68.jpg 150w, https:\/\/www.ades-grenoble.org\/wordpress\/wp-content\/uploads\/2021\/04\/Le-glacier-de-Sarennes-en-2016-300x135.jpg 300w\" sizes=\"auto, (max-width: 400px) 100vw, 400px\" \/><figcaption>\u00a9 Emmanuel Thibert \/ INRAE<\/figcaption><\/figure><\/div>\n\n\n\n<p>L\u2019\u00e9tude \u00ab&nbsp;<em>Ice velocity and thickness of the world\u2019s glaciers<\/em>\u201d, publi\u00e9e le&nbsp;7 f\u00e9vrier 2022&nbsp;dans&nbsp;Nature Geoscience, par des chercheurs de l\u2019Institut des g\u00e9osciences de l\u2019environnement (CNRS\/Universit\u00e9 Grenoble Alpes\/IRD\/Grenoble INP) et du Dartmouth College (\u00c9tats-Unis). Elle permet de mesurer le volume des glaciers du monde entier, leur \u00e9volution et les cons\u00e9quences concernant l\u2019alimentation en eau des populations. Elle est bas\u00e9e sur les images des satellites Sentinel (ESA) et Landsat (NASA) trait\u00e9es sur les serveurs de l\u2019Universit\u00e9 Grenoble Alpes (plus d\u2019un million d\u2019heures de calcul), elle a \u00e9t\u00e9 soutenue par le CNES.<\/p>\n\n\n\n<!--more-->\n\n\n\n<p>Dans les r\u00e9gions montagneuses, telles que les Andes ou l\u2019Himalaya, de nombreuses populations d\u00e9pendent des glaciers pour leur alimentation en eau. Or l\u2019\u00e9volution de ces ressources, tout comme les projections de hausse du niveau marin, d\u00e9pendent grandement du volume et de l\u2019\u00e9paisseur des glaciers, encore mal \u00e9valu\u00e9s. En \u00e9tudiant plus de 800\u00a0000 paires d\u2019images satellite, des chercheurs \u00e9tablissent la premi\u00e8re carte globale des vitesses d\u2019\u00e9coulement de 98 % des glaciers terrestres (plus de 200\u00a0000). Comme les glaciers s\u2019\u00e9coulent sous l\u2019effet de leur poids, la connaissance de cette vitesse permet d\u2019estimer l\u2019\u00e9paisseur et la r\u00e9partition spatiale de la glace, celles-ci conditionnent \u00e0 la fois le volume total de ces r\u00e9servoirs d\u2019eau et leur contribution future \u00e0 la hausse du niveau des mers. Cette \u00e9tude sugg\u00e8re notamment, que dans les bassins de l\u2019Indus et du Chenab (Himalaya), les stocks d\u2019eau sont sup\u00e9rieurs d\u2019un tiers par rapport aux \u00e9tudes pr\u00e9c\u00e9dentes, qui ne b\u00e9n\u00e9ficiaient pas de ces nouvelles donn\u00e9es satellitaires. Mais l\u2019eau stock\u00e9e dans les glaciers des Andes tropicales, dont d\u00e9pendent plus de 4 millions de personnes, serait en quantit\u00e9 jusqu\u2019\u00e0 23\u00a0% plus faible. Voir sur <a rel=\"noreferrer noopener\" href=\"https:\/\/www.cnrs.fr\/fr\/nouvelle-quantification-de-lecoulement-et-du-volume-des-glaciers-du-monde-entier\" target=\"_blank\">le site du CNRS<\/a> <strong> <\/strong>des vid\u00e9os et des cartes des diff\u00e9rentes chaines de montagnes dont les alpes o\u00f9 on peut y retrouver <a rel=\"noreferrer noopener\" href=\"http:\/\/ige-vis.univ-grenoble-alpes.fr\/glaciers\/index.html\" target=\"_blank\">Grenoble et ses chaines de montagne<\/a>.<\/p>\n","protected":false},"excerpt":{"rendered":"<p>L\u2019\u00e9tude \u00ab&nbsp;Ice velocity and thickness of the world\u2019s glaciers\u201d, publi\u00e9e le&nbsp;7 f\u00e9vrier 2022&nbsp;dans&nbsp;Nature Geoscience, par des chercheurs de l\u2019Institut des g\u00e9osciences de l\u2019environnement (CNRS\/Universit\u00e9 Grenoble Alpes\/IRD\/Grenoble INP) et du Dartmouth College (\u00c9tats-Unis). Elle permet de mesurer le volume des glaciers du monde entier, leur \u00e9volution et les cons\u00e9quences concernant l\u2019alimentation en eau des populations. Elle [&hellip;]<\/p>\n","protected":false},"author":1,"featured_media":0,"comment_status":"closed","ping_status":"open","sticky":false,"template":"","format":"standard","meta":{"twitterCardType":"","cardImageID":0,"cardImage":"","cardTitle":"","cardDesc":"","cardImageAlt":"","cardPlayer":"","cardPlayerWidth":0,"cardPlayerHeight":0,"cardPlayerStream":"","cardPlayerCodec":"","footnotes":""},"categories":[62,11],"tags":[223,69,185,267],"class_list":["post-19840","post","type-post","status-publish","format-standard","hentry","category-le-rouge-le-vert-hebdo","category-politique-locale","tag-climat","tag-ens-superieur-et-recherche","tag-montagne","tag-universite"],"_links":{"self":[{"href":"https:\/\/www.ades-grenoble.org\/wordpress\/wp-json\/wp\/v2\/posts\/19840","targetHints":{"allow":["GET"]}}],"collection":[{"href":"https:\/\/www.ades-grenoble.org\/wordpress\/wp-json\/wp\/v2\/posts"}],"about":[{"href":"https:\/\/www.ades-grenoble.org\/wordpress\/wp-json\/wp\/v2\/types\/post"}],"author":[{"embeddable":true,"href":"https:\/\/www.ades-grenoble.org\/wordpress\/wp-json\/wp\/v2\/users\/1"}],"replies":[{"embeddable":true,"href":"https:\/\/www.ades-grenoble.org\/wordpress\/wp-json\/wp\/v2\/comments?post=19840"}],"version-history":[{"count":1,"href":"https:\/\/www.ades-grenoble.org\/wordpress\/wp-json\/wp\/v2\/posts\/19840\/revisions"}],"predecessor-version":[{"id":19841,"href":"https:\/\/www.ades-grenoble.org\/wordpress\/wp-json\/wp\/v2\/posts\/19840\/revisions\/19841"}],"wp:attachment":[{"href":"https:\/\/www.ades-grenoble.org\/wordpress\/wp-json\/wp\/v2\/media?parent=19840"}],"wp:term":[{"taxonomy":"category","embeddable":true,"href":"https:\/\/www.ades-grenoble.org\/wordpress\/wp-json\/wp\/v2\/categories?post=19840"},{"taxonomy":"post_tag","embeddable":true,"href":"https:\/\/www.ades-grenoble.org\/wordpress\/wp-json\/wp\/v2\/tags?post=19840"}],"curies":[{"name":"wp","href":"https:\/\/api.w.org\/{rel}","templated":true}]}}