{"id":19842,"date":"2022-02-11T12:51:39","date_gmt":"2022-02-11T11:51:39","guid":{"rendered":"https:\/\/www.ades-grenoble.org\/wordpress\/?p=19842"},"modified":"2022-02-11T13:29:40","modified_gmt":"2022-02-11T12:29:40","slug":"traite-de-non-proliferation-des-combustibles-fossiles","status":"publish","type":"post","link":"https:\/\/www.ades-grenoble.org\/wordpress\/2022\/02\/11\/traite-de-non-proliferation-des-combustibles-fossiles\/","title":{"rendered":"Trait\u00e9 de non-prolif\u00e9ration des combustibles fossiles"},"content":{"rendered":"\n<div class=\"wp-block-image is-style-rounded\"><figure class=\"alignleft size-large\"><img loading=\"lazy\" decoding=\"async\" width=\"400\" height=\"300\" src=\"https:\/\/www.ades-grenoble.org\/wordpress\/wp-content\/uploads\/2014\/04\/Metro100114-e1397902231988.jpg\" alt=\"\" class=\"wp-image-8442\"\/><\/figure><\/div>\n\n\n\n<p>Le 7 f\u00e9vrier, le Conseil municipal de Grenoble a vot\u00e9 un v\u0153u au gouvernement de soutenir l\u2019initiative d\u2019<a href=\"https:\/\/fossilfueltreaty.org\/fra\" target=\"_blank\" rel=\"noreferrer noopener\">un trait\u00e9 de non-prolif\u00e9ration des combustibles fossiles<\/a>. La ville demande de ne plus soutenir directement ou indirectement aucun investissement dans les combustibles fossiles, d\u2019affirmer son engagement envers les objectifs de l\u2019Accord de Paris sur le climat, pour atteindre les objectifs de r\u00e9duction des gaz \u00e0 effet de serre tels que demand\u00e9s par le GIEC et \u00e0 engager les mesures n\u00e9cessaires pour les atteindre.<\/p>\n\n\n\n<p>L\u2019appel \u00e0 un tel trait\u00e9 de non-prolif\u00e9ration est une initiative internationale&nbsp;de plus de 1000 organisations de la soci\u00e9t\u00e9 civile et de grandes villes. Les signataires de l\u2019appel militent pour un arr\u00eat progressif de la prolif\u00e9ration du charbon, du p\u00e9trole et du gaz et la fin de toute nouvelle activit\u00e9 d&rsquo;exploration et de production,<\/p>\n\n\n\n<!--more-->\n\n\n\n<p><em>\u2026&nbsp;\u00abLe changement climatique, tout comme les armes nucl\u00e9aires, constitue une menace mondiale majeure.<\/em><\/p>\n\n\n\n<p><em>Des mesures audacieuses et imm\u00e9diates sont n\u00e9cessaires pour faire face \u00e0 l&rsquo;urgence climatique.<\/em><\/p>\n\n\n\n<p><em>Les combustibles fossiles sont la principale cause de l&rsquo;urgence climatique. Charbon, p\u00e9trole et gaz sont responsables de pr\u00e8s de 80 % de toutes les \u00e9missions de dioxyde de carbone depuis le d\u00e9but de la r\u00e9volution industrielle.<\/em><\/p>\n\n\n\n<p><em>Nous devons aujourd\u2019hui imp\u00e9rativement coop\u00e9rer \u00e0 l\u2019\u00e9chelle internationale pour progressivement abandonner toute production de combustibles fossiles et trouver des solutions plus s\u00fbres et efficaces, et ce, dans trois domaines principaux : la non-prolif\u00e9ration, un d\u00e9sarmement mondial, une transition pacifique et juste.<\/em><\/p>\n\n\n\n<p><em>Selon les Nations Unies et d&rsquo;autres organisations, le monde est bien parti pour produire deux fois plus de charbon, de p\u00e9trole et de gaz d&rsquo;ici 2030 que ce qui a \u00e9t\u00e9 fix\u00e9 comme compatible avec une hausse de moins de 1,5 \u00b0C de la temp\u00e9rature mondiale. Nous devons mettre imm\u00e9diatement fin \u00e0 l&rsquo;exploration de nouvelles r\u00e9serves et \u00e0 l&rsquo;exploitation de nouveaux gisements pour emp\u00eacher la prolif\u00e9ration des combustibles fossiles nuisibles, prot\u00e9ger les travailleuses et les travailleurs ainsi que les collectivit\u00e9s, s\u00e9curiser les investissements et \u00e9viter que le monde ne s&rsquo;enlise dans une catastrophe climatique dont les bouleversements seraient irr\u00e9versibles.&nbsp;\u00bb<\/em><\/p>\n\n\n\n<p>Pour lire le v\u0153u du Conseil municipal du 7 f\u00e9vrier\u00a0voir <a rel=\"noreferrer noopener\" href=\"https:\/\/www.grenobleencommun.fr\/voeu-affirmant-lengagement-continu-de-la-ville-de-grenoble-envers-les-objectifs-de-laccord-de-paris-sur-le-climat-et-le-soutien-au-traite-de-non-proliferation-des-combustibles-fossiles\/\" target=\"_blank\">ici<\/a>.<\/p>\n","protected":false},"excerpt":{"rendered":"<p>Le 7 f\u00e9vrier, le Conseil municipal de Grenoble a vot\u00e9 un v\u0153u au gouvernement de soutenir l\u2019initiative d\u2019un trait\u00e9 de non-prolif\u00e9ration des combustibles fossiles. La ville demande de ne plus soutenir directement ou indirectement aucun investissement dans les combustibles fossiles, d\u2019affirmer son engagement envers les objectifs de l\u2019Accord de Paris sur le climat, pour atteindre [&hellip;]<\/p>\n","protected":false},"author":1,"featured_media":0,"comment_status":"closed","ping_status":"open","sticky":false,"template":"","format":"standard","meta":{"twitterCardType":"","cardImageID":0,"cardImage":"","cardTitle":"","cardDesc":"","cardImageAlt":"","cardPlayer":"","cardPlayerWidth":0,"cardPlayerHeight":0,"cardPlayerStream":"","cardPlayerCodec":"","footnotes":""},"categories":[62,11],"tags":[67,215,165],"class_list":["post-19842","post","type-post","status-publish","format-standard","hentry","category-le-rouge-le-vert-hebdo","category-politique-locale","tag-conseil-municipal","tag-grenoble","tag-voeux"],"_links":{"self":[{"href":"https:\/\/www.ades-grenoble.org\/wordpress\/wp-json\/wp\/v2\/posts\/19842","targetHints":{"allow":["GET"]}}],"collection":[{"href":"https:\/\/www.ades-grenoble.org\/wordpress\/wp-json\/wp\/v2\/posts"}],"about":[{"href":"https:\/\/www.ades-grenoble.org\/wordpress\/wp-json\/wp\/v2\/types\/post"}],"author":[{"embeddable":true,"href":"https:\/\/www.ades-grenoble.org\/wordpress\/wp-json\/wp\/v2\/users\/1"}],"replies":[{"embeddable":true,"href":"https:\/\/www.ades-grenoble.org\/wordpress\/wp-json\/wp\/v2\/comments?post=19842"}],"version-history":[{"count":1,"href":"https:\/\/www.ades-grenoble.org\/wordpress\/wp-json\/wp\/v2\/posts\/19842\/revisions"}],"predecessor-version":[{"id":19843,"href":"https:\/\/www.ades-grenoble.org\/wordpress\/wp-json\/wp\/v2\/posts\/19842\/revisions\/19843"}],"wp:attachment":[{"href":"https:\/\/www.ades-grenoble.org\/wordpress\/wp-json\/wp\/v2\/media?parent=19842"}],"wp:term":[{"taxonomy":"category","embeddable":true,"href":"https:\/\/www.ades-grenoble.org\/wordpress\/wp-json\/wp\/v2\/categories?post=19842"},{"taxonomy":"post_tag","embeddable":true,"href":"https:\/\/www.ades-grenoble.org\/wordpress\/wp-json\/wp\/v2\/tags?post=19842"}],"curies":[{"name":"wp","href":"https:\/\/api.w.org\/{rel}","templated":true}]}}