{"id":19844,"date":"2022-02-11T13:03:20","date_gmt":"2022-02-11T12:03:20","guid":{"rendered":"https:\/\/www.ades-grenoble.org\/wordpress\/?p=19844"},"modified":"2022-02-11T13:29:45","modified_gmt":"2022-02-11T12:29:45","slug":"le-marche-des-logements-anciens-dans-la-metropole-en-2020","status":"publish","type":"post","link":"https:\/\/www.ades-grenoble.org\/wordpress\/2022\/02\/11\/le-marche-des-logements-anciens-dans-la-metropole-en-2020\/","title":{"rendered":"Le march\u00e9 des logements anciens dans la m\u00e9tropole en 2020"},"content":{"rendered":"\n<div class=\"wp-block-image is-style-default\"><figure class=\"alignleft size-large\"><img loading=\"lazy\" decoding=\"async\" width=\"300\" height=\"200\" src=\"https:\/\/www.ades-grenoble.org\/wordpress\/wp-content\/uploads\/2018\/08\/Grenoble.jpg\" alt=\"\" class=\"wp-image-14644\" srcset=\"https:\/\/www.ades-grenoble.org\/wordpress\/wp-content\/uploads\/2018\/08\/Grenoble.jpg 300w, https:\/\/www.ades-grenoble.org\/wordpress\/wp-content\/uploads\/2018\/08\/Grenoble-150x100.jpg 150w\" sizes=\"auto, (max-width: 300px) 100vw, 300px\" \/><\/figure><\/div>\n\n\n\n<p>Dans un contexte fortement marqu\u00e9 par la crise sanitaire, <a href=\"https:\/\/www.obsy.fr\/_files\/ugd\/c935a0_4405efda0403441989eb30341eb6647f.pdf\" target=\"_blank\" rel=\"noreferrer noopener\">le march\u00e9 de l\u2019immobilier ancien a montr\u00e9 une certaine r\u00e9silience sur le territoire de la m\u00e9tropole grenobloise (GAM)<\/a> et plus largement en Is\u00e8re. Les volumes bien qu\u2019en baisse, sont rest\u00e9s \u00e0 un niveau \u00e9lev\u00e9 (-5% GAM et -4% Is\u00e8re par rapport \u00e0 l\u2019ann\u00e9e 2019 particuli\u00e8rement dynamique). Avec un nombre de ventes en baisse, le march\u00e9 de l\u2019ancien a \u00e9t\u00e9 particuli\u00e8rement tendu et les prix ont fortement progress\u00e9s, tant pour les logements collectifs que pour les maisons individuelles.<\/p>\n\n\n\n<p>Du c\u00f4t\u00e9 des prix, la tendance observ\u00e9e depuis plusieurs ann\u00e9es s\u2019inverse avec une augmentation de la valeur au m\u00e8tre carr\u00e9. Le volume de vente dans l\u2019ancien a diminu\u00e9 de 4 % en moyenne pour les appartements et de plus de 10% pour les maisons individuelles. Malgr\u00e9 cette diminution, le nombre total de transactions demeure important avec pour cons\u00e9quence directe : des prix \u00e0 la hausse pour les appartements dans l\u2019ancien (+4%), et<br>pour les maisons individuelles (+5%). Les taux d\u2019int\u00e9r\u00eat toujours bas ont favoris\u00e9 les acquisitions.&nbsp;<\/p>\n\n\n\n<!--more-->\n\n\n\n<p>En 2020, le prix au m\u00b2 m\u00e9dian des appartements anciens dans la M\u00e9tropole s\u2019\u00e9tablit \u00e0 2220\u20ac\/m\u00b2 pour une surface m\u00e9diane de 67m\u00b2, soit une augmentation de 90\u20ac\/m\u00b2 (+4% en un an, en 2019 les prix progressaient de 2%).<\/p>\n\n\n\n<div class=\"wp-block-image is-style-default\"><figure class=\"aligncenter size-large\"><img loading=\"lazy\" decoding=\"async\" width=\"800\" height=\"585\" src=\"https:\/\/www.ades-grenoble.org\/wordpress\/wp-content\/uploads\/2022\/02\/VentesAncien.jpg\" alt=\"\" class=\"wp-image-19848\" srcset=\"https:\/\/www.ades-grenoble.org\/wordpress\/wp-content\/uploads\/2022\/02\/VentesAncien.jpg 800w, https:\/\/www.ades-grenoble.org\/wordpress\/wp-content\/uploads\/2022\/02\/VentesAncien-300x219.jpg 300w, https:\/\/www.ades-grenoble.org\/wordpress\/wp-content\/uploads\/2022\/02\/VentesAncien-150x110.jpg 150w, https:\/\/www.ades-grenoble.org\/wordpress\/wp-content\/uploads\/2022\/02\/VentesAncien-768x562.jpg 768w, https:\/\/www.ades-grenoble.org\/wordpress\/wp-content\/uploads\/2022\/02\/VentesAncien-600x439.jpg 600w\" sizes=\"auto, (max-width: 800px) 100vw, 800px\" \/><\/figure><\/div>\n\n\n\n<figure class=\"wp-block-image size-large is-style-default\"><img loading=\"lazy\" decoding=\"async\" width=\"800\" height=\"375\" src=\"https:\/\/www.ades-grenoble.org\/wordpress\/wp-content\/uploads\/2022\/02\/TypologieApparts.jpg\" alt=\"\" class=\"wp-image-19846\" srcset=\"https:\/\/www.ades-grenoble.org\/wordpress\/wp-content\/uploads\/2022\/02\/TypologieApparts.jpg 800w, https:\/\/www.ades-grenoble.org\/wordpress\/wp-content\/uploads\/2022\/02\/TypologieApparts-300x141.jpg 300w, https:\/\/www.ades-grenoble.org\/wordpress\/wp-content\/uploads\/2022\/02\/TypologieApparts-150x70.jpg 150w, https:\/\/www.ades-grenoble.org\/wordpress\/wp-content\/uploads\/2022\/02\/TypologieApparts-768x360.jpg 768w, https:\/\/www.ades-grenoble.org\/wordpress\/wp-content\/uploads\/2022\/02\/TypologieApparts-600x281.jpg 600w\" sizes=\"auto, (max-width: 800px) 100vw, 800px\" \/><\/figure>\n\n\n\n<p>Concernant les appartements, l\u2019\u00e9cart de prix le plus important se situe entre les biens les plus r\u00e9cents (construits apr\u00e8s 1990) et ceux construits entre 1950 et 1975, offrant souvent un b\u00e2ti peu qualitatif. Avec un niveau de prix m\u00e9dian de 1 930\u20ac\/m\u00b2, l\u2019\u00e9cart est de 760\u20ac\/m\u00b2 soit 39% de moins par rapport aux logements construits apr\u00e8s 1990. L\u2019\u00e9cart de prix d\u00e9pend beaucoup de l\u2019\u00e9tiquette \u00e9nerg\u00e9tique de la construction.<\/p>\n\n\n\n<div class=\"wp-block-image is-style-default\"><figure class=\"aligncenter size-large\"><img loading=\"lazy\" decoding=\"async\" width=\"729\" height=\"1024\" src=\"https:\/\/www.ades-grenoble.org\/wordpress\/wp-content\/uploads\/2022\/02\/Impacts-729x1024.jpg\" alt=\"\" class=\"wp-image-19845\" srcset=\"https:\/\/www.ades-grenoble.org\/wordpress\/wp-content\/uploads\/2022\/02\/Impacts-729x1024.jpg 729w, https:\/\/www.ades-grenoble.org\/wordpress\/wp-content\/uploads\/2022\/02\/Impacts-214x300.jpg 214w, https:\/\/www.ades-grenoble.org\/wordpress\/wp-content\/uploads\/2022\/02\/Impacts-107x150.jpg 107w, https:\/\/www.ades-grenoble.org\/wordpress\/wp-content\/uploads\/2022\/02\/Impacts-768x1079.jpg 768w, https:\/\/www.ades-grenoble.org\/wordpress\/wp-content\/uploads\/2022\/02\/Impacts-600x843.jpg 600w, https:\/\/www.ades-grenoble.org\/wordpress\/wp-content\/uploads\/2022\/02\/Impacts.jpg 800w\" sizes=\"auto, (max-width: 729px) 100vw, 729px\" \/><\/figure><\/div>\n","protected":false},"excerpt":{"rendered":"<p>Dans un contexte fortement marqu\u00e9 par la crise sanitaire, le march\u00e9 de l\u2019immobilier ancien a montr\u00e9 une certaine r\u00e9silience sur le territoire de la m\u00e9tropole grenobloise (GAM) et plus largement en Is\u00e8re. Les volumes bien qu\u2019en baisse, sont rest\u00e9s \u00e0 un niveau \u00e9lev\u00e9 (-5% GAM et -4% Is\u00e8re par rapport \u00e0 l\u2019ann\u00e9e 2019 particuli\u00e8rement dynamique). [&hellip;]<\/p>\n","protected":false},"author":1,"featured_media":0,"comment_status":"closed","ping_status":"open","sticky":false,"template":"","format":"standard","meta":{"twitterCardType":"","cardImageID":0,"cardImage":"","cardTitle":"","cardDesc":"","cardImageAlt":"","cardPlayer":"","cardPlayerWidth":0,"cardPlayerHeight":0,"cardPlayerStream":"","cardPlayerCodec":"","footnotes":""},"categories":[62,11],"tags":[294,280],"class_list":["post-19844","post","type-post","status-publish","format-standard","hentry","category-le-rouge-le-vert-hebdo","category-politique-locale","tag-immobilier","tag-metropole"],"_links":{"self":[{"href":"https:\/\/www.ades-grenoble.org\/wordpress\/wp-json\/wp\/v2\/posts\/19844","targetHints":{"allow":["GET"]}}],"collection":[{"href":"https:\/\/www.ades-grenoble.org\/wordpress\/wp-json\/wp\/v2\/posts"}],"about":[{"href":"https:\/\/www.ades-grenoble.org\/wordpress\/wp-json\/wp\/v2\/types\/post"}],"author":[{"embeddable":true,"href":"https:\/\/www.ades-grenoble.org\/wordpress\/wp-json\/wp\/v2\/users\/1"}],"replies":[{"embeddable":true,"href":"https:\/\/www.ades-grenoble.org\/wordpress\/wp-json\/wp\/v2\/comments?post=19844"}],"version-history":[{"count":1,"href":"https:\/\/www.ades-grenoble.org\/wordpress\/wp-json\/wp\/v2\/posts\/19844\/revisions"}],"predecessor-version":[{"id":19849,"href":"https:\/\/www.ades-grenoble.org\/wordpress\/wp-json\/wp\/v2\/posts\/19844\/revisions\/19849"}],"wp:attachment":[{"href":"https:\/\/www.ades-grenoble.org\/wordpress\/wp-json\/wp\/v2\/media?parent=19844"}],"wp:term":[{"taxonomy":"category","embeddable":true,"href":"https:\/\/www.ades-grenoble.org\/wordpress\/wp-json\/wp\/v2\/categories?post=19844"},{"taxonomy":"post_tag","embeddable":true,"href":"https:\/\/www.ades-grenoble.org\/wordpress\/wp-json\/wp\/v2\/tags?post=19844"}],"curies":[{"name":"wp","href":"https:\/\/api.w.org\/{rel}","templated":true}]}}