{"id":19886,"date":"2022-02-25T13:28:28","date_gmt":"2022-02-25T12:28:28","guid":{"rendered":"https:\/\/www.ades-grenoble.org\/wordpress\/?p=19886"},"modified":"2022-02-25T14:31:02","modified_gmt":"2022-02-25T13:31:02","slug":"observatoire-des-droits-des-personnes-en-situation-de-handicap-et-de-leur-famille","status":"publish","type":"post","link":"https:\/\/www.ades-grenoble.org\/wordpress\/2022\/02\/25\/observatoire-des-droits-des-personnes-en-situation-de-handicap-et-de-leur-famille\/","title":{"rendered":"Observatoire des droits des personnes en situation de handicap et de leur famille"},"content":{"rendered":"\n<div class=\"wp-block-image is-style-default\"><figure class=\"alignleft size-large\"><img loading=\"lazy\" decoding=\"async\" width=\"351\" height=\"221\" src=\"https:\/\/www.ades-grenoble.org\/wordpress\/wp-content\/uploads\/2019\/05\/apf_france_handicap.jpg\" alt=\"\" class=\"wp-image-15864\" srcset=\"https:\/\/www.ades-grenoble.org\/wordpress\/wp-content\/uploads\/2019\/05\/apf_france_handicap.jpg 351w, https:\/\/www.ades-grenoble.org\/wordpress\/wp-content\/uploads\/2019\/05\/apf_france_handicap-150x94.jpg 150w, https:\/\/www.ades-grenoble.org\/wordpress\/wp-content\/uploads\/2019\/05\/apf_france_handicap-300x189.jpg 300w\" sizes=\"auto, (max-width: 351px) 100vw, 351px\" \/><\/figure><\/div>\n\n\n\n<p>L\u2019association APF France handicap pr\u00e9sente <a href=\"https:\/\/www.apf-francehandicap.org\/actualite\/publication-de-la-1ere-edition-de-notre-observatoire-des-droits-de-nombreux-obstacles-leur?utm_source=newsletter&amp;utm_medium=email&amp;utm_campaign=fevrier-2022\">la premi\u00e8re \u00e9dition de son observatoire des droits des personnes en situation de handicap et de leur famille<\/a>. Il repose sur l\u2019analyse des questions juridiques pos\u00e9es par les personnes qui sont accueillies dans les d\u00e9l\u00e9gations locales de l\u2019association.<br><br>Cette derni\u00e8re dresse un constat sans appel : dans l\u2019emploi, la sant\u00e9, l\u2019\u00e9cole, le logement\u2026 Les personnes en situation de handicap et leurs proches se heurtent \u00e0 de nombreux obstacles pour faire valoir leurs droits.<\/p>\n\n\n\n<p>Durant le quinquennat Macron, l\u2019analyse d\u00e9montre qu\u2019il n\u2019y a pas eu d\u2019avanc\u00e9e notable sur le sujet et qu\u2019il serait utile que les candidats \u00e0 l\u2019\u00e9lection pr\u00e9sidentielle et aux l\u00e9gislatives s\u2019emparent de cette \u00e9pineuse question, notamment en ce qui concerne le soutien des familles.<\/p>\n\n\n\n<!--more-->\n\n\n\n<p><em>\u00ab&nbsp;\u00c0 la veille du 6\u00e8me Comit\u00e9 interminist\u00e9riel du handicap (CIH), dernier de ce quinquennat, et \u00e0 l\u2019approche de l\u2019\u00e9lection pr\u00e9sidentielle, nous publions la premi\u00e8re \u00e9dition de notre Observatoire des droits r\u00e9alis\u00e9 sur la base des donn\u00e9es recueillies via notre dispositif d\u2019acc\u00e8s aux droits, Handi-Droits, cr\u00e9\u00e9 en 2020. Principal enseignement : les personnes et leur famille se heurtent \u00e0 de nombreux obstacles pour faire valoir leurs droits, tant en termes d\u2019acc\u00e8s \u00e0 l\u2019information que d\u2019application des textes l\u00e9gislatifs et r\u00e9glementaires. Nous esp\u00e9rons vivement que le prochain quinquennat sera l\u2019occasion d\u2019avancer vers une r\u00e9elle effectivit\u00e9 des droits.&nbsp;<\/em><\/p>\n\n\n\n<p><em>Un Observatoire pour mesurer l\u2019effectivit\u00e9 des droits<\/em><\/p>\n\n\n\n<p><em>Parce que la d\u00e9fense des droits et leur promotion sont dans l\u2019ADN de notre association depuis pr\u00e8s de 90 ans, nous avons cr\u00e9\u00e9, en 2020, Handi-Droits, un dispositif national d\u2019acc\u00e8s aux droits au service des droits des personnes en situation de handicap et de leur famille.<\/em><\/p>\n\n\n\n<p><em>Nous r\u00e9pondons ainsi aux questions de ses adh\u00e9rents et de leurs proches dans de nombreux domaines : aides sociales, allocations\/prestations MDPH, assurances, assurance maladie, assurance vieillesse, cartes, discrimination, logement, emploi\/travail, indemnisation, invalidit\u00e9, protection des personnes, sant\u00e9, scolarit\u00e9, transports&#8230;<\/em><\/p>\n\n\n\n<p><em>Depuis sa cr\u00e9ation, le dispositif Handi-Droits a permis de recueillir plus de 3 000 demandes (nombre de sollicitations sur la plateforme Handi-Droits entre le 1er septembre 2020 et le 15 d\u00e9cembre 2021). C\u2019est sur leur analyse que repose cette premi\u00e8re \u00e9dition de notre Observatoire des droits.&nbsp;<\/em><\/p>\n\n\n\n<p><em>Cet Observatoire poursuit plusieurs objectifs :<\/em><\/p>\n\n\n\n<ul class=\"wp-block-list\"><li><em>Recenser et d\u00e9noncer les difficult\u00e9s rencontr\u00e9es en mati\u00e8re d\u2019acc\u00e8s aux droits ;<\/em><\/li><li><em>Lutter contre les discriminations ;<\/em><\/li><li><em>D\u00e9fendre et promouvoir les droits des personnes en situation de handicap aupr\u00e8s des acteurs publics afin d\u2019am\u00e9liorer, dans la pratique comme dans les textes, l\u2019acc\u00e8s aux droits des personnes en situation de handicap.<\/em><\/li><\/ul>\n\n\n\n<p><em>Les sollicitations re\u00e7ues concernent des situations complexes, souvent dramatiques et inacceptables.&nbsp;<\/em><\/p>\n\n\n\n<p><em>En mettant en lumi\u00e8re l\u2019\u00e9cart existant entre les droits formels et la r\u00e9alit\u00e9 v\u00e9cue par les personnes en situation de handicap et leur famille, notre Observatoire des droits permet de mesurer leur effectivit\u00e9 et de fonder les actions de plaidoyer de notre association.<\/em><\/p>\n\n\n\n<p><em>Des droits mis \u00e0 mal du fait d\u2019une information insuffisante et inadapt\u00e9e, de textes mal interpr\u00e9t\u00e9s ou inappliqu\u00e9s<\/em><\/p>\n\n\n\n<p><em>Globalement, l\u2019information mise \u00e0 disposition par certains services publics est insuffisante et inadapt\u00e9e. En effet, les personnes en situation de handicap et leur famille sont amen\u00e9es \u00e0 g\u00e9rer de nombreuses d\u00e9marches administratives pour acc\u00e9der \u00e0 leurs droits et ce, dans tous les domaines de la vie. Malgr\u00e9 l\u2019existence des Maisons d\u00e9partementales des personnes handicap\u00e9es (MDPH), les personnes expriment un r\u00e9el besoin d\u2019\u00e9coute et de conseil pour les orienter face au manque d\u2019informations disponibles, \u00e0 leur \u00e9parpillement et \u00e0 leur complexit\u00e9.<\/em><\/p>\n\n\n\n<p><em>Les textes l\u00e9gislatifs et r\u00e9glementaires sont r\u00e9guli\u00e8rement mal interpr\u00e9t\u00e9s et certains dispositifs ne r\u00e9pondent que partiellement aux besoins.&nbsp;<\/em><\/p>\n\n\n\n<p><em>Enfin, les sollicitations re\u00e7ues font \u00e9tat de nombreux cas de refus d\u2019appliquer certains droits et de discriminations. Il y a donc un besoin fort d\u2019accompagnement juridique, notamment en mati\u00e8re de recours lorsque les droits ne sont pas respect\u00e9s ou mis en \u0153uvre\u2026\u00a0\u00bb<\/em><\/p>\n","protected":false},"excerpt":{"rendered":"<p>L\u2019association APF France handicap pr\u00e9sente la premi\u00e8re \u00e9dition de son observatoire des droits des personnes en situation de handicap et de leur famille. Il repose sur l\u2019analyse des questions juridiques pos\u00e9es par les personnes qui sont accueillies dans les d\u00e9l\u00e9gations locales de l\u2019association. Cette derni\u00e8re dresse un constat sans appel : dans l\u2019emploi, la sant\u00e9, [&hellip;]<\/p>\n","protected":false},"author":1,"featured_media":0,"comment_status":"closed","ping_status":"open","sticky":false,"template":"","format":"standard","meta":{"twitterCardType":"","cardImageID":0,"cardImage":"","cardTitle":"","cardDesc":"","cardImageAlt":"","cardPlayer":"","cardPlayerWidth":0,"cardPlayerHeight":0,"cardPlayerStream":"","cardPlayerCodec":"","footnotes":""},"categories":[62,11],"tags":[225,182],"class_list":["post-19886","post","type-post","status-publish","format-standard","hentry","category-le-rouge-le-vert-hebdo","category-politique-locale","tag-handicap","tag-solidarite"],"_links":{"self":[{"href":"https:\/\/www.ades-grenoble.org\/wordpress\/wp-json\/wp\/v2\/posts\/19886","targetHints":{"allow":["GET"]}}],"collection":[{"href":"https:\/\/www.ades-grenoble.org\/wordpress\/wp-json\/wp\/v2\/posts"}],"about":[{"href":"https:\/\/www.ades-grenoble.org\/wordpress\/wp-json\/wp\/v2\/types\/post"}],"author":[{"embeddable":true,"href":"https:\/\/www.ades-grenoble.org\/wordpress\/wp-json\/wp\/v2\/users\/1"}],"replies":[{"embeddable":true,"href":"https:\/\/www.ades-grenoble.org\/wordpress\/wp-json\/wp\/v2\/comments?post=19886"}],"version-history":[{"count":1,"href":"https:\/\/www.ades-grenoble.org\/wordpress\/wp-json\/wp\/v2\/posts\/19886\/revisions"}],"predecessor-version":[{"id":19887,"href":"https:\/\/www.ades-grenoble.org\/wordpress\/wp-json\/wp\/v2\/posts\/19886\/revisions\/19887"}],"wp:attachment":[{"href":"https:\/\/www.ades-grenoble.org\/wordpress\/wp-json\/wp\/v2\/media?parent=19886"}],"wp:term":[{"taxonomy":"category","embeddable":true,"href":"https:\/\/www.ades-grenoble.org\/wordpress\/wp-json\/wp\/v2\/categories?post=19886"},{"taxonomy":"post_tag","embeddable":true,"href":"https:\/\/www.ades-grenoble.org\/wordpress\/wp-json\/wp\/v2\/tags?post=19886"}],"curies":[{"name":"wp","href":"https:\/\/api.w.org\/{rel}","templated":true}]}}