{"id":19924,"date":"2022-03-04T20:07:34","date_gmt":"2022-03-04T19:07:34","guid":{"rendered":"https:\/\/www.ades-grenoble.org\/wordpress\/?p=19924"},"modified":"2022-03-04T20:34:35","modified_gmt":"2022-03-04T19:34:35","slug":"diverses-actualites-67","status":"publish","type":"post","link":"https:\/\/www.ades-grenoble.org\/wordpress\/2022\/03\/04\/diverses-actualites-67\/","title":{"rendered":"Diverses actualit\u00e9s"},"content":{"rendered":"\n<div class=\"wp-block-image\"><figure class=\"alignleft size-large\"><img loading=\"lazy\" decoding=\"async\" width=\"400\" height=\"222\" src=\"https:\/\/www.ades-grenoble.org\/wordpress\/wp-content\/uploads\/2020\/11\/crieur.jpg\" alt=\"\" class=\"wp-image-18106\" srcset=\"https:\/\/www.ades-grenoble.org\/wordpress\/wp-content\/uploads\/2020\/11\/crieur.jpg 400w, https:\/\/www.ades-grenoble.org\/wordpress\/wp-content\/uploads\/2020\/11\/crieur-150x83.jpg 150w, https:\/\/www.ades-grenoble.org\/wordpress\/wp-content\/uploads\/2020\/11\/crieur-300x167.jpg 300w\" sizes=\"auto, (max-width: 400px) 100vw, 400px\" \/><\/figure><\/div>\n\n\n\n<p><strong>Loi \u00ab s\u00e9paratisme \u00bb et contrat d\u2019engagement r\u00e9publicain : un recours au Conseil d\u2019Etat des associations de d\u00e9fense de l\u2019environnement et de lutte contre la corruption. <\/strong>25 associations ont d\u00e9pos\u00e9 le mardi 1er mars un recours devant le Conseil d\u2019\u00c9tat contre le d\u00e9cret d\u2019application de la loi \u00ab s\u00e9paratisme \u00bb approuvant le contrat d\u2019engagement r\u00e9publicain des associations. Face \u00e0 un texte qui menace notamment l\u2019action en justice des associations de d\u00e9fense de l\u2019environnement et de lutte contre la corruption, les requ\u00e9rants appellent \u00e0 un ultime sursaut en faveur de la libert\u00e9 d\u2019association et d\u2019expression. <a rel=\"noreferrer noopener\" href=\"https:\/\/www.asso-sherpa.org\/loi-separatisme-et-contrat-dengagement-republicain-recours-des-associations-de-defense-de-lenvironnement-et-de-lutte-contre-la-corruption\" target=\"_blank\">Lire l\u2019int\u00e9gralit\u00e9 du communiqu\u00e9 de\u00a0presse<\/a> des associations\u00a0:Sherpa , France Nature Environnement, Greenpeace France, Humanit\u00e9 et Biodiversit\u00e9, Les Amis de la Terre France, LPO, Transparency Internationale France, Notre Affaire A Tous, Zero Waste France.<\/p>\n\n\n\n<p><strong>Ajustements de la politique de stationnement \u00e0 Grenoble.<\/strong> Parkings relais, parkings couverts et en enclos, stationnement sur voirie : de nombreuses possibilit\u00e9s de stationnement sont \u00e0 disposition des visiteuses et visiteurs. Afin de poursuivre la r\u00e9gulation de l\u2019occupation de l\u2019espace public et inciter au report modal ou au stationnement dans les parkings relais, le Conseil municipal avait adopt\u00e9 des ajustements de la politique de stationnement pour les visiteuses et visiteurs, \u00e0 compter du 1er mars 2022. <u><a href=\"https:\/\/www.grenoble.fr\/uploads\/Externe\/13\/1380_941_Ajustements-de-la-politique-de-stationnement_2022.pdf\" target=\"_blank\" rel=\"noreferrer noopener\">1380_941_Ajustements<\/a><\/u><a href=\"https:\/\/www.grenoble.fr\/uploads\/Externe\/13\/1380_941_Ajustements-de-la-politique-de-stationnement_2022.pdf\"><u>-de-la-politique-de-stationnement_2022.pdf<\/u><\/a><\/p>\n\n\n\n<!--more-->\n\n\n\n<p><strong>G\u00e9ographie de la d\u00e9linquance \u00e0 l\u2019\u00e9chelle communale<\/strong>. Le nombre d\u2019actes de d\u00e9linquance pour 1 000 habitants est plus \u00e9lev\u00e9 dans les villes de plus de 100 000 habitants que dans celles de moins de 1 000 habitants, d\u2019un facteur allant de 2 (pour les cambriolages de logement, les violences sexuelles et les coups et blessures volontaires sur personnes de 15 ans ou plus commis dans le cadre familial) \u00e0 75 (pour les vols violents sans arme). Ainsi, la d\u00e9linquance est concentr\u00e9e dans les m\u00eames communes que la population, notamment les capitales r\u00e9gionales, mais de mani\u00e8re encore plus dense<em>. N\u00b0 44 d\u2019Interstats Analyse du 1<\/em><sup><em>er<\/em><\/sup><em> mars 2022.<\/em> <u><a href=\"https:\/\/www.interieur.gouv.fr\/Interstats\/Actualites\/Geographie-de-la-delinquance-a-l-echelle-communale-Interstats-Analyse-N-44\" target=\"_blank\" rel=\"noreferrer noopener\">G\u00e9ographie de la d\u00e9linquance \u00e0 l&rsquo;\u00e9chelle communale &#8211; Interstats Analyse N\u00b044 \/ Actualit\u00e9s \/ Interstats &#8211; Minist\u00e8re de l&rsquo;Int\u00e9rieur<\/a><\/u><\/p>\n\n\n\n<p><strong>La prise en charge m\u00e9dicale des personnes \u00e2g\u00e9es en Ehpad. Un nouveau mod\u00e8le \u00e0 construire. <\/strong>C\u2019est le titre d\u2019un nouveau rapport de la Cour des comptes (28 f\u00e9vrier 2022), qui consid\u00e8re que la prise en charge m\u00e9dicale reste insuffisante, notamment face aux maladies neurod\u00e9g\u00e9n\u00e9ratives. En cause, le manque de personnel m\u00e9dical, insuffisance de pr\u00e9vention, un syst\u00e8me en trois sections&nbsp;(soins, d\u00e9pendance, h\u00e9bergement) d\u00e9sormais inadapt\u00e9 et le manque de fili\u00e8res territoriales structur\u00e9es. <u><a href=\"https:\/\/www.ccomptes.fr\/fr\/publications\/la-prise-en-charge-medicale-des-personnes-agees-en-ehpad\" target=\"_blank\" rel=\"noreferrer noopener\">La prise en charge m\u00e9dicale des personnes \u00e2g\u00e9es en Ehpad | Cour des comptes<\/a><\/u><\/p>\n\n\n\n<p><strong>Changement climatique, biodiversit\u00e9&nbsp;: le&nbsp;r\u00f4le essentiel des for\u00eats de&nbsp;montagne.<\/strong><\/p>\n\n\n\n<p>Les for\u00eats de montagne doivent \u00eatre pr\u00e9serv\u00e9es car elles jouent un r\u00f4le majeur dans l\u2019att\u00e9nuation du changement climatique et dans la pr\u00e9servation de la biodiversit\u00e9, deux d\u00e9fis majeurs auxquels nous sommes confront\u00e9s actuellement. Leur apport en termes de biodiversit\u00e9 et leur capacit\u00e9 \u00e0 absorber le CO2&nbsp;de notre atmosph\u00e8re sont consid\u00e9rables. <a href=\"https:\/\/theconversation.com\/changement-climatique-biodiversite-le-role-essentiel-des-forets-de-montagne-175366\" target=\"_blank\" rel=\"noreferrer noopener\">Changement climatique, biodiversit\u00e9&nbsp;: le&nbsp;r\u00f4le essentiel des for\u00eats de&nbsp;montagne<\/a><\/p>\n\n\n\n<p><strong>La transition au c\u0153ur des territoires de montagne ! Bilan des \u00e9tats g\u00e9n\u00e9raux. <\/strong>L\u2019ensemble des acteurs de l\u2019\u00e9cosyst\u00e8me montagnard se sont rassembl\u00e9s les 23 &amp; 24 septembre 2021 autour des enjeux de transition du tourisme. Ils ont travaill\u00e9 ensemble pour construire des solutions d\u2019avenir pour leurs territoires. La r\u00e9ussite des \u00c9tats G\u00e9n\u00e9raux est au rendez-vous&nbsp;! Retour sur les \u00e9l\u00e9ments de bilan de cette grande dynamique, point de d\u00e9part de nouvelles synergies. <u><a href=\"https:\/\/www.mountainwilderness.fr\/se-tenir-informe\/actualites\/bilan-des-etats-generaux-la-transition-au-coeur-des-territoires-de-montagne.html\" target=\"_blank\" rel=\"noreferrer noopener\">Mountain Wilderness &#8211; Association nationale de protection de la Montagne &#8211; Actualit\u00e9s &#8211; Bilan des \u00c9tats G\u00e9n\u00e9raux&nbsp;: la transition au coeur des territoires de montagne&nbsp;!<\/a><\/u><\/p>\n\n\n\n<p><strong>Le monde de l\u2019Internet des objets : des dynamiques \u00e0 ma\u00eetriser<\/strong>. C\u2019est un rapport de France strat\u00e9gie qui \u00e9tudie les impacts de l\u2019Internet des Objets (IdO) sur l\u2019environnement et sur la vie quotidienne des citoyens. Le rapport pr\u00e9sente des cl\u00e9s de compr\u00e9hension et souligne l\u2019int\u00e9r\u00eat des multiples mises en \u0153uvre de l\u2019Internet des objets. Mais il \u00e9claire aussi sur les risques nouveaux qui peuvent survenir pour les personnes, les donn\u00e9es et les biens et sur la n\u00e9cessaire ma\u00eetrise d\u2019une mise en \u0153uvre respectueuse des enjeux sociaux, environnementaux et de souverainet\u00e9 num\u00e9rique. <u><a href=\"https:\/\/www.strategie.gouv.fr\/publications\/monde-de-linternet-objets-dynamiques-maitriser\" target=\"_blank\" rel=\"noreferrer noopener\">Le monde de l\u2019Internet des objets : des dynamiques \u00e0 ma\u00eetriser | France Strat\u00e9gie<\/a><\/u><\/p>\n\n\n\n<p><strong>Les relations entre les f\u00e9d\u00e9rations sportives et l\u2019Etat sont red\u00e9finies.<\/strong> Par un d\u00e9cret du 24 f\u00e9vrier 2022 relatif aux conditions d&rsquo;attribution et de retrait de la d\u00e9l\u00e9gation accord\u00e9e aux f\u00e9d\u00e9rations sportives. Il a pour objet de pr\u00e9ciser les conditions de d\u00e9livrance et de retrait de la d\u00e9l\u00e9gation accord\u00e9e aux f\u00e9d\u00e9rations sportives. Il fixe \u00e9galement les modalit\u00e9s de conclusion du contrat de d\u00e9l\u00e9gation et son contenu. Ce contrat est d\u00e9sormais impos\u00e9 comme un pr\u00e9alable \u00e0 l&rsquo;octroi de la d\u00e9l\u00e9gation d&rsquo;une discipline sportive \u00e0 une f\u00e9d\u00e9ration. Ce contrat fixera les conditions d&rsquo;exercice de la d\u00e9l\u00e9gation par les f\u00e9d\u00e9rations. <a href=\"https:\/\/www.legifrance.gouv.fr\/jorf\/id\/JORFTEXT000045222451\" target=\"_blank\" rel=\"noreferrer noopener\"><u>D\u00e9cret n\u00b0 2022-238 du 24 f\u00e9vrier 2022 relatif aux conditions d&rsquo;attribution et de retrait de la d\u00e9l\u00e9gation accord\u00e9e aux f\u00e9d\u00e9rations sportives ainsi qu&rsquo;au contenu et aux modalit\u00e9s du contrat de d\u00e9l\u00e9gation &#8211; L\u00e9gifrance<\/u><\/a><\/p>\n\n\n\n<p><strong>Un nouveau code&nbsp;: le code g\u00e9n\u00e9ral de la fonction publique (CGFP). <\/strong>Le code g\u00e9n\u00e9ral de la fonction publique (CGFP) r\u00e9sulte de l\u2019ordonnance n\u00b0 2021-1574 du 24 novembre 2021. Sa date d\u2019entr\u00e9e en vigueur est fix\u00e9e au 1er mars 2022. Seules les dispositions l\u00e9gislatives sont \u00e0 ce jour codifi\u00e9es, les dispositions r\u00e9glementaires ant\u00e9rieures au 1er mars demeurent en vigueur dans l\u2019attente du deuxi\u00e8me volet de la codification. <u><a href=\"https:\/\/www.legifrance.gouv.fr\/codes\/texte_lc\/LEGITEXT000044416551?etatTexte=VIGUEUR&amp;etatTexte=VIGUEUR_DIFF\" target=\"_blank\" rel=\"noreferrer noopener\">Code g\u00e9n\u00e9ral de la fonction publique &#8211; L\u00e9gifrance<\/a><\/u><\/p>\n\n\n\n<p><strong>Partager les donn\u00e9es territoriales pour am\u00e9liorer les services publics. <\/strong>La FNCCR et quatre partenaires techniques (Ozwillo, Altereo, Darkskylab, Datactivist) lancent France Data R\u00e9seau, une plateforme collaborative permettant aux collectivit\u00e9s de partager leurs donn\u00e9es li\u00e9es aux activit\u00e9s des services publics locaux en r\u00e9seau. Ces donn\u00e9es doivent permettre \u00e0 terme, de g\u00e9n\u00e9rer des indicateurs fiables favorisant la connaissance et la gestion des infrastructures, la planification de travaux et la pr\u00e9diction des incidents. <u><a href=\"https:\/\/www.fnccr.asso.fr\/article\/partager-les-donnees-territoriales-pour-ameliorer-les-services-publics\/\" target=\"_blank\" rel=\"noreferrer noopener\">Partager<\/a><\/u><a href=\"https:\/\/www.fnccr.asso.fr\/article\/partager-les-donnees-territoriales-pour-ameliorer-les-services-publics\/\"><u> les donn\u00e9es territoriales pour am\u00e9liorer les services publics | FNCCR<\/u><\/a><\/p>\n\n\n\n<p><strong>Mesures cyber pr\u00e9ventives prioritaires. Tensions internationales actuelles. <\/strong>C\u2019est le titre d\u2019un guide de 5 mesures prioritaires pour anticiper un risque de cyberattaque, notamment pour les collectivit\u00e9s territoriales, \u00e9dit\u00e9 le 26 f\u00e9vrier par l&rsquo;Agence nationale de la s\u00e9curit\u00e9 des syst\u00e8mes d&rsquo;information (ANSSI), qui appelle \u00e0 la plus grande vigilance en mati\u00e8re de cybers\u00e9curit\u00e9, suite \u00e0 guerre men\u00e9e par la Russie en Ukraine. <u><a href=\"https:\/\/www.ssi.gouv.fr\/uploads\/2022\/02\/20220226_mesures-cyber-preventives-prioritaires.pdf\" target=\"_blank\" rel=\"noreferrer noopener\">20220226_mesures<\/a><\/u><a href=\"https:\/\/www.ssi.gouv.fr\/uploads\/2022\/02\/20220226_mesures-cyber-preventives-prioritaires.pdf\"><u>-cyber-preventives-prioritaires.pdf<\/u><\/a><\/p>\n","protected":false},"excerpt":{"rendered":"<p>Loi \u00ab s\u00e9paratisme \u00bb et contrat d\u2019engagement r\u00e9publicain : un recours au Conseil d\u2019Etat des associations de d\u00e9fense de l\u2019environnement et de lutte contre la corruption. 25 associations ont d\u00e9pos\u00e9 le mardi 1er mars un recours devant le Conseil d\u2019\u00c9tat contre le d\u00e9cret d\u2019application de la loi \u00ab s\u00e9paratisme \u00bb approuvant le contrat d\u2019engagement r\u00e9publicain [&hellip;]<\/p>\n","protected":false},"author":1,"featured_media":18106,"comment_status":"closed","ping_status":"open","sticky":false,"template":"","format":"standard","meta":{"twitterCardType":"","cardImageID":0,"cardImage":"","cardTitle":"","cardDesc":"","cardImageAlt":"","cardPlayer":"","cardPlayerWidth":0,"cardPlayerHeight":0,"cardPlayerStream":"","cardPlayerCodec":"","footnotes":""},"categories":[11],"tags":[223,204,5,310,132],"class_list":["post-19924","post","type-post","status-publish","format-standard","has-post-thumbnail","hentry","category-politique-locale","tag-climat","tag-delinquance","tag-deplacements","tag-numerique","tag-sport"],"_links":{"self":[{"href":"https:\/\/www.ades-grenoble.org\/wordpress\/wp-json\/wp\/v2\/posts\/19924","targetHints":{"allow":["GET"]}}],"collection":[{"href":"https:\/\/www.ades-grenoble.org\/wordpress\/wp-json\/wp\/v2\/posts"}],"about":[{"href":"https:\/\/www.ades-grenoble.org\/wordpress\/wp-json\/wp\/v2\/types\/post"}],"author":[{"embeddable":true,"href":"https:\/\/www.ades-grenoble.org\/wordpress\/wp-json\/wp\/v2\/users\/1"}],"replies":[{"embeddable":true,"href":"https:\/\/www.ades-grenoble.org\/wordpress\/wp-json\/wp\/v2\/comments?post=19924"}],"version-history":[{"count":8,"href":"https:\/\/www.ades-grenoble.org\/wordpress\/wp-json\/wp\/v2\/posts\/19924\/revisions"}],"predecessor-version":[{"id":19994,"href":"https:\/\/www.ades-grenoble.org\/wordpress\/wp-json\/wp\/v2\/posts\/19924\/revisions\/19994"}],"wp:featuredmedia":[{"embeddable":true,"href":"https:\/\/www.ades-grenoble.org\/wordpress\/wp-json\/wp\/v2\/media\/18106"}],"wp:attachment":[{"href":"https:\/\/www.ades-grenoble.org\/wordpress\/wp-json\/wp\/v2\/media?parent=19924"}],"wp:term":[{"taxonomy":"category","embeddable":true,"href":"https:\/\/www.ades-grenoble.org\/wordpress\/wp-json\/wp\/v2\/categories?post=19924"},{"taxonomy":"post_tag","embeddable":true,"href":"https:\/\/www.ades-grenoble.org\/wordpress\/wp-json\/wp\/v2\/tags?post=19924"}],"curies":[{"name":"wp","href":"https:\/\/api.w.org\/{rel}","templated":true}]}}