{"id":19931,"date":"2022-03-04T20:16:38","date_gmt":"2022-03-04T19:16:38","guid":{"rendered":"https:\/\/www.ades-grenoble.org\/wordpress\/?p=19931"},"modified":"2022-03-04T20:33:59","modified_gmt":"2022-03-04T19:33:59","slug":"la-suppression-de-la-taxe-dhabitation-etait-une-erreur","status":"publish","type":"post","link":"https:\/\/www.ades-grenoble.org\/wordpress\/2022\/03\/04\/la-suppression-de-la-taxe-dhabitation-etait-une-erreur\/","title":{"rendered":"La suppression de la taxe d\u2019habitation \u00e9tait une erreur"},"content":{"rendered":"\n<div class=\"wp-block-image\"><figure class=\"alignleft size-large\"><img loading=\"lazy\" decoding=\"async\" width=\"300\" height=\"229\" src=\"https:\/\/www.ades-grenoble.org\/wordpress\/wp-content\/uploads\/2021\/06\/EconomieFinancesRelance.jpg\" alt=\"\" class=\"wp-image-18908\" srcset=\"https:\/\/www.ades-grenoble.org\/wordpress\/wp-content\/uploads\/2021\/06\/EconomieFinancesRelance.jpg 300w, https:\/\/www.ades-grenoble.org\/wordpress\/wp-content\/uploads\/2021\/06\/EconomieFinancesRelance-150x115.jpg 150w\" sizes=\"auto, (max-width: 300px) 100vw, 300px\" \/><\/figure><\/div>\n\n\n\n<p>Evidemment pour les m\u00e9nages cette suppression de la taxe d\u2019habitation (TH) pour le logement principal, qui sera effective pour tous les m\u00e9nages en 2023, est une bonne surprise.<\/p>\n\n\n\n<p>Il faut se rappeler l\u2019exigence de la D\u00e9claration des Droits de l\u2019Homme et du Citoyen de 1789 en son article 13 qui pr\u00e9cise&nbsp;: <em>\u00ab&nbsp;Pour l&rsquo;entretien de la force publique, et pour les d\u00e9penses d&rsquo;administration, une contribution commune est indispensable : elle doit \u00eatre \u00e9galement r\u00e9partie entre tous les citoyens, en raison de leurs facult\u00e9s.&nbsp;\u00bb<\/em><\/p>\n\n\n\n<p>Donc un bon imp\u00f4t est celui qui d\u00e9pend clairement des ressources des m\u00e9nages.<\/p>\n\n\n\n<p>La taxe d\u2019habitation \u00e9tait le seul imp\u00f4t local qui d\u00e9pendait de mani\u00e8re assez importante des revenus des m\u00e9nages gr\u00e2ce au syst\u00e8me d\u2019exon\u00e9ration, de d\u00e9gr\u00e8vement (en fonction du revenu) et elle \u00e9tait aussi fonction de la composition du m\u00e9nage, ce qui n\u2019est pas le cas de la taxe fonci\u00e8re.<\/p>\n\n\n\n<p>Avant la r\u00e9forme, en 2017, en France, il y avait globalement une relation presque lin\u00e9aire, entre le montant de la taxe d\u2019habitation et le revenu fiscal de r\u00e9f\u00e9rence (RFR) du m\u00e9nage.<\/p>\n\n\n\n<p>La suppression de la taxe d\u2019habitation favorise d\u2019abord les plus riches et laisse comme seuls imp\u00f4ts locaux aux communes, la taxe fonci\u00e8re sur les propri\u00e9t\u00e9s b\u00e2ties (TFPB) et la taxe fonci\u00e8re sur les propri\u00e9t\u00e9s non b\u00e2ties (TFPNB), cette derni\u00e8re \u00e9tant tr\u00e8s faible dans les villes, puisqu\u2019elle s\u2019applique aux terrains non b\u00e2tis.<\/p>\n\n\n\n<!--more-->\n\n\n\n<figure class=\"wp-block-image size-full\"><img loading=\"lazy\" decoding=\"async\" width=\"507\" height=\"308\" src=\"https:\/\/www.ades-grenoble.org\/wordpress\/wp-content\/uploads\/2022\/03\/Capture-decran-du-2022-03-04-19-11-46.png\" alt=\"taxe d'habitation 2017\" class=\"wp-image-19935\" srcset=\"https:\/\/www.ades-grenoble.org\/wordpress\/wp-content\/uploads\/2022\/03\/Capture-decran-du-2022-03-04-19-11-46.png 507w, https:\/\/www.ades-grenoble.org\/wordpress\/wp-content\/uploads\/2022\/03\/Capture-decran-du-2022-03-04-19-11-46-300x182.png 300w, https:\/\/www.ades-grenoble.org\/wordpress\/wp-content\/uploads\/2022\/03\/Capture-decran-du-2022-03-04-19-11-46-150x91.png 150w\" sizes=\"auto, (max-width: 507px) 100vw, 507px\" \/><\/figure>\n\n\n\n<p>La TFPB n\u2019est pas autant li\u00e9e au revenu que la taxe d\u2019habitation. Les m\u00e9nages plus ais\u00e9s sont en g\u00e9n\u00e9ral propri\u00e9taires de logement dont la \u00ab&nbsp;valeur locative&nbsp;\u00bb est plus importante (notamment leur r\u00e9sidence principale) que pour les propri\u00e9taires plus pauvres. Mais contrairement \u00e0 la TH, la TFPB n\u2019est jamais faible pour des propri\u00e9taires pauvres, puisque le syst\u00e8me d\u2019exon\u00e9ration est tr\u00e8s limit\u00e9. Ce ne sont que les m\u00e9nages \u00e2g\u00e9s et \u00e0 revenus tr\u00e8s faibles qui sont exon\u00e9r\u00e9s ou d\u00e9gr\u00e9v\u00e9s de la taxe fonci\u00e8re. Voir par exemple&nbsp;: <a href=\"https:\/\/www.grenoble.fr\/2353-taxe-fonciere-sur-les-proprietes-baties.htm\" data-type=\"URL\" data-id=\"https:\/\/www.grenoble.fr\/2353-taxe-fonciere-sur-les-proprietes-baties.htm\" target=\"_blank\" rel=\"noreferrer noopener\">Taxe fonci\u00e8re sur les propri\u00e9t\u00e9s b\u00e2ties<\/a><\/p>\n\n\n\n<p>En plus, \u00e0 Grenoble il n\u2019y a que 38 % de propri\u00e9taires qui occupent leur r\u00e9sidence principale. Donc \u00e0 partir de 2023, seuls ces m\u00e9nages grenoblois auront une relation directe comme contribuable avec la commune, les locataires qui sont la grande majorit\u00e9, ne contribueront plus aux recettes de l\u2019administration communale.<\/p>\n\n\n\n<p>Cette disparition de la TH diminue la pression fiscale locale de mani\u00e8re importante, mais elle supprime une relation entre l\u2019habitant et la collectivit\u00e9 et porte atteinte \u00e0 l\u2019autonomie financi\u00e8re des communes en affaiblissant consid\u00e9rablement leur capacit\u00e9 d\u2019action sur leurs recettes.<\/p>\n\n\n\n<p>La fixation de la \u00ab&nbsp;valeur locative&nbsp;\u00bb du logement qui permet de d\u00e9terminer le montant de la taxe fonci\u00e8re, ne correspond plus aux r\u00e9alit\u00e9s des montants des loyers pratiqu\u00e9s dans certains quartiers des villes. En 2026, une modification corrigera cette iniquit\u00e9, par la fixation des nouvelles valeurs locatives, issues des loyers r\u00e9els pratiqu\u00e9s en 2023 dans les diff\u00e9rents quartiers des villes.<\/p>\n","protected":false},"excerpt":{"rendered":"<p>Evidemment pour les m\u00e9nages cette suppression de la taxe d\u2019habitation (TH) pour le logement principal, qui sera effective pour tous les m\u00e9nages en 2023, est une bonne surprise. Il faut se rappeler l\u2019exigence de la D\u00e9claration des Droits de l\u2019Homme et du Citoyen de 1789 en son article 13 qui pr\u00e9cise&nbsp;: \u00ab&nbsp;Pour l&rsquo;entretien de la [&hellip;]<\/p>\n","protected":false},"author":1,"featured_media":0,"comment_status":"closed","ping_status":"open","sticky":false,"template":"","format":"standard","meta":{"twitterCardType":"","cardImageID":0,"cardImage":"","cardTitle":"","cardDesc":"","cardImageAlt":"","cardPlayer":"","cardPlayerWidth":0,"cardPlayerHeight":0,"cardPlayerStream":"","cardPlayerCodec":"","footnotes":""},"categories":[11],"tags":[19],"class_list":["post-19931","post","type-post","status-publish","format-standard","hentry","category-politique-locale","tag-impots"],"_links":{"self":[{"href":"https:\/\/www.ades-grenoble.org\/wordpress\/wp-json\/wp\/v2\/posts\/19931","targetHints":{"allow":["GET"]}}],"collection":[{"href":"https:\/\/www.ades-grenoble.org\/wordpress\/wp-json\/wp\/v2\/posts"}],"about":[{"href":"https:\/\/www.ades-grenoble.org\/wordpress\/wp-json\/wp\/v2\/types\/post"}],"author":[{"embeddable":true,"href":"https:\/\/www.ades-grenoble.org\/wordpress\/wp-json\/wp\/v2\/users\/1"}],"replies":[{"embeddable":true,"href":"https:\/\/www.ades-grenoble.org\/wordpress\/wp-json\/wp\/v2\/comments?post=19931"}],"version-history":[{"count":7,"href":"https:\/\/www.ades-grenoble.org\/wordpress\/wp-json\/wp\/v2\/posts\/19931\/revisions"}],"predecessor-version":[{"id":19993,"href":"https:\/\/www.ades-grenoble.org\/wordpress\/wp-json\/wp\/v2\/posts\/19931\/revisions\/19993"}],"wp:attachment":[{"href":"https:\/\/www.ades-grenoble.org\/wordpress\/wp-json\/wp\/v2\/media?parent=19931"}],"wp:term":[{"taxonomy":"category","embeddable":true,"href":"https:\/\/www.ades-grenoble.org\/wordpress\/wp-json\/wp\/v2\/categories?post=19931"},{"taxonomy":"post_tag","embeddable":true,"href":"https:\/\/www.ades-grenoble.org\/wordpress\/wp-json\/wp\/v2\/tags?post=19931"}],"curies":[{"name":"wp","href":"https:\/\/api.w.org\/{rel}","templated":true}]}}