{"id":19958,"date":"2022-03-04T19:31:41","date_gmt":"2022-03-04T18:31:41","guid":{"rendered":"https:\/\/www.ades-grenoble.org\/wordpress\/?p=19958"},"modified":"2022-03-04T20:35:39","modified_gmt":"2022-03-04T19:35:39","slug":"impots-sur-les-revenus-des-grenoblois-et-des-metropolitains","status":"publish","type":"post","link":"https:\/\/www.ades-grenoble.org\/wordpress\/2022\/03\/04\/impots-sur-les-revenus-des-grenoblois-et-des-metropolitains\/","title":{"rendered":"Imp\u00f4ts sur les revenus des Grenoblois et des m\u00e9tropolitains"},"content":{"rendered":"\n<div class=\"wp-block-image\"><figure class=\"alignleft size-large\"><img loading=\"lazy\" decoding=\"async\" width=\"380\" height=\"254\" src=\"https:\/\/www.ades-grenoble.org\/wordpress\/wp-content\/uploads\/2021\/05\/taxes-foncieres.jpg\" alt=\"\" class=\"wp-image-18803\" srcset=\"https:\/\/www.ades-grenoble.org\/wordpress\/wp-content\/uploads\/2021\/05\/taxes-foncieres.jpg 380w, https:\/\/www.ades-grenoble.org\/wordpress\/wp-content\/uploads\/2021\/05\/taxes-foncieres-150x100.jpg 150w, https:\/\/www.ades-grenoble.org\/wordpress\/wp-content\/uploads\/2021\/05\/taxes-foncieres-300x201.jpg 300w\" sizes=\"auto, (max-width: 380px) 100vw, 380px\" \/><\/figure><\/div>\n\n\n\n<p>Depuis la r\u00e9forme de la fiscalit\u00e9 locale notamment par la diminution de la TH, les contribuables grenoblois paient davantage d\u2019imp\u00f4ts sur le revenu que d\u2019imp\u00f4ts locaux.<\/p>\n\n\n\n<p>Les Grenoblois en tant que contribuables nationaux, ont pay\u00e9 environ 162 M\u20ac d\u2019imp\u00f4ts sur les revenus, en 2020, par contre les contribuables&nbsp;locaux (m\u00e9nages et personnes morales) \u00e0 la ville environ 130 M\u20ac pour la taxe fonci\u00e8re sur les propri\u00e9t\u00e9s b\u00e2ties (TFPB). La ville ne re\u00e7oit plus de Taxe d\u2019Habitation, mais en contrepartie elle re\u00e7oit l\u2019ancienne part d\u00e9partementale de la TFPB avec un coefficient correcteur qui lui permet de recevoir autant que la somme TFPB et TH qu\u2019elle percevait avant la r\u00e9forme.<\/p>\n\n\n\n<p>Pour la m\u00e9tropole les m\u00e9nages fiscaux ont vers\u00e9 plus de 500 M\u20ac d\u2019imp\u00f4ts sur les revenus.<\/p>\n\n\n\n<!--more-->\n\n\n\n<p>Pour chaque commune l\u2019administration fiscale donne la r\u00e9partition par tranche de revenu fiscal de r\u00e9f\u00e9rence (RFR) des imp\u00f4ts sur le revenu. Par exemple pour la ville de Grenoble on trouve les donn\u00e9es du tableau ci-dessous nous observons qu\u2019il y a plus de 46 000 foyers fiscaux (presque la moiti\u00e9) qui ne sont pas impos\u00e9s sur le revenu.<\/p>\n\n\n\n<p>Par contre il y a 1551 foyers fiscaux qui d\u00e9passent les 100&nbsp;000 euros de revenu fiscal de r\u00e9f\u00e9rence avec une moyenne tr\u00e8s confortable de plus de 250&nbsp;000 \u20ac.<\/p>\n\n\n\n<figure class=\"wp-block-table is-style-stripes\"><table><tbody><tr><td>Revenu fiscal de r\u00e9f\u00e9rence par tranche (en euros)<\/td><td>Nombre de foyers fiscaux<\/td><td>Revenu fiscal de r\u00e9f\u00e9rence des foyers fiscaux<\/td><td>Imp\u00f4t net (total) en milliers d&rsquo;euros<\/td><td>Nombre de foyers fiscaux impos\u00e9s<\/td><td>Revenu fiscal de r\u00e9f\u00e9rence des foyers fiscaux impos\u00e9s<\/td><\/tr><tr><\/tr><tr><td>0 \u00e0 10 000<\/td><td>25 495<\/td><td>94 903<\/td><td>-771<\/td><td>1 504<\/td><td>7 618<\/td><\/tr><tr><td>10 001 \u00e0 12 000<\/td><td>4 767<\/td><td>52 465<\/td><td>-283<\/td><td>504<\/td><td>5 553<\/td><\/tr><tr><td>12 001 \u00e0 15 000<\/td><td>7 437<\/td><td>100 997<\/td><td>-354<\/td><td>789<\/td><td>10 703<\/td><\/tr><tr><td>15 001 \u00e0 20 000<\/td><td>14 713<\/td><td>256 714<\/td><td>3 361<\/td><td>9 528<\/td><td>167 301<\/td><\/tr><tr><td>20 001 \u00e0 30 000<\/td><td>18 106<\/td><td>442 965<\/td><td>21 004<\/td><td>13 862<\/td><td>339 960<\/td><\/tr><tr><td>30 001 \u00e0 50 000<\/td><td>14 765<\/td><td>562 757<\/td><td>39 046<\/td><td>12 698<\/td><td>487 531<\/td><\/tr><tr><td>50 001 \u00e0 100 000<\/td><td>8 039<\/td><td>534 320<\/td><td>54 170<\/td><td>7 797<\/td><td>519 288<\/td><\/tr><tr><td>Plus de 100 000<\/td><td>1 551<\/td><td>255 590<\/td><td>45 464<\/td><td>1 536<\/td><td>253 369<\/td><\/tr><\/tbody><\/table><\/figure>\n\n\n\n<p>Les m\u00e9nages fiscaux dans les 49 communes pr\u00e9sentent des profils de revenus tr\u00e8s diff\u00e9rents d\u2019une commune \u00e0 l\u2019autre.<\/p>\n\n\n\n<p>Dans le tableau suivant sont pr\u00e9sent\u00e9s les RFR d\u2019un m\u00e9nage moyen communal qui est impos\u00e9 sur les revenus, ainsi que le pourcentage des foyers impos\u00e9s, l\u2019imp\u00f4t sur le revenu du m\u00e9nage moyen impos\u00e9, le rapport entre l\u2019imp\u00f4t pay\u00e9 et le revenu fiscal de r\u00e9f\u00e9rence et l\u2019imp\u00f4t sur le revenu collect\u00e9 sur la commune.<\/p>\n\n\n\n<p>Except\u00e9 pour la commune de Mont Saint Martin dont les donn\u00e9es ne sont pas toutes accessibles pour respecter le secret statistique, en raison du faible nombre de foyers fiscaux (47).<\/p>\n\n\n\n<p>Dans la M\u00e9tropole, le RFR moyen est de 40 910 \u20ac par m\u00e9nage fiscal, il y a 54,5% des m\u00e9nages qui paient un imp\u00f4t sur le revenu, l\u2019imp\u00f4t moyen vers\u00e9 par le m\u00e9nage impos\u00e9 se monte \u00e0 3700 \u20ac, ce qui repr\u00e9sente 9,1 % du RFR moyen.<\/p>\n\n\n\n<p>A noter que Grenoble est quasiment \u00e0 la moyenne avec un RFR moyen \u00e0 37&nbsp;150 \u20ac, 50,8% des m\u00e9nages payant un imp\u00f4t pour un montant moyen de 3 352 \u20ac avec un taux de 9,0% . Cela signifie que contrairement aux repr\u00e9sentations de beaucoup Grenoble n\u2019est pas une ville riche.<\/p>\n\n\n\n<p>Les communes sont plac\u00e9es par ordre d\u00e9croissant de RFR moyen. On observe facilement la distinction entre les communes qui font un effort de mixit\u00e9 sociale et celle qui le font nettement moins. Les grandes villes avec de nombreux logements sociaux et des quartiers politique de la ville (QPV) se trouvent en queue de peloton.<\/p>\n\n\n\n<p>Ce sont des donn\u00e9es \u00e0 prendre en compte lors du d\u00e9bat et du choix du Pacte financier et fiscal de solidarit\u00e9 \u00e0 la M\u00e9tro et sur la nouvelle DSC, dotation de solidarit\u00e9 communautaire.<\/p>\n\n\n\n<figure class=\"wp-block-table is-style-stripes\"><table><tbody><tr><td>Communes<\/td><td>RFR moyen par foyer impos\u00e9<\/td><td>Taux de foyers impos\u00e9s<\/td><td>Imp\u00f4t moyen par foyer fiscal impos\u00e9<\/td><td>Imp\u00f4t\/RFR<\/td><td>Imp\u00f4t sur le revenu (en milliers d&rsquo;euros)<\/td><\/tr><tr><td>Corenc<\/td><td>88 867<\/td><td>74,2%<\/td><td>12 585<\/td><td>14,2%<\/td><td>19 758<\/td><\/tr><tr><td>La Tronche<\/td><td>66 009<\/td><td>63,3%<\/td><td>9 129<\/td><td>13,8%<\/td><td>20 412<\/td><\/tr><tr><td>Herbeys<\/td><td>64 899<\/td><td>71,7%<\/td><td>7 519<\/td><td>11,6%<\/td><td>3 880<\/td><\/tr><tr><td>Meylan<\/td><td>61 509<\/td><td>68,5%<\/td><td>7 800<\/td><td>12,7%<\/td><td>57 618<\/td><\/tr><tr><td>Quaix-en-Chartreuse<\/td><td>57 543<\/td><td>73,0%<\/td><td>6 954<\/td><td>12,1%<\/td><td>2 364<\/td><\/tr><tr><td>Le Sappey-en-Chartreuse<\/td><td>57 422<\/td><td>72,0%<\/td><td>5 878<\/td><td>10,2%<\/td><td>2 522<\/td><\/tr><tr><td>Bri\u00e9-et-Angonnes<\/td><td>56 962<\/td><td>73,1%<\/td><td>5 892<\/td><td>10,3%<\/td><td>5 775<\/td><\/tr><tr><td>Venon<\/td><td>56 021<\/td><td>69,7%<\/td><td>6 133<\/td><td>10,9%<\/td><td>1 852<\/td><\/tr><tr><td>Champagnier<\/td><td>55 891<\/td><td>72,5%<\/td><td>5 595<\/td><td>10,0%<\/td><td>2 551<\/td><\/tr><tr><td>Bresson<\/td><td>54 902<\/td><td>77,4%<\/td><td>6 085<\/td><td>11,1%<\/td><td>1 753<\/td><\/tr><tr><td>Claix<\/td><td>52 977<\/td><td>68,5%<\/td><td>5 192<\/td><td>9,8%<\/td><td>15 446<\/td><\/tr><tr><td>Seyssins<\/td><td>51 988<\/td><td>67,7%<\/td><td>5 292<\/td><td>10,2%<\/td><td>15 076<\/td><\/tr><tr><td>Saint-Paul-de-Varces<\/td><td>51 297<\/td><td>72,0%<\/td><td>4 630<\/td><td>9,0%<\/td><td>3 875<\/td><\/tr><tr><td>Sarcenas<\/td><td>51 264<\/td><td>68,8%<\/td><td>4 821<\/td><td>9,4%<\/td><td>371<\/td><\/tr><tr><td>Vaulnaveys-le-Haut<\/td><td>50 516<\/td><td>69,2%<\/td><td>4 907<\/td><td>9,7%<\/td><td>7 164<\/td><\/tr><tr><td>Jarrie<\/td><td>48 905<\/td><td>66,3%<\/td><td>4 529<\/td><td>9,3%<\/td><td>6 201<\/td><\/tr><tr><td>Montchaboud<\/td><td>48 755<\/td><td>73,7%<\/td><td>4 287<\/td><td>8,8%<\/td><td>587<\/td><\/tr><tr><td>Veurey-Voroize<\/td><td>47 006<\/td><td>61,5%<\/td><td>4 134<\/td><td>8,8%<\/td><td>2 013<\/td><\/tr><tr><td>Poisat<\/td><td>45 015<\/td><td>66,0%<\/td><td>3 891<\/td><td>8,6%<\/td><td>3 054<\/td><\/tr><tr><td>Vaulnaveys-le-Bas<\/td><td>44 740<\/td><td>68,0%<\/td><td>3 730<\/td><td>8,3%<\/td><td>1 746<\/td><\/tr><tr><td>Miribel-Lanch\u00e2tre<\/td><td>44 176<\/td><td>61,5%<\/td><td>3 113<\/td><td>7,0%<\/td><td>392<\/td><\/tr><tr><td>Varces-Alli\u00e8res-et-Risset<\/td><td>44 009<\/td><td>65,5%<\/td><td>3 786<\/td><td>8,6%<\/td><td>10 528<\/td><\/tr><tr><td>Fontanil-Cornillon<\/td><td>43 228<\/td><td>64,6%<\/td><td>3 772<\/td><td>8,7%<\/td><td>4 602<\/td><\/tr><tr><td>Saint-Martin-le-Vinoux<\/td><td>43 027<\/td><td>51,7%<\/td><td>4 100<\/td><td>9,5%<\/td><td>6 999<\/td><\/tr><tr><td>Proveysieux<\/td><td>42 524<\/td><td>67,9%<\/td><td>3 276<\/td><td>7,7%<\/td><td>590<\/td><\/tr><tr><td>Noyarey<\/td><td>42 369<\/td><td>65,1%<\/td><td>3 284<\/td><td>7,8%<\/td><td>2 657<\/td><\/tr><tr><td>Gi\u00e8res<\/td><td>41 891<\/td><td>60,9%<\/td><td>3 834<\/td><td>9,2%<\/td><td>8 960<\/td><\/tr><tr><td>Murianette<\/td><td>41 873<\/td><td>66,4%<\/td><td>3 343<\/td><td>8,0%<\/td><td>1 020<\/td><\/tr><tr><td>Saint-Georges-de-Commiers<\/td><td>41 759<\/td><td>68,0%<\/td><td>2 992<\/td><td>7,2%<\/td><td>2 603<\/td><\/tr><tr><td>Saint-\u00c9gr\u00e8ve<\/td><td>41 615<\/td><td>60,6%<\/td><td>3 429<\/td><td>8,2%<\/td><td>19 519<\/td><\/tr><tr><td>Seyssinet-Pariset<\/td><td>40 694<\/td><td>59,9%<\/td><td>3 477<\/td><td>8,5%<\/td><td>14 607<\/td><\/tr><tr><td>Notre-Dame-de-Commiers<\/td><td>40 366<\/td><td>65,3%<\/td><td>2 773<\/td><td>6,9%<\/td><td>474<\/td><\/tr><tr><td>Sassenage<\/td><td>40 350<\/td><td>62,1%<\/td><td>3 246<\/td><td>8,0%<\/td><td>12 870<\/td><\/tr><tr><td>Vif<\/td><td>40 148<\/td><td>61,8%<\/td><td>3 001<\/td><td>7,5%<\/td><td>8 731<\/td><\/tr><tr><td>Notre-Dame-de-M\u00e9sage<\/td><td>39 713<\/td><td>66,2%<\/td><td>2 652<\/td><td>6,7%<\/td><td>1 048<\/td><\/tr><tr><td>Saint-Barth\u00e9lemy-de-S\u00e9chilienne<\/td><td>39 409<\/td><td>59,4%<\/td><td>2 623<\/td><td>6,7%<\/td><td>341<\/td><\/tr><tr><td>Saint-Pierre-de-M\u00e9sage<\/td><td>38 999<\/td><td>64,2%<\/td><td>2 464<\/td><td>6,3%<\/td><td>646<\/td><\/tr><tr><td>Le Gua<\/td><td>38 124<\/td><td>61,1%<\/td><td>2 486<\/td><td>6,5%<\/td><td>1 576<\/td><\/tr><tr><td>Grenoble<\/td><td>37 150<\/td><td>50,8%<\/td><td>3 352<\/td><td>9,0%<\/td><td>161 637<\/td><\/tr><tr><td>Dom\u00e8ne<\/td><td>36 352<\/td><td>56,6%<\/td><td>2 612<\/td><td>7,2%<\/td><td>5 589<\/td><\/tr><tr><td>Eybens<\/td><td>36 144<\/td><td>57,5%<\/td><td>3 398<\/td><td>9,4%<\/td><td>11 260<\/td><\/tr><tr><td>Champ-sur-Drac<\/td><td>35 582<\/td><td>59,4%<\/td><td>2 295<\/td><td>6,4%<\/td><td>2 538<\/td><\/tr><tr><td>S\u00e9chilienne<\/td><td>35 475<\/td><td>57,4%<\/td><td>2 198<\/td><td>6,2%<\/td><td>714<\/td><\/tr><tr><td>Saint-Martin-d&rsquo;H\u00e8res<\/td><td>32 747<\/td><td>47,3%<\/td><td>2 201<\/td><td>6,7%<\/td><td>18 860<\/td><\/tr><tr><td>\u00c9chirolles<\/td><td>32 335<\/td><td>43,4%<\/td><td>2 045<\/td><td>6,3%<\/td><td>17 932<\/td><\/tr><tr><td>Vizille<\/td><td>31 906<\/td><td>49,3%<\/td><td>1 816<\/td><td>5,7%<\/td><td>3 961<\/td><\/tr><tr><td>Fontaine<\/td><td>31 659<\/td><td>46,1%<\/td><td>2 023<\/td><td>6,4%<\/td><td>12 444<\/td><\/tr><tr><td>Le Pont-de-Claix<\/td><td>29 403<\/td><td>45,1%<\/td><td>1 602<\/td><td>5,4%<\/td><td>4 254<\/td><\/tr><tr><td><strong>TOTAL M\u00e9tro<\/strong><\/td><td><strong>40 910<\/strong><\/td><td><strong>54,5%<\/strong><\/td><td><strong>3 706<\/strong><\/td><td><strong>9,1%<\/strong><\/td><td><strong>511 636<\/strong><\/td><\/tr><\/tbody><\/table><\/figure>\n","protected":false},"excerpt":{"rendered":"<p>Depuis la r\u00e9forme de la fiscalit\u00e9 locale notamment par la diminution de la TH, les contribuables grenoblois paient davantage d\u2019imp\u00f4ts sur le revenu que d\u2019imp\u00f4ts locaux. Les Grenoblois en tant que contribuables nationaux, ont pay\u00e9 environ 162 M\u20ac d\u2019imp\u00f4ts sur les revenus, en 2020, par contre les contribuables&nbsp;locaux (m\u00e9nages et personnes morales) \u00e0 la ville [&hellip;]<\/p>\n","protected":false},"author":1,"featured_media":18803,"comment_status":"closed","ping_status":"open","sticky":false,"template":"","format":"standard","meta":{"twitterCardType":"","cardImageID":0,"cardImage":"","cardTitle":"","cardDesc":"","cardImageAlt":"","cardPlayer":"","cardPlayerWidth":0,"cardPlayerHeight":0,"cardPlayerStream":"","cardPlayerCodec":"","footnotes":""},"categories":[11],"tags":[19],"class_list":["post-19958","post","type-post","status-publish","format-standard","has-post-thumbnail","hentry","category-politique-locale","tag-impots"],"_links":{"self":[{"href":"https:\/\/www.ades-grenoble.org\/wordpress\/wp-json\/wp\/v2\/posts\/19958","targetHints":{"allow":["GET"]}}],"collection":[{"href":"https:\/\/www.ades-grenoble.org\/wordpress\/wp-json\/wp\/v2\/posts"}],"about":[{"href":"https:\/\/www.ades-grenoble.org\/wordpress\/wp-json\/wp\/v2\/types\/post"}],"author":[{"embeddable":true,"href":"https:\/\/www.ades-grenoble.org\/wordpress\/wp-json\/wp\/v2\/users\/1"}],"replies":[{"embeddable":true,"href":"https:\/\/www.ades-grenoble.org\/wordpress\/wp-json\/wp\/v2\/comments?post=19958"}],"version-history":[{"count":5,"href":"https:\/\/www.ades-grenoble.org\/wordpress\/wp-json\/wp\/v2\/posts\/19958\/revisions"}],"predecessor-version":[{"id":19996,"href":"https:\/\/www.ades-grenoble.org\/wordpress\/wp-json\/wp\/v2\/posts\/19958\/revisions\/19996"}],"wp:featuredmedia":[{"embeddable":true,"href":"https:\/\/www.ades-grenoble.org\/wordpress\/wp-json\/wp\/v2\/media\/18803"}],"wp:attachment":[{"href":"https:\/\/www.ades-grenoble.org\/wordpress\/wp-json\/wp\/v2\/media?parent=19958"}],"wp:term":[{"taxonomy":"category","embeddable":true,"href":"https:\/\/www.ades-grenoble.org\/wordpress\/wp-json\/wp\/v2\/categories?post=19958"},{"taxonomy":"post_tag","embeddable":true,"href":"https:\/\/www.ades-grenoble.org\/wordpress\/wp-json\/wp\/v2\/tags?post=19958"}],"curies":[{"name":"wp","href":"https:\/\/api.w.org\/{rel}","templated":true}]}}