{"id":19963,"date":"2022-03-04T19:43:32","date_gmt":"2022-03-04T18:43:32","guid":{"rendered":"https:\/\/www.ades-grenoble.org\/wordpress\/?p=19963"},"modified":"2022-03-04T20:35:05","modified_gmt":"2022-03-04T19:35:05","slug":"politique-politicienne-256","status":"publish","type":"post","link":"https:\/\/www.ades-grenoble.org\/wordpress\/2022\/03\/04\/politique-politicienne-256\/","title":{"rendered":"Politique politicienne"},"content":{"rendered":"\n<div class=\"wp-block-image\"><figure class=\"alignleft size-large\"><img loading=\"lazy\" decoding=\"async\" width=\"200\" height=\"234\" src=\"https:\/\/www.ades-grenoble.org\/wordpress\/wp-content\/uploads\/2015\/01\/fou1.png\" alt=\"fou\" class=\"wp-image-9634\" srcset=\"https:\/\/www.ades-grenoble.org\/wordpress\/wp-content\/uploads\/2015\/01\/fou1.png 200w, https:\/\/www.ades-grenoble.org\/wordpress\/wp-content\/uploads\/2015\/01\/fou1-128x150.png 128w\" sizes=\"auto, (max-width: 200px) 100vw, 200px\" \/><\/figure><\/div>\n\n\n\n<p>Les oppositions municipales qui avaient demand\u00e9 au pr\u00e9fet d\u2019examiner la sinc\u00e9rit\u00e9 et l\u2019\u00e9quilibre du budget 2022 de la ville de Grenoble qu\u2019elles estimaient irr\u00e9gulier ont \u00e9t\u00e9 renvoy\u00e9es \u00e0 leurs ch\u00e8res \u00e9tudes. La r\u00e9ponse du pr\u00e9fet a \u00e9t\u00e9 un rappel aux r\u00e8gles \u00e0 suivre pour l\u2019\u00e9laboration d\u2019un budget\u00a0; pour lui la majorit\u00e9 municipale a respect\u00e9 ces r\u00e8gles. Elle poursuivra leur stricte application durant le mandat, notamment durant l\u2019ann\u00e9e 2022, o\u00f9 elle prendra les d\u00e9cisions modificatives budg\u00e9taires qui pourraient s\u2019imposer si les recettes attendues n\u2019arrivent pas. Bilan, les oppositions devront r\u00e9viser les r\u00e8gles d\u2019un budget communal, elles ont encore une fois, d\u00e9montr\u00e9 leur incomp\u00e9tence \u00e0 ce sujet.<\/p>\n","protected":false},"excerpt":{"rendered":"<p>Les oppositions municipales qui avaient demand\u00e9 au pr\u00e9fet d\u2019examiner la sinc\u00e9rit\u00e9 et l\u2019\u00e9quilibre du budget 2022 de la ville de Grenoble qu\u2019elles estimaient irr\u00e9gulier ont \u00e9t\u00e9 renvoy\u00e9es \u00e0 leurs ch\u00e8res \u00e9tudes. La r\u00e9ponse du pr\u00e9fet a \u00e9t\u00e9 un rappel aux r\u00e8gles \u00e0 suivre pour l\u2019\u00e9laboration d\u2019un budget\u00a0; pour lui la majorit\u00e9 municipale a respect\u00e9 ces [&hellip;]<\/p>\n","protected":false},"author":1,"featured_media":9634,"comment_status":"closed","ping_status":"open","sticky":false,"template":"","format":"standard","meta":{"twitterCardType":"","cardImageID":0,"cardImage":"","cardTitle":"","cardDesc":"","cardImageAlt":"","cardPlayer":"","cardPlayerWidth":0,"cardPlayerHeight":0,"cardPlayerStream":"","cardPlayerCodec":"","footnotes":""},"categories":[11],"tags":[138],"class_list":["post-19963","post","type-post","status-publish","format-standard","has-post-thumbnail","hentry","category-politique-locale","tag-finances"],"_links":{"self":[{"href":"https:\/\/www.ades-grenoble.org\/wordpress\/wp-json\/wp\/v2\/posts\/19963","targetHints":{"allow":["GET"]}}],"collection":[{"href":"https:\/\/www.ades-grenoble.org\/wordpress\/wp-json\/wp\/v2\/posts"}],"about":[{"href":"https:\/\/www.ades-grenoble.org\/wordpress\/wp-json\/wp\/v2\/types\/post"}],"author":[{"embeddable":true,"href":"https:\/\/www.ades-grenoble.org\/wordpress\/wp-json\/wp\/v2\/users\/1"}],"replies":[{"embeddable":true,"href":"https:\/\/www.ades-grenoble.org\/wordpress\/wp-json\/wp\/v2\/comments?post=19963"}],"version-history":[{"count":2,"href":"https:\/\/www.ades-grenoble.org\/wordpress\/wp-json\/wp\/v2\/posts\/19963\/revisions"}],"predecessor-version":[{"id":19995,"href":"https:\/\/www.ades-grenoble.org\/wordpress\/wp-json\/wp\/v2\/posts\/19963\/revisions\/19995"}],"wp:featuredmedia":[{"embeddable":true,"href":"https:\/\/www.ades-grenoble.org\/wordpress\/wp-json\/wp\/v2\/media\/9634"}],"wp:attachment":[{"href":"https:\/\/www.ades-grenoble.org\/wordpress\/wp-json\/wp\/v2\/media?parent=19963"}],"wp:term":[{"taxonomy":"category","embeddable":true,"href":"https:\/\/www.ades-grenoble.org\/wordpress\/wp-json\/wp\/v2\/categories?post=19963"},{"taxonomy":"post_tag","embeddable":true,"href":"https:\/\/www.ades-grenoble.org\/wordpress\/wp-json\/wp\/v2\/tags?post=19963"}],"curies":[{"name":"wp","href":"https:\/\/api.w.org\/{rel}","templated":true}]}}