{"id":19965,"date":"2022-03-04T20:25:51","date_gmt":"2022-03-04T19:25:51","guid":{"rendered":"https:\/\/www.ades-grenoble.org\/wordpress\/?p=19965"},"modified":"2022-03-04T20:37:40","modified_gmt":"2022-03-04T19:37:40","slug":"agenda-185","status":"publish","type":"post","link":"https:\/\/www.ades-grenoble.org\/wordpress\/2022\/03\/04\/agenda-185\/","title":{"rendered":"Agenda"},"content":{"rendered":"\n<div class=\"wp-block-image\"><figure class=\"alignleft size-large\"><img loading=\"lazy\" decoding=\"async\" width=\"380\" height=\"253\" src=\"https:\/\/www.ades-grenoble.org\/wordpress\/wp-content\/uploads\/2022\/02\/DrapeauUkraine.jpg\" alt=\"\" class=\"wp-image-19913\" srcset=\"https:\/\/www.ades-grenoble.org\/wordpress\/wp-content\/uploads\/2022\/02\/DrapeauUkraine.jpg 380w, https:\/\/www.ades-grenoble.org\/wordpress\/wp-content\/uploads\/2022\/02\/DrapeauUkraine-300x200.jpg 300w, https:\/\/www.ades-grenoble.org\/wordpress\/wp-content\/uploads\/2022\/02\/DrapeauUkraine-150x100.jpg 150w\" sizes=\"auto, (max-width: 380px) 100vw, 380px\" \/><\/figure><\/div>\n\n\n\n<p><strong>Samedi 5 mars \u00e0 15 h rassemblement contre la guerre en Ukraine, place F\u00e9lix Poulat \u00e0 Grenoble<\/strong><\/p>\n\n\n\n<p><strong>Marche climat samedi 12 mars d\u00e9part \u00e0 14h de la gare de Grenoble<\/strong>. Dans toute la France des marches pour le climat et la justice sociale. Pour rappel sont organis\u00e9es pour rappeler aux candidats, aux m\u00e9dias et aux citoyens l\u2019ordre des priorit\u00e9s et faire de 2022 l\u2019ann\u00e9e o\u00f9 la France a enfin pris le chemin d\u2019un avenir juste et soutenable pour toutes et tous. <\/p>\n","protected":false},"excerpt":{"rendered":"<p>Samedi 5 mars \u00e0 15 h rassemblement contre la guerre en Ukraine, place F\u00e9lix Poulat \u00e0 Grenoble Marche climat samedi 12 mars d\u00e9part \u00e0 14h de la gare de Grenoble. Dans toute la France des marches pour le climat et la justice sociale. Pour rappel sont organis\u00e9es pour rappeler aux candidats, aux m\u00e9dias et aux [&hellip;]<\/p>\n","protected":false},"author":1,"featured_media":19913,"comment_status":"closed","ping_status":"open","sticky":false,"template":"","format":"standard","meta":{"twitterCardType":"","cardImageID":0,"cardImage":"","cardTitle":"","cardDesc":"","cardImageAlt":"","cardPlayer":"","cardPlayerWidth":0,"cardPlayerHeight":0,"cardPlayerStream":"","cardPlayerCodec":"","footnotes":""},"categories":[10],"tags":[223,382],"class_list":["post-19965","post","type-post","status-publish","format-standard","has-post-thumbnail","hentry","category-autres-dossiers","tag-climat","tag-ukraine"],"_links":{"self":[{"href":"https:\/\/www.ades-grenoble.org\/wordpress\/wp-json\/wp\/v2\/posts\/19965","targetHints":{"allow":["GET"]}}],"collection":[{"href":"https:\/\/www.ades-grenoble.org\/wordpress\/wp-json\/wp\/v2\/posts"}],"about":[{"href":"https:\/\/www.ades-grenoble.org\/wordpress\/wp-json\/wp\/v2\/types\/post"}],"author":[{"embeddable":true,"href":"https:\/\/www.ades-grenoble.org\/wordpress\/wp-json\/wp\/v2\/users\/1"}],"replies":[{"embeddable":true,"href":"https:\/\/www.ades-grenoble.org\/wordpress\/wp-json\/wp\/v2\/comments?post=19965"}],"version-history":[{"count":4,"href":"https:\/\/www.ades-grenoble.org\/wordpress\/wp-json\/wp\/v2\/posts\/19965\/revisions"}],"predecessor-version":[{"id":19999,"href":"https:\/\/www.ades-grenoble.org\/wordpress\/wp-json\/wp\/v2\/posts\/19965\/revisions\/19999"}],"wp:featuredmedia":[{"embeddable":true,"href":"https:\/\/www.ades-grenoble.org\/wordpress\/wp-json\/wp\/v2\/media\/19913"}],"wp:attachment":[{"href":"https:\/\/www.ades-grenoble.org\/wordpress\/wp-json\/wp\/v2\/media?parent=19965"}],"wp:term":[{"taxonomy":"category","embeddable":true,"href":"https:\/\/www.ades-grenoble.org\/wordpress\/wp-json\/wp\/v2\/categories?post=19965"},{"taxonomy":"post_tag","embeddable":true,"href":"https:\/\/www.ades-grenoble.org\/wordpress\/wp-json\/wp\/v2\/tags?post=19965"}],"curies":[{"name":"wp","href":"https:\/\/api.w.org\/{rel}","templated":true}]}}