{"id":20018,"date":"2022-03-11T08:34:05","date_gmt":"2022-03-11T07:34:05","guid":{"rendered":"https:\/\/www.ades-grenoble.org\/wordpress\/?p=20018"},"modified":"2022-03-11T08:59:31","modified_gmt":"2022-03-11T07:59:31","slug":"pour-de-veritables-politiques-locales-de-securite-et-de-prevention","status":"publish","type":"post","link":"https:\/\/www.ades-grenoble.org\/wordpress\/2022\/03\/11\/pour-de-veritables-politiques-locales-de-securite-et-de-prevention\/","title":{"rendered":"Pour de v\u00e9ritables politiques locales de s\u00e9curit\u00e9 et de pr\u00e9vention"},"content":{"rendered":"\n<div class=\"wp-block-image is-style-default\"><figure class=\"alignleft size-large\"><img loading=\"lazy\" decoding=\"async\" width=\"240\" height=\"120\" src=\"https:\/\/www.ades-grenoble.org\/wordpress\/wp-content\/uploads\/2016\/02\/france-urbaine.jpg\" alt=\"logo France Urbaine\" class=\"wp-image-11270\" srcset=\"https:\/\/www.ades-grenoble.org\/wordpress\/wp-content\/uploads\/2016\/02\/france-urbaine.jpg 240w, https:\/\/www.ades-grenoble.org\/wordpress\/wp-content\/uploads\/2016\/02\/france-urbaine-150x75.jpg 150w\" sizes=\"auto, (max-width: 240px) 100vw, 240px\" \/><\/figure><\/div>\n\n\n\n<p>C\u2019est le titre de <a href=\"https:\/\/franceurbaine.org\/publications\/pour-de-veritables-politiques-locales-de-securite-et-de-prevention-contribution-de\" target=\"_blank\" rel=\"noreferrer noopener\">la contribution transmise aux candidats \u00e0 l\u2019\u00e9lection pr\u00e9sidentielle par l\u2019association France urbaine<\/a> (\u00e9lu-es des grandes villes et m\u00e9tropoles) ; elle comprend 40 propositions concr\u00e8tes \u00e9labor\u00e9e lors de ses assises de la s\u00e9curit\u00e9 tenues le 3 mars. Les propositions concernent\u00a0: les polices municipales, la lutte contre les radicalit\u00e9s violentes, le partenariat avec l\u2019institution judiciaire et les politiques de pr\u00e9vention.<\/p>\n\n\n\n<p>Suite au Beauvau de la s\u00e9curit\u00e9 que les associations d\u2019\u00e9lus ont trouv\u00e9 d\u00e9cevant, l\u2019association demande une clarification des comp\u00e9tence des forces de s\u00e9curit\u00e9 et des proc\u00e9dures, d\u2019officialiser les relations entre la justice et la police (ce que l\u2019action du garde des Sceaux en mati\u00e8re de justice de proximit\u00e9 n\u2019a pas permis), de red\u00e9finir les proc\u00e9dures relatives au secret partag\u00e9 et \u00e0 l\u2019instruction, d\u2019augmenter les moyens d\u00e9di\u00e9s \u00e0 la pr\u00e9vention (en portant les cr\u00e9dits du FIPD \u00e0 140 millions d\u2019euros par an, contre 80 millions d&rsquo;euros en 2022, avec des engagements pluriannuels), de d\u00e9velopper une approche globale des politiques de s\u00e9curit\u00e9 en faveur de la coh\u00e9sion sociale.<\/p>\n\n\n\n<!--more-->\n\n\n\n<p>S\u2019agissant des polices municipales, France urbaine met en garde contre un transfert de comp\u00e9tences entre police nationale et police municipale. Cette probl\u00e9matique pr\u00e9occupe de nombreux \u00e9lus, notamment depuis l\u2019accroissement de l\u2019importance du r\u00f4le des polices municipales avec la loi s\u00e9curit\u00e9 globale. Au niveau local, l\u2019association r\u00e9it\u00e8re une demande ancienne&nbsp;: donner aux maires une plus grande visibilit\u00e9 sur la r\u00e9partition des effectifs de police nationale pr\u00e9sents sur le terrain et une plus grande transparence concernant les crit\u00e8res appliqu\u00e9s selon les territoires. Le but \u00e9tant d\u2019offrir aux maires les outils n\u00e9cessaires pour jouer au mieux leurs r\u00f4les.<\/p>\n\n\n\n<p>A propos de la lutte contre les radicalit\u00e9s violentes, France urbaine met en avant la n\u00e9cessit\u00e9 d\u2019\u00e9tudier ce ph\u00e9nom\u00e8ne de mani\u00e8re transversale, elle propose de mettre en place au niveau national et local des \u00e9tudes du ph\u00e9nom\u00e8ne d\u2019augmentation de la violence notamment par le biais de donn\u00e9es et d\u2019indicateurs \u00e0 travailler dans les diff\u00e9rentes instances de coordination notamment le Conseil local de s\u00e9curit\u00e9 et de pr\u00e9vention de la d\u00e9linquance<\/p>\n\n\n\n<p>(CLSPD) et m\u00eame de cr\u00e9er un observatoire des nouvelles formes de radicalit\u00e9 violente&nbsp;: mouvements identitaires, mouvements sociaux, trafics de stup\u00e9fiants\u2026 Sans oublier la formation des agents et \u00e9lus \u00e0 ces ph\u00e9nom\u00e8nes violents.<\/p>\n\n\n\n<p>France urbaine souhaite am\u00e9liorer les relations entre les \u00e9lus locaux et l\u2019institution judiciaire, modifier les proc\u00e9dures li\u00e9es au secret partag\u00e9 pour faire du maire un pilier de la cha\u00eene p\u00e9nale, et d\u00e9truire le mur qui existe entre justice et acteurs locaux. Il est propos\u00e9 de rendre obligatoire et durable la mise \u00e0 disposition dans chaque parquet d\u2019un charg\u00e9 de mission\/interlocuteur d\u00e9di\u00e9 aux collectivit\u00e9s, et l\u2019implication obligatoire du parquet en dehors des assembl\u00e9es pl\u00e9ni\u00e8res des CLSPD afin d\u2019int\u00e9grer pleinement l\u2019institution judiciaire aux actions de pr\u00e9vention. \u00bb&nbsp;<\/p>\n\n\n\n<p>Pour faire de la pr\u00e9vention un sujet prioritaire, France Urbaine fait 16 propositions. Les actions de pr\u00e9vention doivent jouer un r\u00f4le d\u00e9terminant pour la qualit\u00e9 de vie d\u2019un territoire et le bien-\u00eatre des citoyens. Elle propose l\u2019augmentation et l\u2019adaptation des moyens humains et financiers pour les acteurs de la pr\u00e9vention, notamment dans le secteur m\u00e9dico-social, et via la refonte du Fonds Interminist\u00e9riel de Pr\u00e9vention de la D\u00e9linquance (FIPD) tant dans son montant que ses modalit\u00e9s d\u2019attribution. France urbaine demande \u00e0 ce que les actions de pr\u00e9vention men\u00e9es par les collectivit\u00e9s &#8211; notamment par les grandes villes- soient reconnues. Selon l\u2019association, il faudrait\u00a0\u00ab faire conna\u00eetre les dispositifs existants via un annuaire territorialis\u00e9, accessible aux services et aux citoyens\u00a0\u00bb.<\/p>\n","protected":false},"excerpt":{"rendered":"<p>C\u2019est le titre de la contribution transmise aux candidats \u00e0 l\u2019\u00e9lection pr\u00e9sidentielle par l\u2019association France urbaine (\u00e9lu-es des grandes villes et m\u00e9tropoles) ; elle comprend 40 propositions concr\u00e8tes \u00e9labor\u00e9e lors de ses assises de la s\u00e9curit\u00e9 tenues le 3 mars. Les propositions concernent\u00a0: les polices municipales, la lutte contre les radicalit\u00e9s violentes, le partenariat avec [&hellip;]<\/p>\n","protected":false},"author":1,"featured_media":0,"comment_status":"closed","ping_status":"open","sticky":false,"template":"","format":"standard","meta":{"twitterCardType":"","cardImageID":0,"cardImage":"","cardTitle":"","cardDesc":"","cardImageAlt":"","cardPlayer":"","cardPlayerWidth":0,"cardPlayerHeight":0,"cardPlayerStream":"","cardPlayerCodec":"","footnotes":""},"categories":[62,11],"tags":[256,76,131],"class_list":["post-20018","post","type-post","status-publish","format-standard","hentry","category-le-rouge-le-vert-hebdo","category-politique-locale","tag-prevention","tag-securite","tag-tranquilite-publique"],"_links":{"self":[{"href":"https:\/\/www.ades-grenoble.org\/wordpress\/wp-json\/wp\/v2\/posts\/20018","targetHints":{"allow":["GET"]}}],"collection":[{"href":"https:\/\/www.ades-grenoble.org\/wordpress\/wp-json\/wp\/v2\/posts"}],"about":[{"href":"https:\/\/www.ades-grenoble.org\/wordpress\/wp-json\/wp\/v2\/types\/post"}],"author":[{"embeddable":true,"href":"https:\/\/www.ades-grenoble.org\/wordpress\/wp-json\/wp\/v2\/users\/1"}],"replies":[{"embeddable":true,"href":"https:\/\/www.ades-grenoble.org\/wordpress\/wp-json\/wp\/v2\/comments?post=20018"}],"version-history":[{"count":1,"href":"https:\/\/www.ades-grenoble.org\/wordpress\/wp-json\/wp\/v2\/posts\/20018\/revisions"}],"predecessor-version":[{"id":20019,"href":"https:\/\/www.ades-grenoble.org\/wordpress\/wp-json\/wp\/v2\/posts\/20018\/revisions\/20019"}],"wp:attachment":[{"href":"https:\/\/www.ades-grenoble.org\/wordpress\/wp-json\/wp\/v2\/media?parent=20018"}],"wp:term":[{"taxonomy":"category","embeddable":true,"href":"https:\/\/www.ades-grenoble.org\/wordpress\/wp-json\/wp\/v2\/categories?post=20018"},{"taxonomy":"post_tag","embeddable":true,"href":"https:\/\/www.ades-grenoble.org\/wordpress\/wp-json\/wp\/v2\/tags?post=20018"}],"curies":[{"name":"wp","href":"https:\/\/api.w.org\/{rel}","templated":true}]}}