{"id":20020,"date":"2022-03-11T08:36:33","date_gmt":"2022-03-11T07:36:33","guid":{"rendered":"https:\/\/www.ades-grenoble.org\/wordpress\/?p=20020"},"modified":"2022-03-11T09:01:29","modified_gmt":"2022-03-11T08:01:29","slug":"lassociation-point-deau-a-demenage-a-lile-verte-dans-son-nouveau-local","status":"publish","type":"post","link":"https:\/\/www.ades-grenoble.org\/wordpress\/2022\/03\/11\/lassociation-point-deau-a-demenage-a-lile-verte-dans-son-nouveau-local\/","title":{"rendered":"L\u2019association \u00ab Point d\u2019eau \u00bb a d\u00e9m\u00e9nag\u00e9 \u00e0 l\u2019Ile Verte dans son nouveau local"},"content":{"rendered":"\n<div class=\"wp-block-image is-style-default\"><figure class=\"alignleft size-large\"><img loading=\"lazy\" decoding=\"async\" width=\"380\" height=\"349\" src=\"https:\/\/www.ades-grenoble.org\/wordpress\/wp-content\/uploads\/2021\/06\/PointdEau.jpg\" alt=\"\" class=\"wp-image-18916\" srcset=\"https:\/\/www.ades-grenoble.org\/wordpress\/wp-content\/uploads\/2021\/06\/PointdEau.jpg 380w, https:\/\/www.ades-grenoble.org\/wordpress\/wp-content\/uploads\/2021\/06\/PointdEau-300x276.jpg 300w, https:\/\/www.ades-grenoble.org\/wordpress\/wp-content\/uploads\/2021\/06\/PointdEau-150x138.jpg 150w\" sizes=\"auto, (max-width: 380px) 100vw, 380px\" \/><\/figure><\/div>\n\n\n\n<p>Le 4 mars, les nouveaux locaux de <a href=\"https:\/\/www.pointdeau.org\/\" target=\"_blank\" rel=\"noreferrer noopener\">l&rsquo;association Point d&rsquo;eau<\/a>, 9, rue Joseph Fran\u00e7ois Girot \u00e0 l\u2019Ile Verte, ont \u00e9t\u00e9 inaugur\u00e9s par le maire de Grenoble, le pr\u00e9sident de la M\u00e9tro et le ministre de la sant\u00e9. Il s\u2019agit d\u2019une reconnaissance importante du travail accompli depuis 30 ans en faveur des citoyens les plus d\u00e9munis.<\/p>\n\n\n\n<p>Point d\u2019eau est pass\u00e9 de 180 m2 dans ses anciens locaux de la rue Blanche Monier, \u00e0 500 m2 aujourd&rsquo;hui. L\u2019ancienne permanence \u00e9tait dimensionn\u00e9e pour accueillir 30 personnes par semaine avec un b\u00e9n\u00e9vole et un salari\u00e9, or il en accueillait 150 gr\u00e2ce \u00e0 60 b\u00e9n\u00e9voles et dix salari\u00e9s, ce qui devenait insupportable<\/p>\n\n\n\n<p>Gr\u00e2ce \u00e0 ce nouvel espace, l&rsquo;association a \u00e9galement ouvert un chantier d&rsquo;insertion sur la base d&rsquo;une cuisine. Neuf b\u00e9n\u00e9ficiaires de l&rsquo;association sont embauch\u00e9s au Smic, 26h par semaine, pour pr\u00e9parer des repas \u00e9cologiques et solidaires que tout un chacun peut commander pour le repas de midi. De quoi remettre un pied dans la vie active et raccrocher au droit commun, deux piliers fondamentaux de l&rsquo;association.<\/p>\n","protected":false},"excerpt":{"rendered":"<p>Le 4 mars, les nouveaux locaux de l&rsquo;association Point d&rsquo;eau, 9, rue Joseph Fran\u00e7ois Girot \u00e0 l\u2019Ile Verte, ont \u00e9t\u00e9 inaugur\u00e9s par le maire de Grenoble, le pr\u00e9sident de la M\u00e9tro et le ministre de la sant\u00e9. Il s\u2019agit d\u2019une reconnaissance importante du travail accompli depuis 30 ans en faveur des citoyens les plus d\u00e9munis. [&hellip;]<\/p>\n","protected":false},"author":1,"featured_media":0,"comment_status":"closed","ping_status":"open","sticky":false,"template":"","format":"standard","meta":{"twitterCardType":"","cardImageID":0,"cardImage":"","cardTitle":"","cardDesc":"","cardImageAlt":"","cardPlayer":"","cardPlayerWidth":0,"cardPlayerHeight":0,"cardPlayerStream":"","cardPlayerCodec":"","footnotes":""},"categories":[62,11],"tags":[215,181,182],"class_list":["post-20020","post","type-post","status-publish","format-standard","hentry","category-le-rouge-le-vert-hebdo","category-politique-locale","tag-grenoble","tag-precarite","tag-solidarite"],"_links":{"self":[{"href":"https:\/\/www.ades-grenoble.org\/wordpress\/wp-json\/wp\/v2\/posts\/20020","targetHints":{"allow":["GET"]}}],"collection":[{"href":"https:\/\/www.ades-grenoble.org\/wordpress\/wp-json\/wp\/v2\/posts"}],"about":[{"href":"https:\/\/www.ades-grenoble.org\/wordpress\/wp-json\/wp\/v2\/types\/post"}],"author":[{"embeddable":true,"href":"https:\/\/www.ades-grenoble.org\/wordpress\/wp-json\/wp\/v2\/users\/1"}],"replies":[{"embeddable":true,"href":"https:\/\/www.ades-grenoble.org\/wordpress\/wp-json\/wp\/v2\/comments?post=20020"}],"version-history":[{"count":1,"href":"https:\/\/www.ades-grenoble.org\/wordpress\/wp-json\/wp\/v2\/posts\/20020\/revisions"}],"predecessor-version":[{"id":20021,"href":"https:\/\/www.ades-grenoble.org\/wordpress\/wp-json\/wp\/v2\/posts\/20020\/revisions\/20021"}],"wp:attachment":[{"href":"https:\/\/www.ades-grenoble.org\/wordpress\/wp-json\/wp\/v2\/media?parent=20020"}],"wp:term":[{"taxonomy":"category","embeddable":true,"href":"https:\/\/www.ades-grenoble.org\/wordpress\/wp-json\/wp\/v2\/categories?post=20020"},{"taxonomy":"post_tag","embeddable":true,"href":"https:\/\/www.ades-grenoble.org\/wordpress\/wp-json\/wp\/v2\/tags?post=20020"}],"curies":[{"name":"wp","href":"https:\/\/api.w.org\/{rel}","templated":true}]}}